{"id":610846,"date":"2025-11-29T11:53:12","date_gmt":"2025-11-29T11:53:12","guid":{"rendered":"https:\/\/www.europesays.com\/de\/610846\/"},"modified":"2025-11-29T11:53:12","modified_gmt":"2025-11-29T11:53:12","slug":"4-in-crimmitschau-verpatzte-generalprobe-vor-dem-derby","status":"publish","type":"post","link":"https:\/\/www.europesays.com\/de\/610846\/","title":{"rendered":"4 in Crimmitschau \u2013 verpatzte Generalprobe vor dem Derby"},"content":{"rendered":"<p class=\"text_ohne_einzug richtext text-em-55 !leading-serif mx-6 desktop:mx-0\">Rich Chernomaz hatte noch gewarnt. \u201eDas ist wahrscheinlich eine der besten Reihen der Liga\u201c, sagte der Trainer der D\u00fcsseldorfer EG und meinte damit Corey Mackin, Dylan Wruck und Dominic Walsh. Wobei er sich das \u201ewahrscheinlich\u201c h\u00e4tte sparen k\u00f6nnen, die drei St\u00fcrmer der Eispiraten Crimmitschau stehen allesamt unter den besten zehn Scorern der zweiten Deutschen Eishockey-Liga (DEL2). Allerdings hat nun auch die DEG eine Topreihe, seitdem Chernomaz Ture Linden, Yushiroh Hirano und Erik Bradford zusammengepackt hat. Auch die geh\u00f6ren jeweils zu den besten Punktesammlern der Liga.<\/p>\n","protected":false},"excerpt":{"rendered":"Rich Chernomaz hatte noch gewarnt. \u201eDas ist wahrscheinlich eine der besten Reihen der Liga\u201c, sagte der Trainer der&hellip;\n","protected":false},"author":2,"featured_media":610847,"comment_status":"","ping_status":"","sticky":false,"template":"","format":"standard","meta":{"footnotes":""},"categories":[5],"tags":[331,332,51814,3364,29,30,13,14,15,12,117849],"class_list":{"0":"post-610846","1":"post","2":"type-post","3":"status-publish","4":"format-standard","5":"has-post-thumbnail","7":"category-nachrichten","8":"tag-aktuelle-nachrichten","9":"tag-aktuelle-news","10":"tag-bernd","11":"tag-de","12":"tag-deutschland","13":"tag-germany","14":"tag-headlines","15":"tag-nachrichten","16":"tag-news","17":"tag-schlagzeilen","18":"tag-schwickerath"},"share_on_mastodon":{"url":"https:\/\/pubeurope.com\/@de\/115632852797675258","error":""},"_links":{"self":[{"href":"https:\/\/www.europesays.com\/de\/wp-json\/wp\/v2\/posts\/610846","targetHints":{"allow":["GET"]}}],"collection":[{"href":"https:\/\/www.europesays.com\/de\/wp-json\/wp\/v2\/posts"}],"about":[{"href":"https:\/\/www.europesays.com\/de\/wp-json\/wp\/v2\/types\/post"}],"author":[{"embeddable":true,"href":"https:\/\/www.europesays.com\/de\/wp-json\/wp\/v2\/users\/2"}],"replies":[{"embeddable":true,"href":"https:\/\/www.europesays.com\/de\/wp-json\/wp\/v2\/comments?post=610846"}],"version-history":[{"count":0,"href":"https:\/\/www.europesays.com\/de\/wp-json\/wp\/v2\/posts\/610846\/revisions"}],"wp:featuredmedia":[{"embeddable":true,"href":"https:\/\/www.europesays.com\/de\/wp-json\/wp\/v2\/media\/610847"}],"wp:attachment":[{"href":"https:\/\/www.europesays.com\/de\/wp-json\/wp\/v2\/media?parent=610846"}],"wp:term":[{"taxonomy":"category","embeddable":true,"href":"https:\/\/www.europesays.com\/de\/wp-json\/wp\/v2\/categories?post=610846"},{"taxonomy":"post_tag","embeddable":true,"href":"https:\/\/www.europesays.com\/de\/wp-json\/wp\/v2\/tags?post=610846"}],"curies":[{"name":"wp","href":"https:\/\/api.w.org\/{rel}","templated":true}]}}