{"id":610913,"date":"2025-11-29T12:33:15","date_gmt":"2025-11-29T12:33:15","guid":{"rendered":"https:\/\/www.europesays.com\/de\/610913\/"},"modified":"2025-11-29T12:33:15","modified_gmt":"2025-11-29T12:33:15","slug":"thomas-gottschalk-geht-in-tv-rente-darauf-freut-sich-karina-mross-besonders","status":"publish","type":"post","link":"https:\/\/www.europesays.com\/de\/610913\/","title":{"rendered":"Thomas Gottschalk geht in TV-Rente \u2013 darauf freut sich Karina Mro\u00df besonders"},"content":{"rendered":"<p>Letzte Show am 6. Dezember bei RTLThomas Gottschalk geht in TV-Rente \u2013 darauf freut sich Karina Mro\u00df besonders<img alt=\"Bambi-Verleihung 2025\" fetchpriority=\"high\" width=\"940\" height=\"529\" decoding=\"async\" data-nimg=\"1\" class=\"Image-module-scss-module__ad4lTq__image Picture-module-scss-module__qzG4NW__image\" style=\"color:transparent\"   src=\"https:\/\/www.europesays.com\/de\/wp-content\/uploads\/2025\/11\/bambi-verleihung-2025.webp.webp\"\/><\/p>\n<p>Karina Mro\u00df und Thomas Gottschalk haben im August 2024 nach sechs Jahren Beziehung geheiratet (Archivbild)<\/p>\n<p>Felix H\u00f6rhager\/dpa29. November 2025 um 10:59 Uhr<\/p>\n<p class=\"AnnotatedMarkup-module-scss-module__KC7sFW__paragraph\"><strong>Vorfreude ist die sch\u00f6nste Freude!<\/strong><br \/>Rund 50 Jahre lang war Thomas Gottschalk (75) aus dem deutschen Showgesch\u00e4ft nicht wegzudenken. Am 6. Dezember 2025 geht die Moderatoren-Legende in TV-Rente und ist zum letzten Mal in der RTL-Show \u201eDenn sie wissen nicht, was passiert\u201d zu sehen. Auf die Zeit danach freut sich ganz besonders seine Ehefrau Karina (63), wie sie im Gespr\u00e4ch mit RTL verr\u00e4t.<\/p>\n<p>Thomas Gottschalk tritt von der TV-B\u00fchne ab<\/p>\n<p class=\"AnnotatedMarkup-module-scss-module__KC7sFW__paragraph\">Karina Mro\u00df strahlt an <a href=\"https:\/\/www.rtl.de\/themen\/personen\/thomas-gottschalk-t7707.html\" target=\"_self\" rel=\"noopener\">Gottschalks<\/a> Seite bei der Verleihung des \u00f6sterreichischen TV-Preises Diamant-Romy am Freitag (28. November). Nur noch wenige Tage, dann wird sich der Showtitan aus dem TV-Gesch\u00e4ft zur\u00fcckziehen. Das hatte der 75-J\u00e4hrige im Mai live bei RTL angek\u00fcndigt: \u201eEs gibt immer einen Moment, wo man sagen kann: \u2018Das war\u2019s f\u00fcr mich am Samstagabend\u2019. Und dieser Tag ist heute gekommen. Ich werde am n\u00e4chsten Sonntag 75. und das ist f\u00fcr einen Moderator der Punkt wo man sagen sollte, man nimmt sich selber raus. [&#8230;] Ich verabschiede mich vom Samstagabend-Entertainment.\u201c<\/p>\n<p class=\"AnnotatedMarkup-module-scss-module__KC7sFW__paragraph\"><strong>Lese-Tipp:<\/strong> <a href=\"https:\/\/www.rtl.de\/unterhaltung\/stars\/thomas-und-karina-gottschalk-verraten-ihr-liebes-geheimnis-er-traegt-mich-durchs-leben-id2093155.html\" target=\"_self\" rel=\"noopener\">\u201eEr tr\u00e4gt mich durchs Leben!\u201d Die Gottschalks verraten ihr Liebes-Geheimnis<\/a><\/p>\n<p class=\"AnnotatedMarkup-module-scss-module__KC7sFW__paragraph\">Der gro\u00dfe Gottschalk tritt ab \u2013 und hat somit auch mehr Zeit f\u00fcr seine Frau. Seit 2019 sind die beiden ein Paar, 2024 heiraten sie auf Ibiza. \u201eUnheimlich\u201d freue sie sich auf die kommende Zeit, erkl\u00e4rt Karina Mro\u00df: <strong>\u201eAuf die Ruhe, auf die Zweisamkeit. Und einfach, dass wir so Sachen machen ohne Termindruck.\u201d<\/strong><\/p>\n<p>Nach Bambi-Eklat wieder auf der B\u00fchne! Gottschalk erntet Lacher statt BuhrufeAnzeige:<\/p>\n<p>Empfehlungen unserer Partner<\/p>\n<p>Thomas Gottschalk witzelt \u00fcber Ruhestand<img alt=\"Verleihung der Film- und Fernsehpreise \u00abRomy\u00bb in Kitzb\u00fchel\" fetchpriority=\"auto\" loading=\"lazy\" width=\"940\" height=\"529\" decoding=\"async\" data-nimg=\"1\" class=\"Image-module-scss-module__ad4lTq__image Picture-module-scss-module__qzG4NW__image\" style=\"color:transparent\"   src=\"https:\/\/www.europesays.com\/de\/wp-content\/uploads\/2025\/11\/verleihung-der-film-und-fernsehpreise-romy-in-kitzbuehel.webp.webp\"\/><\/p>\n<p>Zusammen auf dem roten Teppich wie hier bei einer Preisverleihung \u2013 das wird es bald nicht mehr so h\u00e4ufig geben<\/p>\n<p>Barbara Gindl\/APA\/dpa<\/p>\n<p class=\"AnnotatedMarkup-module-scss-module__KC7sFW__paragraph\">Gottschalk w\u00e4re nicht Gottschalk, w\u00fcrde er die ehrlichen Worte seiner Frau nicht humorvoll auffangen: \u201eIch hab wieder Sachen versprochen, die ich nicht halten werde: Ruhe und Beschaulichkeit. Ich wei\u00df aber noch nicht, ob wir das hinkriegen werden\u201d, schmunzelt der Moderator. <strong>Es schmerze ihn nicht, \u201emit 75 Jahren einen Schritt zu gehen, den andere sehr viel eher gehen m\u00fcssen\u201d<\/strong>. Im Interview mit Bunte hatte er bereits verraten, dass er sich voraussichtlich f\u00fcr ein Jahr aus der \u00d6ffentlichkeit zur\u00fcckziehen werde: \u201eWir wollen viel reisen\u201d. Aber vermutlich wird es kein Abschied f\u00fcr immer, so Gottschalk: \u201eDas hei\u00dft aber nicht, dass ich nie wieder einen Ton von mir gebe.\u201d<\/p>\n<p class=\"AnnotatedMarkup-module-scss-module__KC7sFW__paragraph\"><strong>Lese-Tipp:<\/strong> <a href=\"https:\/\/www.rtl.de\/unterhaltung\/stars\/thomas-gottschalk-freut-sich-ueber-neue-diamant-romy-hoffentlich-passiert-ihr-nichts-id30086161.html\" target=\"_self\" rel=\"noopener\">Thomas Gottschalk freut sich \u00fcber neue Diamant-Romy \u2013 hoffentlich passiert ihr nichts!<\/a><\/p>\n<p class=\"AnnotatedMarkup-module-scss-module__KC7sFW__paragraph\">Thomas Gottschalk ist einer der erfolgreichsten Showmaster im deutschen Fernsehen. Jahrelang moderierte er den ZDF-Showklassiker \u201eWetten, dass..?\u201d Zuletzt war er unter anderem regelm\u00e4\u00dfig gemeinsam mit Jauch (68) und Sch\u00f6neberger (51) am Samstagabend bei RTL zu sehen.<\/p>\n<p>\u201eDenn sie wissen nicht, was passiert\u201d bei RTL und auf RTL+<\/p>\n<p class=\"AnnotatedMarkup-module-scss-module__KC7sFW__paragraph\">Show verpasst? Kein Problem! \u201eDenn sie wissen nicht, was passiert\u201d k\u00f6nnt ihr jederzeit hier <a href=\"https:\/\/plus.rtl.de\/video-tv\/shows\/denn-sie-wissen-nicht-was-passiert-die-jauch-gottschalk-schoeneberger-show-803481?utm_campaign=textlink&amp;utm_source=rtl&amp;utm_medium=owned&amp;utm_term=denn-sie-wissen-nicht-was-passiert&amp;utm_content=30086374\" target=\"_blank\" rel=\"noopener\">auf RTL+ nachschauen<\/a>.<\/p>\n<p class=\"AnnotatedMarkup-module-scss-module__KC7sFW__paragraph\">Verwendete Quellen: eigene RTL-Recherche, dpa<\/p>\n","protected":false},"excerpt":{"rendered":"Letzte Show am 6. Dezember bei RTLThomas Gottschalk geht in TV-Rente \u2013 darauf freut sich Karina Mro\u00df besonders&hellip;\n","protected":false},"author":2,"featured_media":610914,"comment_status":"","ping_status":"","sticky":false,"template":"","format":"standard","meta":{"footnotes":""},"categories":[1776],"tags":[1801,145221,29,143739,214,108958,30,68919,9290,143737,1433,143738,5276,1802,2045,379,12,5275,2708,8266,215,143736,145222],"class_list":{"0":"post-610913","1":"post","2":"type-post","3":"status-publish","4":"format-standard","5":"has-post-thumbnail","7":"category-prominente","8":"tag-celebrities","9":"tag-denn-sie-wissen-nicht","10":"tag-deutschland","11":"tag-ems_unterhaltung_stars","12":"tag-entertainment","13":"tag-fernsehpreis","14":"tag-germany","15":"tag-karina-mross","16":"tag-kitzbuehel","17":"tag-klatsch-und-tratsch","18":"tag-oesterreich","19":"tag-promi-news-aktuell","20":"tag-promi-news","21":"tag-prominente","22":"tag-promis","23":"tag-rente","24":"tag-schlagzeilen","25":"tag-star-news","26":"tag-stars","27":"tag-thomas-gottschalk","28":"tag-unterhaltung","29":"tag-vip-news","30":"tag-was-passiert-3455"},"share_on_mastodon":{"url":"https:\/\/pubeurope.com\/@de\/115633010288533868","error":""},"_links":{"self":[{"href":"https:\/\/www.europesays.com\/de\/wp-json\/wp\/v2\/posts\/610913","targetHints":{"allow":["GET"]}}],"collection":[{"href":"https:\/\/www.europesays.com\/de\/wp-json\/wp\/v2\/posts"}],"about":[{"href":"https:\/\/www.europesays.com\/de\/wp-json\/wp\/v2\/types\/post"}],"author":[{"embeddable":true,"href":"https:\/\/www.europesays.com\/de\/wp-json\/wp\/v2\/users\/2"}],"replies":[{"embeddable":true,"href":"https:\/\/www.europesays.com\/de\/wp-json\/wp\/v2\/comments?post=610913"}],"version-history":[{"count":0,"href":"https:\/\/www.europesays.com\/de\/wp-json\/wp\/v2\/posts\/610913\/revisions"}],"wp:featuredmedia":[{"embeddable":true,"href":"https:\/\/www.europesays.com\/de\/wp-json\/wp\/v2\/media\/610914"}],"wp:attachment":[{"href":"https:\/\/www.europesays.com\/de\/wp-json\/wp\/v2\/media?parent=610913"}],"wp:term":[{"taxonomy":"category","embeddable":true,"href":"https:\/\/www.europesays.com\/de\/wp-json\/wp\/v2\/categories?post=610913"},{"taxonomy":"post_tag","embeddable":true,"href":"https:\/\/www.europesays.com\/de\/wp-json\/wp\/v2\/tags?post=610913"}],"curies":[{"name":"wp","href":"https:\/\/api.w.org\/{rel}","templated":true}]}}