{"id":610956,"date":"2025-11-29T12:56:11","date_gmt":"2025-11-29T12:56:11","guid":{"rendered":"https:\/\/www.europesays.com\/de\/610956\/"},"modified":"2025-11-29T12:56:11","modified_gmt":"2025-11-29T12:56:11","slug":"mannheim-mann-nach-schlaegerei-festgenommen-polizeiberichte-aus-rhein-neckar-odenwald-2","status":"publish","type":"post","link":"https:\/\/www.europesays.com\/de\/610956\/","title":{"rendered":"Mannheim: Mann nach Schl\u00e4gerei festgenommen &#8211; Polizeiberichte aus Rhein-Neckar-Odenwald"},"content":{"rendered":"<p>Mannheim. (pol\/sake) Zu einer Schl\u00e4gerei kam es am\u00a0Freitagabend, gegen 17.20 Uhr, im Bereich O3 \/ O4 in der Mannheimer Innenstadt.\u00a0Wie die Polizei mitteilt, geriet eine vierk\u00f6pfige Personengruppe mit dem jetzigen Gesch\u00e4digten zun\u00e4chst in einen verbalen Streit.<\/p>\n<p>Der Streit ging in Handgreiflichkeiten \u00fcber, wobei ein jetziger 20-j\u00e4hriger Beschuldigter dem 29-j\u00e4hrigen Gesch\u00e4digten mehrfach ins Gesicht schlug und nach ihm trat. Der Mann erlitt dadurch eine Platzwunde am Kopf, Prellungen im Gesicht und am Oberk\u00f6rper.<\/p>\n<p>Zur medizinischen Versorgung wurde er in ein angrenzendes Krankenhaus verbracht. Die Gruppe fl\u00fcchtete\u00a0nach der Attacke. Im Rahmen sofort eingeleiteter Fahndungsma\u00dfnahmen der Polizei, konnten sie kurze Zeit sp\u00e4ter festgestellt und einer Kontrolle unterzogen werden.<\/p>\n<p>Der 20-j\u00e4hrige Beschuldigte konnte festgenommen werden. Die restlichen Personen der Gruppe waren nach jetzigem Ermittlungsstand nicht in die Handgreiflichkeiten involviert, jedoch Zeugen des Vorfalls. Ihre Personalien wurden erhoben.<\/p>\n<p>Weitere Zeugen werden gebeten, sich beim Polizeirevier Mannheim-Innenstadt unter der Telefonnummer 0621- 12580 zu melden.<\/p>\n","protected":false},"excerpt":{"rendered":"Mannheim. (pol\/sake) Zu einer Schl\u00e4gerei kam es am\u00a0Freitagabend, gegen 17.20 Uhr, im Bereich O3 \/ O4 in der&hellip;\n","protected":false},"author":2,"featured_media":610957,"comment_status":"","ping_status":"","sticky":false,"template":"","format":"standard","meta":{"footnotes":""},"categories":[1845],"tags":[1634,3364,29,548,663,3934,30,13,2096,14,15,17343,12],"class_list":{"0":"post-610956","1":"post","2":"type-post","3":"status-publish","4":"format-standard","5":"has-post-thumbnail","7":"category-mannheim","8":"tag-baden-wuerttemberg","9":"tag-de","10":"tag-deutschland","11":"tag-eu","12":"tag-europa","13":"tag-europe","14":"tag-germany","15":"tag-headlines","16":"tag-mannheim","17":"tag-nachrichten","18":"tag-news","19":"tag-polizei-blaulicht-heidelberg-mannheim-rhein-neckar-metropolregion-sinsheim-kraichgau-neckarodenwald-odenwald-bauland-heilbronn","20":"tag-schlagzeilen"},"share_on_mastodon":{"url":"https:\/\/pubeurope.com\/@de\/115633100274301962","error":""},"_links":{"self":[{"href":"https:\/\/www.europesays.com\/de\/wp-json\/wp\/v2\/posts\/610956","targetHints":{"allow":["GET"]}}],"collection":[{"href":"https:\/\/www.europesays.com\/de\/wp-json\/wp\/v2\/posts"}],"about":[{"href":"https:\/\/www.europesays.com\/de\/wp-json\/wp\/v2\/types\/post"}],"author":[{"embeddable":true,"href":"https:\/\/www.europesays.com\/de\/wp-json\/wp\/v2\/users\/2"}],"replies":[{"embeddable":true,"href":"https:\/\/www.europesays.com\/de\/wp-json\/wp\/v2\/comments?post=610956"}],"version-history":[{"count":0,"href":"https:\/\/www.europesays.com\/de\/wp-json\/wp\/v2\/posts\/610956\/revisions"}],"wp:featuredmedia":[{"embeddable":true,"href":"https:\/\/www.europesays.com\/de\/wp-json\/wp\/v2\/media\/610957"}],"wp:attachment":[{"href":"https:\/\/www.europesays.com\/de\/wp-json\/wp\/v2\/media?parent=610956"}],"wp:term":[{"taxonomy":"category","embeddable":true,"href":"https:\/\/www.europesays.com\/de\/wp-json\/wp\/v2\/categories?post=610956"},{"taxonomy":"post_tag","embeddable":true,"href":"https:\/\/www.europesays.com\/de\/wp-json\/wp\/v2\/tags?post=610956"}],"curies":[{"name":"wp","href":"https:\/\/api.w.org\/{rel}","templated":true}]}}