{"id":611039,"date":"2025-11-29T13:42:18","date_gmt":"2025-11-29T13:42:18","guid":{"rendered":"https:\/\/www.europesays.com\/de\/611039\/"},"modified":"2025-11-29T13:42:18","modified_gmt":"2025-11-29T13:42:18","slug":"verletzte-bei-braenden-in-sindlingen-und-bergen-enkheim","status":"publish","type":"post","link":"https:\/\/www.europesays.com\/de\/611039\/","title":{"rendered":"Verletzte bei Br\u00e4nden in Sindlingen und Bergen-Enkheim"},"content":{"rendered":"<p>Zwei Br\u00e4nde in Frankfurt <\/p>\n<p>Feuer in Wohngeb\u00e4uden \u2013 Zwei Verletzte und 300.000 Euro Schaden<\/p>\n<p>29.11.2025 &#8211; 14:25 UhrLesedauer: 1 Min.<\/p>\n<p><a href=\"#focus-0\" class=\"transition-colors duration-200 block text-current relative\" data-sctrack=\"FocusGalleryImage.Reference\"><img fetchpriority=\"high\" data-testid=\"Opener.Image\" style=\"--lqipURL:url('https:\/\/images.t-online.de\/2025\/10\/IpB6jELkImOb\/0x310:3600x2025\/fit-in\/150x0\/filters:blur(25)\/image.jpg')\"   loading=\"eager\" src=\"https:\/\/www.europesays.com\/de\/wp-content\/uploads\/2025\/11\/1764423738_819_image.jpg\" alt=\"imago images 0302257054\" title=\"imago images 0302257054\" width=\"3600\" height=\"2025\" class=\"bg-[url:var(--lqipURL)] bg-cover bg-center flex h-full w-full max-w-full\" decoding=\"async\"\/><img style=\"--width:32;--height:32\" loading=\"lazy\" src=\"https:\/\/frankfurt.t-online.de\/s\/paper\/_next\/static\/media\/zoom-in.f7dae02f.svg\" alt=\"Vergr\u00f6\u00dfern des Bildes\" title=\"Vergr\u00f6\u00dfern des Bildes\" class=\"block h-[calc(var(--height)_\/_16_*_1rem)] w-[calc(var(--width)_\/_16_*_1rem)] max-w-none absolute bottom-8 right-8 rounded-4 bg-snow p-8\" decoding=\"async\"\/><\/a><\/p>\n<p>Wagen der Frankfurter Feuerwehr (Archivbild): Die Einsatzkr\u00e4fte r\u00fcckten am Freitag zu zwei Br\u00e4nden aus. (Quelle: IMAGO\/Blatterspiel)<\/p>\n<p class=\"font-bold text-18 leading-17\">Die Frankfurter Feuerwehr r\u00fcckt zu zwei Wohnungsbr\u00e4nden nach Bergen-Enkheim und Sindlingen aus. Zwei Bewohner tragen Verletzungen davon.<\/p>\n<p class=\"text-18 leading-17\">In Frankfurt haben am Donnerstagabend zwei Wohnungsbr\u00e4nde die Einsatzkr\u00e4fte von Feuerwehr und Polizei besch\u00e4ftigt. Nach Angaben des Polizeipr\u00e4sidiums Frankfurt am Main wurden dabei zwei Personen verletzt.<\/p>\n<p class=\"text-18 leading-17\">Der erste Notruf sei gegen 19 Uhr eingegangen. In der K\u00fcferstra\u00dfe in Sindlingen habe ein Appartement im dritten Obergeschoss eines Mehrfamilienhauses gebrannt. Die Feuerwehr habe den Brand schnell eind\u00e4mmen k\u00f6nnen und eine Ausbreitung auf weitere Geb\u00e4udeteile verhindert. Der Wohnungseigent\u00fcmer sei mit nicht lebensbedrohlichen Verletzungen in ein Krankenhaus gekommen. Weitere Personen seien nicht verletzt worden.<\/p>\n<p class=\"text-18 leading-17\">Der entstandene Sachschaden belaufe sich auf etwa 200.000 Euro. Aufgrund der Rauchentwicklung und der L\u00f6scharbeiten seien die weiteren Wohnungen der Etage vorerst nicht bewohnbar.<\/p>\n<p class=\"text-18 leading-17\">Zu einem zweiten Brand seien die Einsatzkr\u00e4fte gegen 21.50 Uhr in den Fritz-Schubert-Ring in Bergen-Enkheim ausger\u00fcckt. Nach derzeitigen Erkenntnissen sei im ersten Obergeschoss eines Einfamilienhauses ein Feuer ausgebrochen \u2013 laut Feuerwehr auf einem Balkon. Anschlie\u00dfend griffen die Flammen demnach kurzzeitig auf das Dach \u00fcber. Der Hausbewohner sei dabei leicht verletzt und von Sanit\u00e4tern betreut worden. Die Polizei sch\u00e4tzt den Sachschaden auf etwa 100.000 Euro.<\/p>\n<p class=\"text-18 leading-17\">Die Brandursachen sind in beiden F\u00e4llen noch unklar. Die Brandermittler der Kriminalpolizei haben die Ermittlungen aufgenommen.<\/p>\n","protected":false},"excerpt":{"rendered":"Zwei Br\u00e4nde in Frankfurt Feuer in Wohngeb\u00e4uden \u2013 Zwei Verletzte und 300.000 Euro Schaden 29.11.2025 &#8211; 14:25 UhrLesedauer:&hellip;\n","protected":false},"author":2,"featured_media":611040,"comment_status":"","ping_status":"","sticky":false,"template":"","format":"standard","meta":{"footnotes":""},"categories":[1829],"tags":[522,43059,2919,29,2540,985,2050,2051,30,2052,121,82469,8882,2537],"class_list":{"0":"post-611039","1":"post","2":"type-post","3":"status-publish","4":"format-standard","5":"has-post-thumbnail","7":"category-frankfurt-am-main","8":"tag-522","9":"tag-bergen-enkheim","10":"tag-brand","11":"tag-deutschland","12":"tag-einsatzkraft","13":"tag-feuerwehr","14":"tag-frankfurt","15":"tag-frankfurt-am-main","16":"tag-germany","17":"tag-hessen","18":"tag-polizei","19":"tag-sindlingen","20":"tag-wohngebaeude","21":"tag-wohnungsbrand"},"share_on_mastodon":{"url":"https:\/\/pubeurope.com\/@de\/115633281266159800","error":""},"_links":{"self":[{"href":"https:\/\/www.europesays.com\/de\/wp-json\/wp\/v2\/posts\/611039","targetHints":{"allow":["GET"]}}],"collection":[{"href":"https:\/\/www.europesays.com\/de\/wp-json\/wp\/v2\/posts"}],"about":[{"href":"https:\/\/www.europesays.com\/de\/wp-json\/wp\/v2\/types\/post"}],"author":[{"embeddable":true,"href":"https:\/\/www.europesays.com\/de\/wp-json\/wp\/v2\/users\/2"}],"replies":[{"embeddable":true,"href":"https:\/\/www.europesays.com\/de\/wp-json\/wp\/v2\/comments?post=611039"}],"version-history":[{"count":0,"href":"https:\/\/www.europesays.com\/de\/wp-json\/wp\/v2\/posts\/611039\/revisions"}],"wp:featuredmedia":[{"embeddable":true,"href":"https:\/\/www.europesays.com\/de\/wp-json\/wp\/v2\/media\/611040"}],"wp:attachment":[{"href":"https:\/\/www.europesays.com\/de\/wp-json\/wp\/v2\/media?parent=611039"}],"wp:term":[{"taxonomy":"category","embeddable":true,"href":"https:\/\/www.europesays.com\/de\/wp-json\/wp\/v2\/categories?post=611039"},{"taxonomy":"post_tag","embeddable":true,"href":"https:\/\/www.europesays.com\/de\/wp-json\/wp\/v2\/tags?post=611039"}],"curies":[{"name":"wp","href":"https:\/\/api.w.org\/{rel}","templated":true}]}}