{"id":611057,"date":"2025-11-29T13:53:18","date_gmt":"2025-11-29T13:53:18","guid":{"rendered":"https:\/\/www.europesays.com\/de\/611057\/"},"modified":"2025-11-29T13:53:18","modified_gmt":"2025-11-29T13:53:18","slug":"berlin-schuesse-am-alexanderplatz-drogenfund-bei-durchsuchung-regional","status":"publish","type":"post","link":"https:\/\/www.europesays.com\/de\/611057\/","title":{"rendered":"Berlin: Sch\u00fcsse am Alexanderplatz, Drogenfund bei Durchsuchung | Regional"},"content":{"rendered":"<p>Berlin \u2013 <b>Was fr\u00fcher nur selten passierte, etabliert sich zunehmend im Berliner Alltag: Auf den Stra\u00dfen wird scharf geschossen. Die Polizei berichtet jetzt von einem neuerlichen Zwischenfall am Donnerstag.<\/b><\/p>\n<p>Auch interessant<\/p>\n<p>Anzeige<\/p>\n<p>Auch interessant<\/p>\n<p>Anzeige<\/p>\n<p>Gegen 16.20 Uhr riefen Zeugen Polizei und Rettungskr\u00e4fte zu einer verletzten Person am Alexanderplatz. Ersten Erkenntnissen nach waren dort zuvor zwei Personengruppen zun\u00e4chst verbal aneinandergeraten.<\/p>\n<p>Pl\u00f6tzlich soll ein Mann aus der gr\u00f6\u00dferen Gruppe eine Pistole gezogen und auf die Kontrahenten gefeuert haben. Anschlie\u00dfend dr\u00fcckte er die Waffe einem Komplizen in die Hand, der in der Folge weiter auf die Gruppe schoss. Nach den Sch\u00fcssen fl\u00fcchteten die Sch\u00fctzen. Ein 25 Jahre alter Mann wurde leicht am Bein verletzt und kam ins Krankenhaus. Er war offenbar bei der Flucht gest\u00fcrzt. Zu welcher Gruppe er geh\u00f6rte, ist noch unklar.<\/p>\n<p>Mehr zum ThemaAutos nach Sch\u00fcssen zur Fahndung ausgeschrieben<\/p>\n<p>Zivilfahnder waren unmittelbar nach der Tat am Ort und stellten dort eine Patronenh\u00fclse sicher. Im weiteren Verlauf der Ermittlungen wurden zwei Fahrzeuge identifiziert und zur Fahndung ausgeschrieben, die einem 23-J\u00e4hrigen zugeordnet werden konnten \u2013 er soll laut Polizei einer der T\u00e4ter sein.<\/p>\n<p>Gegen 22.35 Uhr wurde einer der Wagen an der Karl-Marx-Allee und wenig sp\u00e4ter der andere an der Carola-Neher-Stra\u00dfe gestoppt. Dabei trafen die Beamten unter anderem auf den 26 Jahre alten Bruder des 23-j\u00e4hrigen Tatverd\u00e4chtigen und nahmen diesen fest, nachdem sie im Fahrzeug Geld im hohen dreistelligen Bereich sowie Bet\u00e4ubungsmittel aufgefunden und sichergestellt hatten.<\/p>\n<p>Drogen bei Wohnungsdurchsuchungen entdeckt<\/p>\n<p><b>Ein Staatsanwalt unterschrieb wenig sp\u00e4ter Durchsuchungsbeschl\u00fcsse, dann wurden zwei Wohnungen in Kreuzberg und Hellersdorf durchsucht. Bei diesen handelt es sich um die Melde- und Aufenthaltsanschrift des 23-J\u00e4hrigen \u2013 er selbst wurde nicht angetroffen, auch die <\/b><a href=\"https:\/\/www.bild.de\/themen\/specials\/schusswaffen\/news-fotos-videos-17014668.bild.html\" class=\"text-link\" target=\"_blank\" rel=\"noopener\"><b>Waffe<\/b><\/a><b> blieb verschwunden.<\/b><\/p>\n<p><img decoding=\"async\" width=\"992\" height=\"558\" alt=\"Am Abend durchsuchte die Polizei zwei Wohnungen in Berlin\" src=\"https:\/\/www.europesays.com\/de\/wp-content\/uploads\/2025\/11\/f5c52bebf9b0992dba4ae03e6c832cb0,a77616c1\"   class=\"landscape\" loading=\"lazy\"\/><\/p>\n<p class=\"fig__caption__text\">Am Abend durchsuchte die Polizei zwei Wohnungen in <a href=\"https:\/\/www.bild.de\/regional\/berlin\/berlin-regional\/home-15823246.bild.html\" class=\"text-link\" target=\"_blank\" rel=\"noopener\">Berlin<\/a><\/p>\n<p>Foto: Carsten Rehder\/dpa<\/p>\n<p>Dennoch war der Besuch der <a href=\"https:\/\/www.bild.de\/regional\/aktuelles\/polizei\/polizeieinsatz-alle-infos-76681760.bild.html\" class=\"text-link\" target=\"_blank\" rel=\"noopener\">Polizei<\/a> lohnenswert: Vier Kilogramm Amphetamin, rund ein Kilogramm Ketamin, etwa ein Kilogramm Kokain, rund zwei Kilogramm einer synthetischen psychoaktiven Substanz, je etwa ein Kilogramm Ecstasytabletten und kristallines Ecstasy sowie rund 550 Tabletten wurden sichergestellt. Zudem wurden auch Geld im f\u00fcnfstelligen Bereich und Falschgeld sichergestellt. Weiterhin trafen die Kr\u00e4fte einen 28-J\u00e4hrigen in einer der Wohnungen an und nahmen ihn fest. Die beiden M\u00e4nner wurden in ein Polizeigewahrsam gebracht.<\/p>\n<p><b>Gegen die M\u00e4nner besteht der Verdacht des unerlaubten Handels mit Bet\u00e4ubungsmitteln, des Inverkehrbringens von Falschgeld sowie des Versto\u00dfes gegen das Arzneimittelgesetz. Die weiteren Ermittlungen im Zusammenhang mit den Sch\u00fcssen wurden von einem Fachkommissariat der Polizeidirektion 5 (City) \u00fcbernommen.<\/b><\/p>\n","protected":false},"excerpt":{"rendered":"Berlin \u2013 Was fr\u00fcher nur selten passierte, etabliert sich zunehmend im Berliner Alltag: Auf den Stra\u00dfen wird scharf&hellip;\n","protected":false},"author":2,"featured_media":611058,"comment_status":"","ping_status":"","sticky":false,"template":"","format":"standard","meta":{"footnotes":""},"categories":[1825],"tags":[9006,296,29,30,1000,121,5995,45],"class_list":{"0":"post-611057","1":"post","2":"type-post","3":"status-publish","4":"format-standard","5":"has-post-thumbnail","7":"category-berlin","8":"tag-alexanderplatz","9":"tag-berlin","10":"tag-deutschland","11":"tag-germany","12":"tag-gewalt","13":"tag-polizei","14":"tag-schiesserei","15":"tag-texttospeech"},"share_on_mastodon":{"url":"https:\/\/pubeurope.com\/@de\/115633324488866289","error":""},"_links":{"self":[{"href":"https:\/\/www.europesays.com\/de\/wp-json\/wp\/v2\/posts\/611057","targetHints":{"allow":["GET"]}}],"collection":[{"href":"https:\/\/www.europesays.com\/de\/wp-json\/wp\/v2\/posts"}],"about":[{"href":"https:\/\/www.europesays.com\/de\/wp-json\/wp\/v2\/types\/post"}],"author":[{"embeddable":true,"href":"https:\/\/www.europesays.com\/de\/wp-json\/wp\/v2\/users\/2"}],"replies":[{"embeddable":true,"href":"https:\/\/www.europesays.com\/de\/wp-json\/wp\/v2\/comments?post=611057"}],"version-history":[{"count":0,"href":"https:\/\/www.europesays.com\/de\/wp-json\/wp\/v2\/posts\/611057\/revisions"}],"wp:featuredmedia":[{"embeddable":true,"href":"https:\/\/www.europesays.com\/de\/wp-json\/wp\/v2\/media\/611058"}],"wp:attachment":[{"href":"https:\/\/www.europesays.com\/de\/wp-json\/wp\/v2\/media?parent=611057"}],"wp:term":[{"taxonomy":"category","embeddable":true,"href":"https:\/\/www.europesays.com\/de\/wp-json\/wp\/v2\/categories?post=611057"},{"taxonomy":"post_tag","embeddable":true,"href":"https:\/\/www.europesays.com\/de\/wp-json\/wp\/v2\/tags?post=611057"}],"curies":[{"name":"wp","href":"https:\/\/api.w.org\/{rel}","templated":true}]}}