{"id":611105,"date":"2025-11-29T14:20:17","date_gmt":"2025-11-29T14:20:17","guid":{"rendered":"https:\/\/www.europesays.com\/de\/611105\/"},"modified":"2025-11-29T14:20:17","modified_gmt":"2025-11-29T14:20:17","slug":"ausstellung-dimensionen-im-port-25-auf-augenhoehe-mannheim","status":"publish","type":"post","link":"https:\/\/www.europesays.com\/de\/611105\/","title":{"rendered":"Ausstellung \u201eDimensionen\u201c im Port 25: Auf Augenh\u00f6he &#8211; Mannheim"},"content":{"rendered":"<p class=\"rhp-dpa-teaser\"><b>\u201eDimensionen\u201c, eine neue Gruppenausstellung im Port 25 \u2013 Raum f\u00fcr Gegenwartskunst, zeigt, wie h\u00f6chst unterschiedlich die Arbeit von Bildhauern ausfallen kann.<\/b><\/p>\n<p> Zun\u00e4chst einmal gelten f\u00fcr alle die gleichen Ausgangsbedingungen. Bei jedem Werk der sechs in der Ausstellung pr\u00e4sentierten Kunstschaffenden k\u00f6nnen drei Parameter vermessen werden: die L\u00e4nge, die Breite und die H\u00f6he des Kunstwerks. Dreidimensionalit\u00e4t ist es, was alle Skulpturen<\/p>\n<p class=\"\">Bitte loggen Sie sich ein um den Artikel im Klartext zu sehen.<\/p>\n<p class=\"\">nud nitl,skPea usa emwehcl aatlMier nud ni rlwhcee  cahu emirm esi neftgeairtg rdwoen ndi,s esiagnemm n.eabh  rwid ,es ow eesdi  hitcn herm r\u201canh,euisce sagt Kim mh,eB enmiaegsm mit noYven Vloeg ieLriten des Prto 25 dun arirotunK dre tnAl.lsgsuue sE beeg vleei anrede mesnenDioni im shmgmnanZaue mti wt:rnsek<\/p>\n","protected":false},"excerpt":{"rendered":"\u201eDimensionen\u201c, eine neue Gruppenausstellung im Port 25 \u2013 Raum f\u00fcr Gegenwartskunst, zeigt, wie h\u00f6chst unterschiedlich die Arbeit von&hellip;\n","protected":false},"author":2,"featured_media":611106,"comment_status":"","ping_status":"","sticky":false,"template":"","format":"standard","meta":{"footnotes":""},"categories":[1845],"tags":[1634,3364,29,78747,548,663,3934,30,13,145259,112001,4060,2096,14,15,12,145258],"class_list":{"0":"post-611105","1":"post","2":"type-post","3":"status-publish","4":"format-standard","5":"has-post-thumbnail","7":"category-mannheim","8":"tag-baden-wuerttemberg","9":"tag-de","10":"tag-deutschland","11":"tag-dimension","12":"tag-eu","13":"tag-europa","14":"tag-europe","15":"tag-germany","16":"tag-headlines","17":"tag-herbert-warmuth","18":"tag-kim-behm","19":"tag-lokal","20":"tag-mannheim","21":"tag-nachrichten","22":"tag-news","23":"tag-schlagzeilen","24":"tag-yvonne-vogel"},"share_on_mastodon":{"url":"https:\/\/pubeurope.com\/@de\/115633430550923345","error":""},"_links":{"self":[{"href":"https:\/\/www.europesays.com\/de\/wp-json\/wp\/v2\/posts\/611105","targetHints":{"allow":["GET"]}}],"collection":[{"href":"https:\/\/www.europesays.com\/de\/wp-json\/wp\/v2\/posts"}],"about":[{"href":"https:\/\/www.europesays.com\/de\/wp-json\/wp\/v2\/types\/post"}],"author":[{"embeddable":true,"href":"https:\/\/www.europesays.com\/de\/wp-json\/wp\/v2\/users\/2"}],"replies":[{"embeddable":true,"href":"https:\/\/www.europesays.com\/de\/wp-json\/wp\/v2\/comments?post=611105"}],"version-history":[{"count":0,"href":"https:\/\/www.europesays.com\/de\/wp-json\/wp\/v2\/posts\/611105\/revisions"}],"wp:featuredmedia":[{"embeddable":true,"href":"https:\/\/www.europesays.com\/de\/wp-json\/wp\/v2\/media\/611106"}],"wp:attachment":[{"href":"https:\/\/www.europesays.com\/de\/wp-json\/wp\/v2\/media?parent=611105"}],"wp:term":[{"taxonomy":"category","embeddable":true,"href":"https:\/\/www.europesays.com\/de\/wp-json\/wp\/v2\/categories?post=611105"},{"taxonomy":"post_tag","embeddable":true,"href":"https:\/\/www.europesays.com\/de\/wp-json\/wp\/v2\/tags?post=611105"}],"curies":[{"name":"wp","href":"https:\/\/api.w.org\/{rel}","templated":true}]}}