{"id":611125,"date":"2025-11-29T14:31:15","date_gmt":"2025-11-29T14:31:15","guid":{"rendered":"https:\/\/www.europesays.com\/de\/611125\/"},"modified":"2025-11-29T14:31:15","modified_gmt":"2025-11-29T14:31:15","slug":"ukraine-news-orban-sieht-ukraine-nach-kriegsende-als-pufferstaat","status":"publish","type":"post","link":"https:\/\/www.europesays.com\/de\/611125\/","title":{"rendered":"Ukraine-News: Orban sieht Ukraine nach Kriegsende als &#8222;Pufferstaat&#8220;"},"content":{"rendered":"<p>00:42 Uhr | <a name=\"Kiew\">Kiew<\/a> widerspricht Moskaus Angaben zu Kupjansk<\/p>\n<p class=\"text\">\nDie ostukrainische Stadt Kupjansk ist nach Angaben des obersten ukrainischen Milit\u00e4rs Olexander Syrskyj nicht vollst\u00e4ndig unter russischer Kontrolle. Auf Telegram erkl\u00e4rte Syrskyj, ukrainische Truppen w\u00fcrden weiter verteidigen. Sie hielten ihre Stellungen und versuchten, russische Nachschubwege unter Feuer zu nehmen. Russlands Pr\u00e4sident Wladimir Putin hatte zuvor erkl\u00e4rt, Kupjansk sei von russischen Streitkr\u00e4ften eingenommen worden. Die Frontstadt in der Region Charkiw gilt als strategisch wichtig. (Quelle: Reuters)\n<\/p>\n<p>00:13 Uhr | Rosneft-Gewinn bricht um 70 Prozent ein<\/p>\n<p class=\"text\">\nDer russische \u00d6lkonzern Rosneft hat in den ersten neun Monaten des Jahres einen Gewinneinbruch um 70 Prozent verzeichnet. Wie das Unternehmen mitteilte, sank der Nettogewinn auf 277 Milliarden Rubel \u2013 umgerechnet rund 3,1 Milliarden Euro. Als Gr\u00fcnde nannte Rosneft hohe Zinsen, einen st\u00e4rkeren Rubel sowie niedrigere \u00d6lpreise. Der Umsatz fiel im Vergleich zum Vorjahr um knapp 18 Prozent auf 6,29 Billionen Rubel.\n<\/p>\n<p class=\"text\">\nZus\u00e4tzlich belastet worden sei das Ergebnis durch gestiegene Ausgaben f\u00fcr sogenannte Antiterrorma\u00dfnahmen \u2013 Einzelheiten dazu nannte Rosneft nicht. Seit dem Sommer greift die Ukraine verst\u00e4rkt russische Energieanlagen an. Auch westliche \u00d6lkonzerne wie Shell und TotalEnergies hatten zuletzt r\u00fcckl\u00e4ufige Quartalszahlen wegen fallender \u00d6lpreise gemeldet. (Quelle: Reuters)\n<\/p>\n<p>00:05 Uhr | Die Ereignisse <a name=\"gestern\">gestern<\/a> \u2013 28. November 2025<\/p>\n<p class=\"text\">\nDer Leiter des ukrainischen Pr\u00e4sidentenb\u00fcros, Andrij Jermak, ist zur\u00fcckgetreten. Pr\u00e4sident Wolodymyr Selenskyj best\u00e4tigte, dass Jermak seine R\u00fccktrittserkl\u00e4rung unterschrieben hat. Zuvor hatten Antikorruptionsermittler Jermaks Umfeld durchsucht. Es besteht Korruptionsverdacht, Details und m\u00f6gliche Verbindungen zum Energieskandal bleiben offen. Jermak erkl\u00e4rte, er werde mit den Beh\u00f6rden kooperieren. Erst k\u00fcrzlich hatte Selenskyj ihn zum Leiter der ukrainischen Delegation bei den Genf-Gespr\u00e4chen \u00fcber den US-Friedensplan ernannt.<\/p>\n","protected":false},"excerpt":{"rendered":"00:42 Uhr | Kiew widerspricht Moskaus Angaben zu Kupjansk Die ostukrainische Stadt Kupjansk ist nach Angaben des obersten&hellip;\n","protected":false},"author":2,"featured_media":611126,"comment_status":"","ping_status":"","sticky":false,"template":"","format":"standard","meta":{"footnotes":""},"categories":[4013],"tags":[331,332,13,5793,4046,56029,81,14,1159,15,62251,3223,145031,97217,4043,4044,850,307,859,860,12,861,317,103],"class_list":{"0":"post-611125","1":"post","2":"type-post","3":"status-publish","4":"format-standard","5":"has-post-thumbnail","7":"category-russland","8":"tag-aktuelle-nachrichten","9":"tag-aktuelle-news","10":"tag-headlines","11":"tag-kiew","12":"tag-krieg","13":"tag-kupjansk","14":"tag-mdr","15":"tag-nachrichten","16":"tag-nato","17":"tag-news","18":"tag-oelpreise","19":"tag-orban","20":"tag-pufferstaat","21":"tag-rosneft","22":"tag-russia","23":"tag-russian-federation","24":"tag-russische-foederation","25":"tag-russland","26":"tag-sachsen","27":"tag-sachsen-anhalt","28":"tag-schlagzeilen","29":"tag-thueringen","30":"tag-ukraine","31":"tag-welt"},"share_on_mastodon":{"url":"https:\/\/pubeurope.com\/@de\/115633473722141843","error":""},"_links":{"self":[{"href":"https:\/\/www.europesays.com\/de\/wp-json\/wp\/v2\/posts\/611125","targetHints":{"allow":["GET"]}}],"collection":[{"href":"https:\/\/www.europesays.com\/de\/wp-json\/wp\/v2\/posts"}],"about":[{"href":"https:\/\/www.europesays.com\/de\/wp-json\/wp\/v2\/types\/post"}],"author":[{"embeddable":true,"href":"https:\/\/www.europesays.com\/de\/wp-json\/wp\/v2\/users\/2"}],"replies":[{"embeddable":true,"href":"https:\/\/www.europesays.com\/de\/wp-json\/wp\/v2\/comments?post=611125"}],"version-history":[{"count":0,"href":"https:\/\/www.europesays.com\/de\/wp-json\/wp\/v2\/posts\/611125\/revisions"}],"wp:featuredmedia":[{"embeddable":true,"href":"https:\/\/www.europesays.com\/de\/wp-json\/wp\/v2\/media\/611126"}],"wp:attachment":[{"href":"https:\/\/www.europesays.com\/de\/wp-json\/wp\/v2\/media?parent=611125"}],"wp:term":[{"taxonomy":"category","embeddable":true,"href":"https:\/\/www.europesays.com\/de\/wp-json\/wp\/v2\/categories?post=611125"},{"taxonomy":"post_tag","embeddable":true,"href":"https:\/\/www.europesays.com\/de\/wp-json\/wp\/v2\/tags?post=611125"}],"curies":[{"name":"wp","href":"https:\/\/api.w.org\/{rel}","templated":true}]}}