{"id":611139,"date":"2025-11-29T14:39:18","date_gmt":"2025-11-29T14:39:18","guid":{"rendered":"https:\/\/www.europesays.com\/de\/611139\/"},"modified":"2025-11-29T14:39:18","modified_gmt":"2025-11-29T14:39:18","slug":"bundesregierung-friedrich-merz-bittet-eu-schriftlich-um-aufweichung-von-verbrenner-aus","status":"publish","type":"post","link":"https:\/\/www.europesays.com\/de\/611139\/","title":{"rendered":"Bundesregierung: Friedrich Merz bittet EU schriftlich um Aufweichung von Verbrenner-Aus"},"content":{"rendered":"<p class=\"paragraph article__item\">Bundeskanzler <a class=\"rtr-entity\" href=\"https:\/\/www.zeit.de\/thema\/friedrich-merz\" target=\"_blank\" rel=\"noopener\">Friedrich Merz<\/a> (CDU) hat in einem Brief an EU-Kommissionspr\u00e4sidentin Ursula von der Leyen (CDU) f\u00fcr weitreichende Ver\u00e4nderungen der derzeitigen EU-Abgasvorgaben f\u00fcr Autohersteller geworben.\u00a0In seinem Brief, der der ZEIT vorliegt, schreibt Merz,\u00a0Elektromobilit\u00e4t sei die zentrale Zukunftstechnologie auf dem Weg zur Klimaneutralit\u00e4t. &#8222;Zugleich braucht es jedoch mehr Flexibilit\u00e4t\u00a0und Technologieoffenheit, um die unterschiedlichen Ausgangsbedingungen und Innovationspfade in Europa zu ber\u00fccksichtigen&#8220;, f\u00fcgte er hinzu. Denn der notwendige technologische Wandel treffe viele Unternehmen in einer herausfordernden Phase angesichts steigender Energie- und Produktionskosten, viel Regulationsdruck und unsicherer Lieferketten.\n<\/p>\n<p class=\"paragraph article__item\">&#8222;Zum einen sollten nach 2035 neben rein batterieelektrischen Fahrzeugen auch weiterhin Autos, die einen doppelten Antrieb haben, bestehend aus Batterieantrieb und Verbrenner, neu zugelassen werden, sofern die verbleibenden Emissionen im Automobil- und Kraftstoffsektor ausgeglichen werden&#8220;, schrieb der Kanzler. Zudem m\u00fcssten auch nach 2035 erg\u00e4nzende \u00dcbergangstechnologien wie Plug-in-Hybrid-Fahrzeuge (PHEV), Elektrofahrzeuge mit Range-Extender (EREV) und &#8222;hocheffiziente Verbrenner&#8220; zugelassen werden k\u00f6nnen.\n<\/p>\n<p class=\"paragraph article__item\">Die Koalitionspartner\u00a0Union und SPD <a href=\"https:\/\/www.zeit.de\/politik\/deutschland\/2025-11\/koalitionsspitzen-beschliessen-papier-zu-grundsaetzlicher-rentenreform\" class=\"\" target=\"_blank\" rel=\"noopener\">hatten sich zuvor nach langem Streit im Koalitionsausschuss<br \/>\nauf eine gemeinsame Position zum sogenannten Verbrenner-Aus geeinigt<\/a>.\u00a0Ziel sei mehr Flexibilit\u00e4t und Technologieoffenheit, sagte Merz nach der Sitzung.\n<\/p>\n<p>        Strafzahlungen vermeiden        <\/p>\n<p class=\"paragraph article__item\">Merz schrieb, es sei gut, dass die <a class=\"rtr-entity\" href=\"https:\/\/www.zeit.de\/thema\/europaeische-union\" target=\"_blank\" rel=\"noopener\">EU<\/a>\u00a0die \u00dcberpr\u00fcfung der<br \/>\nFlottengrenzwertverordnung vorgezogen habe. Diese Werte sollten jedoch<br \/>\nerneut \u00fcberpr\u00fcft werden.\u00a0Die EU hatte beschlossen, dass Neuwagen ab 2035 im Betrieb kein klimasch\u00e4dliches Kohlenstoffdioxid (CO\u2082) mehr aussto\u00dfen d\u00fcrfen. Nach Druck aus den EU-Staaten <a href=\"https:\/\/www.zeit.de\/politik\/ausland\/2025-09\/eu-verbrenner-verbot-2035-pruefung\" class=\"\" target=\"_blank\" rel=\"noopener\">will die Kommission nun\u00a0voraussichtlich am 10. Dezember einen neuen Plan vorlegen<\/a>.\n<\/p>\n<p>                            \u00a9\u00a0Lea Dohle<\/p>\n<p>\n                                        Newsletter<br \/>\n                                        Was jetzt? \u2013 Der t\u00e4gliche Morgen\u00fcberblick<\/p>\n<p class=\"newsletter-signup__text\">Starten Sie mit unserem kurzen Nachrichten-Newsletter in den Tag. Erhalten Sie zudem freitags den US-Sonderletter &#8222;Was jetzt, America?&#8220; sowie das digitale Magazin ZEIT am Wochenende.<\/p>\n<p class=\"newsletter-signup__datapolicy\" hidden=\"\">\n            Mit Ihrer Registrierung nehmen Sie die <a href=\"https:\/\/datenschutz.zeit.de\/zon#Newsletter\" target=\"_blank\" rel=\"noopener\">Datenschutzerkl\u00e4rung<\/a> zur Kenntnis.\n        <\/p>\n<p>    Vielen Dank! Wir haben Ihnen eine E-Mail geschickt.<\/p>\n<p>Pr\u00fcfen Sie Ihr Postfach und best\u00e4tigen Sie das Newsletter-Abonnement.<\/p>\n<p class=\"paragraph article__item\">Daf\u00fcr fordert der Kanzler zudem, dass<br \/>\ndie &#8222;Beimischungsquoten f\u00fcr synthetische und fortschrittliche biogene<br \/>\nKraftstoffe&#8220; angemessen erh\u00f6ht und auch traditionelle Biokraftstoffe<br \/>\nber\u00fccksichtigt werden. In Vorgaben zur Emissionsminderung m\u00fcsse der<br \/>\ngesamte Herstellungsprozess einbezogen und beispielsweise &#8222;gr\u00fcner Stahl&#8220; ber\u00fccksichtigt werden, sagt Merz. Er<br \/>\nlehne pauschale gesetzliche Quoten bei der Elektrifizierung von<br \/>\nUnternehmensflotten ab und wolle Hybridfahrzeuge besser klimatechnisch<br \/>\nbewerten.\n<\/p>\n<p class=\"paragraph article__item\">&#8222;Strafzahlungen auf europ\u00e4ischer Ebene, die durch Verletzung der<br \/>\nFlottengrenzwerte entstehen, m\u00fcssen vermieden werden k\u00f6nnen&#8220;, schreibt<br \/>\nMerz. Deswegen<br \/>\nfordert er nach der Flexibilisierung der Zwischenziele f\u00fcr 2025 bis 2027<br \/>\n auch eine Flexibilisierung des Zwischenziels f\u00fcr 2030 und danach.\u00a0Ziel m\u00fcsse Merz&#8216; Ansicht nach &#8222;eine technologieoffene, flexible und<br \/>\nrealistische CO\u2082-Regulierung sein, die den Klimaschutzzielen der EU<br \/>\ngerecht wird, ohne Innovation und industrielle\u00a0Wertsch\u00f6pfung zu<br \/>\ngef\u00e4hrden&#8220;. Der Klimaschutz d\u00fcrfe nicht vergessen werden.\n<\/p>\n<p>        Geteilte Meinungen zum Verbrenner-Aus-Aus        <\/p>\n<p class=\"paragraph article__item\">CDU und CSU hatten sich schon lange<br \/>\nf\u00fcr weitgehende Lockerungen der EU-Vorgaben ausgesprochen. Bundesumweltminister Carsten Schneider (SPD)<br \/>\nverteidigte die Einigung als &#8222;pragmatische Position&#8220; in der europ\u00e4ischen Debatte.\u00a0Der Verband der Automobilindustrie (VDA)<br \/>\nbegr\u00fc\u00dfte die Ank\u00fcndigung. CSU-Chef Markus S\u00f6der \u00e4u\u00dferte die Hoffnung,<br \/>\ndass die Bundesregierung mit ihren Forderungen &#8222;bei einer deutschen<br \/>\nKommissionspr\u00e4sidentin&#8220; auf offene Ohren st\u00f6\u00dft. Von der EU-Kommission hie\u00df es, man werde die Vorschl\u00e4ge &#8222;sorgf\u00e4ltig<br \/>\npr\u00fcfen&#8220;.\n<\/p>\n<p class=\"paragraph article__item\">In der SPD regt sich dagegen Widerstand, obwohl das Kabinett sich einigte. Auch Umweltsch\u00fctzer kritisierten den Beschluss. Von der Leyen<br \/>\n d\u00fcrfe sich &#8222;vom kurzsichtigen Hickhack der Bundesregierung nicht<br \/>\nbeirren lassen&#8220;, schrieb Greenpeace. &#8222;Statt eines Herbstes der Reformen pr\u00e4sentiert die Koalition ein Festklammern an<br \/>\nder Vergangenheit&#8220;, kritisierte auch die Organisation Transport &amp;<br \/>\nEnvironment. Die Verbrenner-Technologie sei &#8222;\u00fcberholt&#8220;.\u00a0\n<\/p>\n<p class=\"paragraph article__item\">Der Linken-Sprecher f\u00fcr Verkehrspolitik,\u00a0Jorrit Bosch, kritisierte,\u00a0die Entscheidung sei &#8222;ein Kniefall vor der Autolobby und ein R\u00fcckschritt f\u00fcr die Besch\u00e4ftigten und den Klimaschutz&#8220;. <a href=\"https:\/\/www.zeit.de\/mobilitaet\/2025-11\/verbrenner-aus-bundesregierung-hybrid-autoindustrie-klima\" class=\"\" target=\"_blank\" rel=\"noopener\">Experten sehen das Problem der Autoindustrie zudem eher in der Konkurrenz aus China und im Zollstreit mit den Vereinigten Staaten<\/a> \u2013 und weniger in Klimaschutzvorgaben.\n<\/p>\n<p>            Verbrenner-Aus der EU        <\/p>\n<p>Mehr zum Thema<\/p>\n<p>                <a href=\"https:\/\/www.zeit.de\/mobilitaet\/2025-11\/verbrenner-aus-bundesregierung-hybrid-autoindustrie-klima\" data-ct-label=\"Verbrenner-Aus: R\u00fcckst\u00e4ndig und auch noch teuer\" target=\"_blank\" rel=\"noopener\"><\/p>\n<p>        Z+ (abopflichtiger Inhalt);<\/p>\n<p>    Verbrenner-Aus:<br \/>\n                        R\u00fcckst\u00e4ndig und auch noch teuer<\/p>\n<p>                <\/a><\/p>\n<p>                <a href=\"https:\/\/www.zeit.de\/mobilitaet\/2025-09\/verbrennerverbot-2035-friedrich-merz-verbrenner-aus-eu-gipfel-gxe\" data-ct-label=\"EU-Gipfel: Schon wieder die Deutschen mit ihrem Verbrenner\" target=\"_blank\" rel=\"noopener\"><\/p>\n<p>        Z+ (abopflichtiger Inhalt);<\/p>\n<p>    EU-Gipfel:<br \/>\n                        Schon wieder die Deutschen mit ihrem Verbrenner<\/p>\n<p>                <\/a><\/p>\n<p>                <a href=\"https:\/\/www.zeit.de\/wirtschaft\/2025-09\/verbrennerverbot-2035-eu-autos-klimaschutz-kompromiss\" data-ct-label=\"Verbrennerverbot: Die Autoindustrie hat ein letztes Entgegenkommen verdient\" target=\"_blank\" rel=\"noopener\"><\/p>\n<p>                        Verbrennerverbot:<br \/>\n                        Die Autoindustrie hat ein letztes Entgegenkommen verdient<\/p>\n<p>                <\/a><\/p>\n","protected":false},"excerpt":{"rendered":"Bundeskanzler Friedrich Merz (CDU) hat in einem Brief an EU-Kommissionspr\u00e4sidentin Ursula von der Leyen (CDU) f\u00fcr weitreichende Ver\u00e4nderungen&hellip;\n","protected":false},"author":2,"featured_media":611140,"comment_status":"","ping_status":"","sticky":false,"template":"","format":"standard","meta":{"footnotes":""},"categories":[3933],"tags":[331,332,1173,1519,548,942,663,158,3934,3935,775,13,14,15,16,12,1493,4520],"class_list":{"0":"post-611139","1":"post","2":"type-post","3":"status-publish","4":"format-standard","5":"has-post-thumbnail","7":"category-eu","8":"tag-aktuelle-nachrichten","9":"tag-aktuelle-news","10":"tag-bundesregierung","11":"tag-elektromobilitaet","12":"tag-eu","13":"tag-eu-kommission","14":"tag-europa","15":"tag-europaeische-union","16":"tag-europe","17":"tag-european-union","18":"tag-friedrich-merz","19":"tag-headlines","20":"tag-nachrichten","21":"tag-news","22":"tag-politik","23":"tag-schlagzeilen","24":"tag-ursula-von-der-leyen","25":"tag-verkehrswende"},"share_on_mastodon":{"url":"https:\/\/pubeurope.com\/@de\/115633505217333953","error":""},"_links":{"self":[{"href":"https:\/\/www.europesays.com\/de\/wp-json\/wp\/v2\/posts\/611139","targetHints":{"allow":["GET"]}}],"collection":[{"href":"https:\/\/www.europesays.com\/de\/wp-json\/wp\/v2\/posts"}],"about":[{"href":"https:\/\/www.europesays.com\/de\/wp-json\/wp\/v2\/types\/post"}],"author":[{"embeddable":true,"href":"https:\/\/www.europesays.com\/de\/wp-json\/wp\/v2\/users\/2"}],"replies":[{"embeddable":true,"href":"https:\/\/www.europesays.com\/de\/wp-json\/wp\/v2\/comments?post=611139"}],"version-history":[{"count":0,"href":"https:\/\/www.europesays.com\/de\/wp-json\/wp\/v2\/posts\/611139\/revisions"}],"wp:featuredmedia":[{"embeddable":true,"href":"https:\/\/www.europesays.com\/de\/wp-json\/wp\/v2\/media\/611140"}],"wp:attachment":[{"href":"https:\/\/www.europesays.com\/de\/wp-json\/wp\/v2\/media?parent=611139"}],"wp:term":[{"taxonomy":"category","embeddable":true,"href":"https:\/\/www.europesays.com\/de\/wp-json\/wp\/v2\/categories?post=611139"},{"taxonomy":"post_tag","embeddable":true,"href":"https:\/\/www.europesays.com\/de\/wp-json\/wp\/v2\/tags?post=611139"}],"curies":[{"name":"wp","href":"https:\/\/api.w.org\/{rel}","templated":true}]}}