{"id":611221,"date":"2025-11-29T15:26:12","date_gmt":"2025-11-29T15:26:12","guid":{"rendered":"https:\/\/www.europesays.com\/de\/611221\/"},"modified":"2025-11-29T15:26:12","modified_gmt":"2025-11-29T15:26:12","slug":"welt-aids-tag-in-wuppertal-darum-bleiben-praeventionsarbeit-und-aufklaerung-wichtig-blickfeld","status":"publish","type":"post","link":"https:\/\/www.europesays.com\/de\/611221\/","title":{"rendered":"Welt-Aids-Tag in Wuppertal: Darum bleiben Pr\u00e4ventionsarbeit und Aufkl\u00e4rung wichtig &#8211; blickfeld"},"content":{"rendered":"<p>In Wuppertal engagiert sich der <strong>Arbeitskreis Welt-Aids-Tag<\/strong> seit Jahren f\u00fcr <strong>Aufkl\u00e4rung, Solidarit\u00e4t und Pr\u00e4vention<\/strong>. Durch Aktionen zum Welt-Aids-Tag, Beratung und Kooperationen mit Schulen und Jugendeinrichtungen wird das Thema <strong>HIV <\/strong>auch lokal sichtbar gemacht. Doch auch hier gilt: Ohne ausreichende finanzielle und politische Unterst\u00fctzung ist nachhaltige <strong>Pr\u00e4ventionsarbeit <\/strong>kaum m\u00f6glich.<\/p>\n<p>\u201eGerade jungen Menschen fehlt heute oft das Bewusstsein f\u00fcr das Thema HIV \u2013 nicht, weil es keine Gefahr mehr darstellt, sondern weil die \u00f6ffentliche Debatte stark nachgelassen hat\u201c, gibt <strong>Daniel Viebach<\/strong> von der <strong>Aidshilfe Wuppertal <\/strong>zu bedenken.<\/p>\n<p>HIV\/Aids: Wie Deutschland von globalen Gesundheitsprogrammen profitiert<\/p>\n<p>\u201eHIV kennt keine Grenzen. Und Aids ist nach wie vor nicht heilbar. Wenn weltweit weniger Menschen Zugang zu Medikamenten und Aufkl\u00e4rung haben, kann uns das am Ende alle betreffen\u201c, erkl\u00e4rt <strong>Susann Heichel<\/strong>, von der <strong>Aidshilfe Wuppertal<\/strong>. Auch <strong>Deutschland <\/strong>profitiere indirekt von <strong>globalen Gesundheitsprogrammen<\/strong>: Diese w\u00fcrden neue Infektionsketten verhindern, gesellschaftliche Strukturen stabilisieren und internationale Zusammenarbeit im Gesundheitswesen erm\u00f6glichen.<\/p>\n<p>Durch <strong>Veranstaltungen, Informationskampagnen und Bildungsangebote<\/strong> schafft der Arbeitskreis R\u00e4ume f\u00fcr Begegnung und Austausch \u2013 und erinnert daran, dass HIV auch heute noch ein wichtiges gesellschaftliches Thema ist, das Solidarit\u00e4t und Engagement erfordert. \u00bb<a href=\"https:\/\/www.blickfeld-wuppertal.de\/ueber-uns\/blickfeld-redaktion\" target=\"_blank\" rel=\"noopener\">red<\/a>\u00ab<\/p>\n<p>Das diesj\u00e4hrige <strong>Aktionsprogramm <\/strong>findet sich unter: <\/p>\n","protected":false},"excerpt":{"rendered":"In Wuppertal engagiert sich der Arbeitskreis Welt-Aids-Tag seit Jahren f\u00fcr Aufkl\u00e4rung, Solidarit\u00e4t und Pr\u00e4vention. Durch Aktionen zum Welt-Aids-Tag,&hellip;\n","protected":false},"author":2,"featured_media":611222,"comment_status":"","ping_status":"","sticky":false,"template":"","format":"standard","meta":{"footnotes":""},"categories":[137],"tags":[29,30,141,232,16375,1458,4418],"class_list":{"0":"post-611221","1":"post","2":"type-post","3":"status-publish","4":"format-standard","5":"has-post-thumbnail","7":"category-gesundheit","8":"tag-deutschland","9":"tag-germany","10":"tag-gesundheit","11":"tag-health","12":"tag-red","13":"tag-soziales","14":"tag-wuppertal"},"share_on_mastodon":{"url":"https:\/\/pubeurope.com\/@de\/115633690077908022","error":""},"_links":{"self":[{"href":"https:\/\/www.europesays.com\/de\/wp-json\/wp\/v2\/posts\/611221","targetHints":{"allow":["GET"]}}],"collection":[{"href":"https:\/\/www.europesays.com\/de\/wp-json\/wp\/v2\/posts"}],"about":[{"href":"https:\/\/www.europesays.com\/de\/wp-json\/wp\/v2\/types\/post"}],"author":[{"embeddable":true,"href":"https:\/\/www.europesays.com\/de\/wp-json\/wp\/v2\/users\/2"}],"replies":[{"embeddable":true,"href":"https:\/\/www.europesays.com\/de\/wp-json\/wp\/v2\/comments?post=611221"}],"version-history":[{"count":0,"href":"https:\/\/www.europesays.com\/de\/wp-json\/wp\/v2\/posts\/611221\/revisions"}],"wp:featuredmedia":[{"embeddable":true,"href":"https:\/\/www.europesays.com\/de\/wp-json\/wp\/v2\/media\/611222"}],"wp:attachment":[{"href":"https:\/\/www.europesays.com\/de\/wp-json\/wp\/v2\/media?parent=611221"}],"wp:term":[{"taxonomy":"category","embeddable":true,"href":"https:\/\/www.europesays.com\/de\/wp-json\/wp\/v2\/categories?post=611221"},{"taxonomy":"post_tag","embeddable":true,"href":"https:\/\/www.europesays.com\/de\/wp-json\/wp\/v2\/tags?post=611221"}],"curies":[{"name":"wp","href":"https:\/\/api.w.org\/{rel}","templated":true}]}}