{"id":611281,"date":"2025-11-29T15:59:19","date_gmt":"2025-11-29T15:59:19","guid":{"rendered":"https:\/\/www.europesays.com\/de\/611281\/"},"modified":"2025-11-29T15:59:19","modified_gmt":"2025-11-29T15:59:19","slug":"erste-uk-wer-wird-millionaer-siegerin-ruehrte-geld-nicht-an","status":"publish","type":"post","link":"https:\/\/www.europesays.com\/de\/611281\/","title":{"rendered":"Erste UK-&#8222;Wer wird Million\u00e4r?&#8220;-Siegerin r\u00fchrte Geld nicht an"},"content":{"rendered":"<p style=\"order:0\" class=\"spanFix max-w-[750px] leading-[30px] sm:text-[22px] sm:leading-[38px] sm:text-[22px] sm:leading-[38px]\">Vor 25 Jahren, am 20. November 2000, schrieb Judith Keppel Geschichte, als sie als erste Britin den Hauptgewinn bei &#8222;Who Wants to Be a Millionaire?&#8220; einstrich. Die entscheidende Frage lautete: &#8222;Welcher K\u00f6nig war mit Eleonore von Aquitanien verheiratet?&#8220;, wie das Online-Portal Filmstarts berichtet. <b>Dank ihres Besuchs am Grab der Herzogin wenige Zeit zuvor wusste sie sicher, dass Heinrich II. die richtige Antwort war.<\/b> Im Publikum staunte ihre Tochter ungl\u00e4ubig, als Judith sich mit dieser Antwort die Million Pfund sicherte.<\/p>\n<p style=\"order:3\" class=\"spanFix max-w-[750px] leading-[30px] sm:text-[22px] sm:leading-[38px] sm:text-[22px] sm:leading-[38px]\">Mit ihrem Gewinn ging die damalige Quizshow-Siegerin denkbar bescheiden um. Lediglich einen Urlaub in Indien zusammen mit ihrer Tochter und die Spende eines Jeeps an eine Tierschutzorganisation leistete sich Judith von ihrer Gewinnsumme. <b>Den Rest vertraute sie einem Finanzberater an, der diese klug verwaltete.<\/b> Heute ist die Million dank geschickter Investitionen auf das Doppelte angewachsen \u2013 eine Seltenheit in einer Zeit, in der gro\u00dfe Gewinne oft schnell verblassen. Judith blieb nach ihrem historischen Sieg eine bekannte Pers\u00f6nlichkeit im britischen Fernsehen und war \u00fcber Jahre hinweg als Teilnehmerin der Quizsendung &#8222;Eggheads&#8220; zu sehen, bevor sie sich schlie\u00dflich aus der \u00d6ffentlichkeit zur\u00fcckzog.<\/p>\n<p style=\"order:6\" class=\"spanFix max-w-[750px] leading-[30px] sm:text-[22px] sm:leading-[38px] sm:text-[22px] sm:leading-[38px]\">Einen ganz anderen Weg nahm <a target=\"_self\" data-google-interstitial=\"true\" href=\"https:\/\/www.promiflash.de\/news\/2025\/11\/16\/erste-wer-wird-millionaer-gewinnerin-starb-in-armut.html\" rel=\"noopener\">das Schicksal<\/a> von Marlene Grabherr, der ersten Frau, die bei <a target=\"_self\" data-google-interstitial=\"true\" href=\"https:\/\/www.promiflash.de\/thema\/wer-wird-millionaer\/\" rel=\"noopener\">Wer wird Million\u00e4r?<\/a> in Deutschland eine Million gewann. Die ehemalige Hausfrau geriet nach ihrem pl\u00f6tzlichen Reichtum immer mehr in Schwierigkeiten. <b>&#8222;Mir ist endg\u00fcltig nichts mehr geblieben. Nur noch das H\u00e4uschen, das wir gekauft haben. Wir m\u00fcssen sehen, wie wir \u00fcber die Runden kommen&#8220;<\/b>, gestand Marlene einst im Gespr\u00e4ch mit Bild. Viele der gro\u00dfz\u00fcgig verliehenen Betr\u00e4ge an Freunde und Familie bekam sie nie zur\u00fcck, und am Ende blieb von der Million kaum etwas \u00fcbrig.<\/p>\n<p><img class=\"top-0  absolute h-full w-full object-cover\" alt=\"Judith Keppel bei &quot;Who Wants to Be a Millionaire?&quot; mit Chris Tarrant im Studio Elstree\" width=\"854\" height=\"480\" decoding=\"async\"  loading=\"lazy\" style=\"background-size:cover;background-position:50% 50%;background-repeat:no-repeat;background-image:url(&quot;data:image\/svg+xml;charset=utf-8,%3Csvg xmlns='http:\/\/www.w3.org\/2000\/svg' viewBox='0 0 640 640'%3E%3Cfilter id='b' color-interpolation-filters='sRGB'%3E%3CfeGaussianBlur stdDeviation='20'\/%3E%3CfeColorMatrix values='1 0 0 0 0 0 1 0 0 0 0 0 1 0 0 0 0 0 100 -1' result='s'\/%3E%3CfeFlood x='0' y='0' width='100%25' height='100%25'\/%3E%3CfeComposite operator='out' in='s'\/%3E%3CfeComposite in2='SourceGraphic'\/%3E%3CfeGaussianBlur stdDeviation='20'\/%3E%3C\/filter%3E%3Cimage width='100%25' height='100%25' x='0' y='0' preserveAspectRatio='none' style='filter: url(%23b);' href='data:image\/png;base64,iVBORw0KGgoAAAANSUhEUgAAABAAAAAQCAYAAAAf8\/9hAAAEG0lEQVR4AQEQBO\/7AEBUXv9HUVv\/VklV\/2c9Sv9zKzz\/ehMs\/3kAHf9yABb\/ZAAb\/1MWJf9AJS3\/My0z\/zYxNf9CMTT\/UDAx\/1ktL\/8ARVZe\/0tUXP9ZTVb\/aUJL\/3QzPv96Ii\/\/ehEi\/3IMHf9lFyD\/VCQo\/0EtL\/80MzT\/NTU1\/0E1M\/9OMjD\/Vy8t\/wBSXmD\/V1xe\/2JWWP9uTU\/\/eEND\/305N\/98Mi3\/dTEp\/2g1K\/9XOjD\/RT40\/zhANv82QDb\/Pjwy\/0k4LP9RNCf\/AGNnYv9mZmH\/bmFb\/3hbU\/9\/VEn\/gk0\/\/4FKOP96STX\/bks1\/15NOP9NTjr\/P005\/zlKNf87RS\/\/Qj8m\/0g6Hv8AdXFl\/3hwY\/99bF7\/hGdX\/4phTv+MXEX\/ilk\/\/4NZPP94WTz\/aVo9\/1laPf9KVzr\/QFI0\/z1MKv8+RBz\/Qj4K\/wCHemj\/iXlm\/411Yf+TcFn\/l2pQ\/5hlR\/+WYkH\/kGE+\/4VhPf93YT7\/aGA9\/1lcOf9MVzH\/RE8j\/0FHC\/9AQAD\/AJeDa\/+YgWn\/nX1j\/6J2Wv+mb1D\/p2hF\/6VjPf+fYTn\/lWA4\/4hgOv94Xzn\/aVw1\/1tXLP9RTxr\/SkcA\/0dAAP8ApYpw\/6aIbv+rg2f\/sHpb\/7RvTf+2ZT\/\/tF0y\/65ZLP+lWC3\/mFkx\/4laM\/96WDD\/a1Mn\/19NEv9XRAD\/Uj0A\/wCwknj\/so91\/7aHbP+7fF3\/wG1L\/8JeNf\/BUR\/\/vEoR\/7NKF\/+nTST\/mVAs\/4lRLf97Tib\/bkgR\/2RAAP9eOQD\/ALmZgv+7ln\/\/v4x0\/8N9Yv\/IaUr\/ylQr\/8pAAP\/GNAD\/vjYA\/7M+F\/+mRyr\/l0sw\/4hLLP96RRz\/bj0A\/2c0AP8AwKKQ\/8Gei\/\/Ekn\/\/yIBq\/8tnTv\/OSib\/ziwA\/8sWAP\/GIAD\/vTQX\/7FDMf+jSzr\/k0w4\/4RGK\/91PA7\/azIA\/wDEqp7\/xKaZ\/8aZjP\/IhHX\/ymhW\/8xFK\/\/NGwD\/zAAA\/8kYAP\/DNyf\/uUk+\/6xTSP+cU0b\/ikw7\/3hAJv9qMwD\/AMWzrP\/Fr6f\/xaCZ\/8SKgf\/FbGH\/xkc3\/8gdAP\/JBAD\/ySkN\/8ZFOf+\/V07\/s19X\/6JfVf+NVkr\/dkc2\/2M3Gv8Axru5\/8W2tP\/CqKX\/vpCN\/7xybP+8TkT\/vy0R\/8MmAP\/GPiz\/xlZK\/8JmXf+3bWX\/pWti\/45hVv9yUEL\/Vz0p\/wDFwsP\/w72+\/76urv+4lpb\/s3h1\/7JWT\/+1Oyn\/vDoh\/8JPPf\/GZVf\/w3Rp\/7l6cP+ndmz\/jWpg\/2tXS\/9IQzP\/AMXGyv\/CwcT\/u7K1\/7OanP+sfHv\/qVxW\/61FNf+2Ri\/\/v1pH\/8VuX\/\/EfHD\/u4F2\/6h9c\/+McGX\/ZlxR\/zlHOf\/NFyX+tWuEowAAAABJRU5ErkJggg=='\/%3E%3C\/svg%3E&quot;)\" src=\"https:\/\/www.europesays.com\/de\/wp-content\/uploads\/2025\/11\/judith-keppel-haelt-ein-sektglas-in-der-hand.jpg\" fetchpriority=\"auto\"\/>Imago<img decoding=\"async\" alt=\"Bilder Gallerie Button\" class=\"absolute bottom-[7px] right-[3px] w-[54px] h-[54px] group-hover:scale-110 transition-transform duration-300\" src=\"https:\/\/www.europesays.com\/de\/wp-content\/uploads\/2025\/11\/galerie_button.png\" loading=\"lazy\"\/>Judith Keppel bei &#8222;Who Wants to Be a Millionaire?&#8220; mit Chris Tarrant im Studio Elstree<img class=\"top-0  absolute h-full w-full object-cover\" alt=\"G\u00fcnther Jauch bei &quot;Wer wird Million\u00e4r?&quot;\" width=\"854\" height=\"480\" decoding=\"async\"  loading=\"lazy\" style=\"background-size:cover;background-position:50% 50%;background-repeat:no-repeat;background-image:url(&quot;data:image\/svg+xml;charset=utf-8,%3Csvg xmlns='http:\/\/www.w3.org\/2000\/svg' viewBox='0 0 640 640'%3E%3Cfilter id='b' color-interpolation-filters='sRGB'%3E%3CfeGaussianBlur stdDeviation='20'\/%3E%3CfeColorMatrix values='1 0 0 0 0 0 1 0 0 0 0 0 1 0 0 0 0 0 100 -1' result='s'\/%3E%3CfeFlood x='0' y='0' width='100%25' height='100%25'\/%3E%3CfeComposite operator='out' in='s'\/%3E%3CfeComposite in2='SourceGraphic'\/%3E%3CfeGaussianBlur stdDeviation='20'\/%3E%3C\/filter%3E%3Cimage width='100%25' height='100%25' x='0' y='0' preserveAspectRatio='none' style='filter: url(%23b);' href='data:image\/png;base64,iVBORw0KGgoAAAANSUhEUgAAABAAAAAQCAYAAAAf8\/9hAAAEG0lEQVR4AQEQBO\/7AGZ\/sv9ie67\/Vm+i\/0Rcjv8zRXb\/MTFe\/0MwTP9bQUr\/cFZV\/35lY\/+DbW3\/fmxw\/25ha\/9RSl7\/DyFM\/wAAOP8AZHyx\/2B4rf9UbKH\/QVmN\/y9Cdv8uL17\/Qi9N\/1tCS\/9xV1f\/f2Zk\/4Vubv+AbXD\/cGFr\/1JKXv8QIEz\/AAA4\/wBfcq7\/Wm6q\/0xinv84Tov\/Izd0\/yYmXv9ALU\/\/XERP\/3NaWv+DaWj\/iHFx\/4Rvcv9zY23\/VUtf\/xMfTP8AADb\/AFZjqv9RX6b\/QVKa\/yc9iP8BJHP\/FRde\/z0sUv9eR1T\/d15g\/4dubP+OdXX\/iXN2\/3hmb\/9ZTWD\/Fx1M\/wAANf8ATFCn\/0VLo\/8yPZj\/AySG\/wAAcv8AAGD\/OyxW\/2BMWv97ZGb\/jHNy\/5J6ef+Od3n\/fGly\/11PY\/8aHU7\/AAA3\/wBBO6b\/OjWi\/yEil\/8AAIf\/AABz\/wAAY\/87MFv\/YlFg\/31pa\/+PeHb\/ln59\/5F7ff9\/bHX\/X1Jm\/x0gUf8AADv\/ADkpp\/8xIaT\/EgCZ\/wAAif8AAHf\/AABn\/zw2YP9jV2T\/fm5v\/5B8ev+WgoD\/kX6A\/4BveP9fVGn\/HSRW\/wAAQf8ANSOr\/y0bp\/8OAJ3\/AACN\/wAAe\/8AD2z\/Pz1k\/2RbZ\/9+cXH\/jn97\/5SEgf+Pf4H\/fXF6\/11Wbf8cKlv\/AABJ\/wA0K67\/Liar\/xYToP8AAJH\/AAB\/\/xMhb\/9DQ2f\/Y15o\/3tycf+Kf3r\/j4OA\/4l\/gf94cXv\/WVdv\/xkuYP8AAFH\/ADU3sP8wM63\/Hyej\/wAYlP8AFoL\/ISxy\/0RGaP9hXmf\/dnBu\/4N8d\/+IgX3\/gnx+\/3Fuev9TV3D\/EzFk\/wAAWP8AND+v\/zA7rP8jMqL\/DyaU\/wwigv8oMHL\/REVn\/1xbZP9vbGn\/e3dx\/357eP95d3r\/aGp3\/0xUb\/8JMWb\/AABd\/wAvQKr\/Kz2n\/yA0nv8QKZD\/ECR\/\/yctb\/9AQGP\/VlRf\/2dkY\/9yb2n\/dHNw\/29vcv9fY3H\/Q05s\/wAuZv8AAGD\/ACM7of8fOJ7\/Ei6W\/wAiif8AGXn\/HyJq\/zk2Xv9OSln\/Xlpa\/2hkYP9raWb\/ZWVp\/1Zaav87R2j\/AChk\/wAAYP8ACS6U\/wAqkv8AHor\/AAd\/\/wAAcf8IBWP\/LiVX\/0U8Uf9WTVH\/YFhV\/2JdW\/9dWl\/\/T1Bh\/zQ9Yf8AHmD\/AABf\/wAAFYf\/AA2F\/wAAfv8AAHX\/AABp\/wAAXP8fA1H\/PCtK\/04\/SP9ZTEv\/XFFQ\/1dPVf9JRVn\/LjNb\/wAQXP8AAF3\/AAAAfP8AAHr\/AAB1\/wAAbP8AAGL\/AABW\/w8ATP81GUT\/STNB\/1RBQ\/9YSEj\/VEZN\/0Y9U\/8rK1f\/AABZ\/wAAW\/9YTe2p0c9DdwAAAABJRU5ErkJggg=='\/%3E%3C\/svg%3E&quot;)\" src=\"https:\/\/www.europesays.com\/de\/wp-content\/uploads\/2025\/11\/guenther-jauch-schaut-skeptisch.jpg\" fetchpriority=\"auto\"\/>RTL \/ Guido Engels<img decoding=\"async\" alt=\"Bilder Gallerie Button\" class=\"absolute bottom-[7px] right-[3px] w-[54px] h-[54px] group-hover:scale-110 transition-transform duration-300\" src=\"https:\/\/www.europesays.com\/de\/wp-content\/uploads\/2025\/11\/galerie_button.png\" loading=\"lazy\"\/>G\u00fcnther Jauch bei &#8222;Wer wird Million\u00e4r?&#8220;<img class=\"top-0  absolute h-full w-full object-cover\" alt=\"G\u00fcnther Jauch mit seinen Kandidaten bei &quot;Wer wird Million\u00e4r?&quot;\" width=\"854\" height=\"480\" decoding=\"async\"  loading=\"lazy\" style=\"background-size:cover;background-position:50% 50%;background-repeat:no-repeat;background-image:url(&quot;data:image\/svg+xml;charset=utf-8,%3Csvg xmlns='http:\/\/www.w3.org\/2000\/svg' viewBox='0 0 640 640'%3E%3Cfilter id='b' color-interpolation-filters='sRGB'%3E%3CfeGaussianBlur stdDeviation='20'\/%3E%3CfeColorMatrix values='1 0 0 0 0 0 1 0 0 0 0 0 1 0 0 0 0 0 100 -1' result='s'\/%3E%3CfeFlood x='0' y='0' width='100%25' height='100%25'\/%3E%3CfeComposite operator='out' in='s'\/%3E%3CfeComposite in2='SourceGraphic'\/%3E%3CfeGaussianBlur stdDeviation='20'\/%3E%3C\/filter%3E%3Cimage width='100%25' height='100%25' x='0' y='0' preserveAspectRatio='none' style='filter: url(%23b);' href='data:image\/png;base64,iVBORw0KGgoAAAANSUhEUgAAABAAAAAQCAYAAAAf8\/9hAAAEG0lEQVR4AQEQBO\/7AAAAAP8AAAD\/AAAA\/wAAKf8AE0L\/MypV\/0s5Y\/9ZQ23\/YUtz\/2NOdP9fTnD\/VEtm\/0JFWP8gPEP\/ADEm\/wAoAP8AAAAA\/wAAAP8AAAD\/AAAo\/wAFQf8yJVT\/SjZj\/1pBbf9iSXP\/ZEx0\/2BMcP9WSGf\/QkFX\/x82Qf8AKB\/\/ABoA\/wAAAAD\/AAAA\/wAAAP8AACT\/AAA+\/zIVUv9LLmL\/XDxt\/2VFdP9oSXb\/ZUhy\/1pCaP9GNlb\/HyM8\/wAAA\/8AAAD\/AAAAAP8AAAD\/AAAA\/wAAJf8AAD7\/NQBS\/08oY\/9gOm\/\/a0R3\/29Jev9sR3b\/YT5s\/00sWf8mADv\/AAAA\/wAAAP8AAAAA\/wAABP8AABz\/AAAx\/xwARf9ADFj\/WDBo\/2lCdv90TH\/\/eVGC\/3dOf\/9sRXX\/WDFi\/zYARP8AAAD\/AAAA\/wAAAC3\/AAAw\/wAAOP8XAEX\/OQxU\/1ExZf9mRXT\/dlSB\/4Fdi\/+GYY7\/hF+M\/3pXgv9oR3H\/SyxY\/xcAM\/8AAAD\/ABwASP8hAEr\/LhdR\/0AsW\/9TP2j\/ZVB2\/3dfhP+Fa5H\/j3Oa\/5N3nf+Sdpv\/iW+T\/3ljhf9iU3D\/RD5Y\/xsoQP8AQj9e\/0VCYP9OSWb\/WlNw\/2pffP95bIn\/iHiW\/5WCov+eiar\/oo2t\/6CMrP+Yh6X\/in6Y\/3hziP9iZnf\/Tlxo\/wBYXW\/\/W19x\/2NkeP9vbYL\/fXeO\/4yCm\/+ZjKf\/pJWx\/6ucuf+un7z\/rJ+6\/6WbtP+Zlar\/ioyd\/3mDj\/9rfIX\/AGZue\/9pcH3\/cnWF\/35+kP+Mh5z\/mpKp\/6ebtf+xpL\/\/t6rF\/7mtyP+3rcb\/sKnA\/6Wkt\/+Ynaz\/ipah\/3+Qmf8AbnWB\/3J3hP97fYz\/iIaY\/5eQpv+lmrP\/saS\/\/7usyP\/Asc7\/wbPQ\/76zzv+3sMj\/rau\/\/6Cltf+Unqv\/ipqj\/wBwcoH\/dHWF\/398jv+Ohpz\/nZGq\/6ycuP+4pcT\/wa3N\/8ax0v\/Hs9T\/w7LR\/7uvyv+wqcH\/pKO3\/5edrP+OmKX\/AG1lfP9yaYD\/fnGL\/45+mv+fiqr\/r5a5\/7ygxf\/Fp87\/yavT\/8ms1P\/FqtD\/vKXI\/7Cfvv+il7L\/lZCm\/4uLnv8AZkx0\/2xReP96XoX\/jG6V\/55+p\/+vi7f\/vJbD\/8adzf\/KodH\/yqDR\/8SczP+7lsP\/rY23\/56Dqf+Oepv\/gnOQ\/wBeHGn\/ZClu\/3RCff+IWY\/\/nG2i\/61+sv+7isD\/xZHJ\/8qUzv\/Jks3\/w4zH\/7iCvf+pdq7\/l2id\/4VajP93T3\/\/AFcAYP9eAGb\/bxl2\/4REif+ZX53\/rHKv\/7p\/vf\/Ehsb\/yYnL\/8iGyv\/CfsP\/tnG3\/6Zgp\/+STJP\/fjR\/\/20Xb\/94JkUChcYdmAAAAABJRU5ErkJggg=='\/%3E%3C\/svg%3E&quot;)\" src=\"https:\/\/www.europesays.com\/de\/wp-content\/uploads\/2025\/11\/guenther-jauch-mit-seinen-kandidaten-bei-wer-wird-millionaer.jpg\" fetchpriority=\"auto\"\/>RTL<img decoding=\"async\" alt=\"Bilder Gallerie Button\" class=\"absolute bottom-[7px] right-[3px] w-[54px] h-[54px] group-hover:scale-110 transition-transform duration-300\" src=\"https:\/\/www.europesays.com\/de\/wp-content\/uploads\/2025\/11\/galerie_button.png\" loading=\"lazy\"\/>G\u00fcnther Jauch mit seinen Kandidaten bei &#8222;Wer wird Million\u00e4r?&#8220;<\/p>\n<p>Was haltet ihr von Judiths bescheidenem Umgang mit ihrem Gewinn?<\/p>\n<p>Ergebnis anzeigen<\/p>\n","protected":false},"excerpt":{"rendered":"Vor 25 Jahren, am 20. November 2000, schrieb Judith Keppel Geschichte, als sie als erste Britin den Hauptgewinn&hellip;\n","protected":false},"author":2,"featured_media":611282,"comment_status":"","ping_status":"","sticky":false,"template":"","format":"standard","meta":{"footnotes":""},"categories":[3976],"tags":[331,332,13,14,15,12,3992,3993,3994,3995,3996,3997],"class_list":{"0":"post-611281","1":"post","2":"type-post","3":"status-publish","4":"format-standard","5":"has-post-thumbnail","7":"category-vereinigtes-koenigreich","8":"tag-aktuelle-nachrichten","9":"tag-aktuelle-news","10":"tag-headlines","11":"tag-nachrichten","12":"tag-news","13":"tag-schlagzeilen","14":"tag-uk","15":"tag-united-kingdom","16":"tag-united-kingdom-of-great-britain-and-northern-ireland","17":"tag-vereinigtes-koenigreich","18":"tag-vereinigtes-koenigreich-grossbritannien-und-nordirland","19":"tag-vereinigtes-koenigreich-von-grossbritannien-und-nordirland"},"share_on_mastodon":{"url":"https:\/\/pubeurope.com\/@de\/115633821686704415","error":""},"_links":{"self":[{"href":"https:\/\/www.europesays.com\/de\/wp-json\/wp\/v2\/posts\/611281","targetHints":{"allow":["GET"]}}],"collection":[{"href":"https:\/\/www.europesays.com\/de\/wp-json\/wp\/v2\/posts"}],"about":[{"href":"https:\/\/www.europesays.com\/de\/wp-json\/wp\/v2\/types\/post"}],"author":[{"embeddable":true,"href":"https:\/\/www.europesays.com\/de\/wp-json\/wp\/v2\/users\/2"}],"replies":[{"embeddable":true,"href":"https:\/\/www.europesays.com\/de\/wp-json\/wp\/v2\/comments?post=611281"}],"version-history":[{"count":0,"href":"https:\/\/www.europesays.com\/de\/wp-json\/wp\/v2\/posts\/611281\/revisions"}],"wp:featuredmedia":[{"embeddable":true,"href":"https:\/\/www.europesays.com\/de\/wp-json\/wp\/v2\/media\/611282"}],"wp:attachment":[{"href":"https:\/\/www.europesays.com\/de\/wp-json\/wp\/v2\/media?parent=611281"}],"wp:term":[{"taxonomy":"category","embeddable":true,"href":"https:\/\/www.europesays.com\/de\/wp-json\/wp\/v2\/categories?post=611281"},{"taxonomy":"post_tag","embeddable":true,"href":"https:\/\/www.europesays.com\/de\/wp-json\/wp\/v2\/tags?post=611281"}],"curies":[{"name":"wp","href":"https:\/\/api.w.org\/{rel}","templated":true}]}}