{"id":611354,"date":"2025-11-29T16:44:13","date_gmt":"2025-11-29T16:44:13","guid":{"rendered":"https:\/\/www.europesays.com\/de\/611354\/"},"modified":"2025-11-29T16:44:13","modified_gmt":"2025-11-29T16:44:13","slug":"kronleuchter-arm-faellt-von-der-decke-zwei-konzertbesucher-in-berlin-verletzt-regional","status":"publish","type":"post","link":"https:\/\/www.europesays.com\/de\/611354\/","title":{"rendered":"Kronleuchter-Arm f\u00e4llt von der Decke \u2013 zwei Konzertbesucher in Berlin verletzt | Regional"},"content":{"rendered":"<p>Berlin \u2013 <b>Beim Konzert von DJ David Puentez am Freitagabend im legend\u00e4ren Metropol am Nollendorfplatz in Berlin-Sch\u00f6neberg musste eine Besucherin (30) mit Kopfverletzungen in ein Krankenhaus gebracht werden. Ein anderer Besucher (32) erlitt eine Schnittwunde am Oberarm.<\/b><\/p>\n<p>Besucher berichten BILD, dass sich eine Gl\u00fchbirne samt Einfassung aus einem der Kronleuchter an der Decke des historischen Konzertsaals in <a href=\"https:\/\/www.bild.de\/regional\/berlin\/berlin-regional\/home-15823246.bild.html\" class=\"text-link\" rel=\"nofollow noopener\" target=\"_blank\">Berlin<\/a> gel\u00f6st hat und ins Publikum gefallen ist! Auf der Tanzfl\u00e4che wurde ein abgebrochener Glasarm des Leuchters gefunden.<\/p>\n<p>Zuschauerin ging getroffen zu Boden<\/p>\n<p>Im Saal tanzte und feierte das Publikum in dem Moment ausgelassen zu den Kl\u00e4ngen von David Puentez (u. a. 400.000 Follower bei Instagram). Dann gab es pl\u00f6tzlich Aufregung, weil eine Besucherin zu Boden gegangen war \u2013 getroffen von der Gl\u00fchbirne samt Halterung. Auch ein Mann wurde am Arm getroffen.<\/p>\n<p>Das Publikum reagierte schnell und machte den K\u00fcnstler auf den Unfall aufmerksam. Das <a href=\"https:\/\/www.bild.de\/themen\/ereignisse\/musikalische-grossveranstaltungen\/news-nachrichten-news-konzerte-festivals-19185978.bild.html\" class=\"text-link\" rel=\"nofollow noopener\" target=\"_blank\">Konzert<\/a> wurde sofort unterbrochen, die Fans r\u00e4umten den Bereich unter dem Kronleuchter.<\/p>\n<p>Mehr zum Thema<\/p>\n<p><a href=\"https:\/\/www.bild.de\/regional\/aktuelles\/polizei\/polizeieinsatz-alle-infos-76681760.bild.html\" class=\"text-link\" rel=\"nofollow noopener\" target=\"_blank\">Polizei<\/a>-Sprecher \u00d6mer Kelesoglu best\u00e4tigte gegen\u00fcber BILD: \u201eUm 22.30 Uhr wurden eine Frau und ein Mann durch herabfallende Teile eines Kronleuchters <a href=\"https:\/\/www.bild.de\/themen\/ereignisse\/verletzungen\/news-fotos-videos-17009840.bild.html\" class=\"text-link\" rel=\"nofollow noopener\" target=\"_blank\">verletzt<\/a>. Beide wurden umgehend von Rettungskr\u00e4ften versorgt. Die Frau erlitt eine Kopfverletzung, der Mann eine Schnittwunde am Oberarm.\u201c<\/p>\n<p>Konzert abgebrochen<\/p>\n<p>Der Veranstalter habe den Bereich im Saal sofort r\u00e4umen lassen und das <a href=\"https:\/\/www.bild.de\/themen\/ereignisse\/musikalische-grossveranstaltungen\/news-nachrichten-news-konzerte-festivals-19185978.bild.html\" class=\"text-link\" rel=\"nofollow noopener\" target=\"_blank\">Konzert<\/a> beendet, so der Sprecher weiter.<\/p>\n<p><img decoding=\"async\" width=\"992\" height=\"1178\" alt=\"Bei Instagram meldete sich David Puentez zum Unfall bei seinem Berliner Konzert\" src=\"https:\/\/www.europesays.com\/de\/wp-content\/uploads\/2025\/11\/c4fd7021caab67f246eba3ffd5798f5a,1057183b\"   class=\"portrait\" loading=\"lazy\"\/><\/p>\n<p class=\"fig__caption__text\">Bei Instagram meldete sich David Puentez zum Unfall bei seinem Berliner Konzert<\/p>\n<p>Foto: davidpuentez\/Instagram<\/p>\n<p>Kelesoglu: \u201eDie Ermittlungen zur Ursache des Vorfalls und hinsichtlich der Verantwortung f\u00fcr den Zustand der Kronleuchter dauern an. Man hat einen abgebrochenen Glasarm mit Kerzenhalterung am Boden gefunden.\u201c<\/p>\n<p><b>Der Star-DJ w\u00fcnschte den Verletzten via Instagram gute Besserung. Ein BILD-Leser berichtete, dass bei dem Auftritt auch mit Konfetti-Kanonen und CO\u2082-Kanonen geschossen wurde. Ob der Kronleuchter dabei besch\u00e4digt wurde, d\u00fcrfte ebenfalls Gegenstand der polizeilichen Ermittlungen sein.<\/b><\/p>\n","protected":false},"excerpt":{"rendered":"Berlin \u2013 Beim Konzert von DJ David Puentez am Freitagabend im legend\u00e4ren Metropol am Nollendorfplatz in Berlin-Sch\u00f6neberg musste&hellip;\n","protected":false},"author":2,"featured_media":611355,"comment_status":"","ping_status":"","sticky":false,"template":"","format":"standard","meta":{"footnotes":""},"categories":[1825],"tags":[296,29,30,1310,121,17644,45],"class_list":{"0":"post-611354","1":"post","2":"type-post","3":"status-publish","4":"format-standard","5":"has-post-thumbnail","7":"category-berlin","8":"tag-berlin","9":"tag-deutschland","10":"tag-germany","11":"tag-konzert","12":"tag-polizei","13":"tag-schoeneberg","14":"tag-texttospeech"},"share_on_mastodon":{"url":"","error":""},"_links":{"self":[{"href":"https:\/\/www.europesays.com\/de\/wp-json\/wp\/v2\/posts\/611354","targetHints":{"allow":["GET"]}}],"collection":[{"href":"https:\/\/www.europesays.com\/de\/wp-json\/wp\/v2\/posts"}],"about":[{"href":"https:\/\/www.europesays.com\/de\/wp-json\/wp\/v2\/types\/post"}],"author":[{"embeddable":true,"href":"https:\/\/www.europesays.com\/de\/wp-json\/wp\/v2\/users\/2"}],"replies":[{"embeddable":true,"href":"https:\/\/www.europesays.com\/de\/wp-json\/wp\/v2\/comments?post=611354"}],"version-history":[{"count":0,"href":"https:\/\/www.europesays.com\/de\/wp-json\/wp\/v2\/posts\/611354\/revisions"}],"wp:featuredmedia":[{"embeddable":true,"href":"https:\/\/www.europesays.com\/de\/wp-json\/wp\/v2\/media\/611355"}],"wp:attachment":[{"href":"https:\/\/www.europesays.com\/de\/wp-json\/wp\/v2\/media?parent=611354"}],"wp:term":[{"taxonomy":"category","embeddable":true,"href":"https:\/\/www.europesays.com\/de\/wp-json\/wp\/v2\/categories?post=611354"},{"taxonomy":"post_tag","embeddable":true,"href":"https:\/\/www.europesays.com\/de\/wp-json\/wp\/v2\/tags?post=611354"}],"curies":[{"name":"wp","href":"https:\/\/api.w.org\/{rel}","templated":true}]}}