{"id":611382,"date":"2025-11-29T16:59:18","date_gmt":"2025-11-29T16:59:18","guid":{"rendered":"https:\/\/www.europesays.com\/de\/611382\/"},"modified":"2025-11-29T16:59:18","modified_gmt":"2025-11-29T16:59:18","slug":"ex-legt-gestaendnis-ab-vermisstes-model-stefanie-p-tot-aufgefunden-news","status":"publish","type":"post","link":"https:\/\/www.europesays.com\/de\/611382\/","title":{"rendered":"Ex legt Gest\u00e4ndnis ab: Vermisstes Model Stefanie P. tot aufgefunden | News"},"content":{"rendered":"<p>Graz (\u00d6sterreich) \u2013 <b>Seit dem 23. November fehlte von Beauty-Influencerin Stefanie P. (32) jede Spur \u2013 nun ist klar: Sie ist tot. Das best\u00e4tigte die \u00f6sterreichische Polizei am Samstag auf BILD-Anfrage.<\/b><\/p>\n<p>\u201eIhr Leichnam ist heute in Slowenien aufgefunden worden\u201c, erkl\u00e4rte ein Polizeisprecher. Medienberichte, wonach die junge Frau leblos in einem Koffer lag, wollten die Beh\u00f6rden zun\u00e4chst nicht kommentieren. Weitere Details zum derzeitigen Ermittlungsstand sollen erst am Sonntag in einer Pressekonferenz bekannt gegeben werden.<\/p>\n<p><img decoding=\"async\" width=\"992\" height=\"1178\" alt=\"Stefanie P. verschwand nach einer Weihnachtsfeier spurlos\" src=\"https:\/\/www.europesays.com\/de\/wp-content\/uploads\/2025\/11\/ebd42034d4f4f1e31633e0aebfc3dd71,f46a00cb\"   class=\"portrait\" loading=\"lazy\"\/><\/p>\n<p class=\"fig__caption__text\">Model Stefanie P. verschwand nach einer Weihnachtsfeier spurlos<\/p>\n<p>Foto: Privat<\/p>\n<p>Ex-Freund legt erschreckendes Gest\u00e4ndnis ab<\/p>\n<p>Unter dringendem Verdacht, die 32-J\u00e4hrige aus Graz ermordet zu haben, steht der Ex-Partner. \u201eEr ist nunmehr gest\u00e4ndig\u201c, sagte der Polizeisprecher. Nach seiner Festnahme in Slowenien hatte der Mann zun\u00e4chst geschwiegen. Am Freitag war er nach \u00d6sterreich ausgeliefert und nach BILD-Informationen anschlie\u00dfend stundenlang verh\u00f6rt worden.<\/p>\n<p><b>Dabei soll er den Beamten auch den Fundort der Leiche verraten haben. Und noch mehr: Patrik M. habe geschildert, wie er die <\/b><a href=\"https:\/\/www.bild.de\/themen\/personen\/influencer-aktuelle-news-und-videos-LWyZkd3M9dJ5aZ93lRGq\" class=\"text-link\" target=\"_blank\" rel=\"noopener\"><b>Influencerin<\/b><\/a><b> bis zur Bewusstlosigkeit gew\u00fcrgt, in den Koffer gesteckt und schlie\u00dflich im Wald verscharrt habe, berichtet die \u201eKronen Zeitung\u201c.<\/b><\/p>\n<p><img decoding=\"async\" width=\"992\" height=\"672\" alt=\"Die Ermittler durchk\u00e4mmten tagelang mehrere Orte und Grundst\u00fccke in Slowenien\" src=\"https:\/\/www.europesays.com\/de\/wp-content\/uploads\/2025\/11\/5072256d021efc3b266b6ffcdb0f4d1e,85aeac23\"   class=\"dynamic\" loading=\"lazy\"\/><\/p>\n<p class=\"fig__caption__text\">Die Ermittler durchk\u00e4mmten tagelang mehrere Orte und Grundst\u00fccke in Slowenien<\/p>\n<p>Foto: POLICIJA<\/p>\n<p>Der 31-J\u00e4hrige soll <a href=\"https:\/\/www.bild.de\/news\/ausland\/handy-lag-im-gebuesch-influencerin-nach-weihnachtsfeier-verschwunden-6926a79ba7ffaf1fe5c73dcc\" class=\"text-link\" target=\"_blank\" rel=\"noopener\">Stefanie P. nach einer Weihnachtsfeier am vergangenen Samstag aufgelauert<\/a> und sie nach einem lautstarken Streit umgebracht haben. Zeugen sahen den geb\u00fcrtigen Slowenen am Morgen an der Wohnung \u2013 er habe eine verd\u00e4chtige Stoffrolle bei sich gehabt.<\/p>\n<p>Zwei weitere M\u00e4nner festgenommen<\/p>\n<p>Mit seinem roten Golf verschleppte er wom\u00f6glich die Leiche von Stefanie P. in seine Heimat nach Slowenien. Ins Visier der Ermittler geriet er, <a href=\"https:\/\/www.bild.de\/news\/ausland\/model-spurlos-verschwunden-blut-am-schuh-stefanies-ex-unter-mordverdacht-6929573fe9b1296b9ef965c1\" class=\"text-link\" target=\"_blank\" rel=\"noopener\">als der Wagen ausgebrannt auf einem Parkplatz im Grenzgebiet entdeckt wurde<\/a>. Mit dem Feuer wollte er offenbar Spuren beseitigen.<\/p>\n<p>Bei dem Verbrechen oder zumindest der Verschleierung der Tat sollen zudem zwei weitere M\u00e4nner geholfen haben: der Bruder und der Stiefvater von Patrik M. \u201eEs gab noch zwei Festnahmen in Graz, die im Zusammenhang mit dem Fall stehen\u201c, so die Polizei in <a href=\"https:\/\/www.bild.de\/news\/ausland\/oesterreich\/thema-oesterreich-alle-infos-80023010.bild.html\" class=\"text-link\" target=\"_blank\" rel=\"noopener\">\u00d6sterreich<\/a>.<\/p>\n<p><img decoding=\"async\" width=\"992\" height=\"576\" alt=\"Der rote Golf von Patrik M. wurde ausgebrannt aufgefunden. Legte er Feuer, um Spuren zu verwischen?\" src=\"https:\/\/www.europesays.com\/de\/wp-content\/uploads\/2025\/11\/7e72314683e66d0a1a1774452016d417,9f9b30e4\"   class=\"dynamic\" loading=\"lazy\"\/><\/p>\n<p class=\"fig__caption__text\">Der rote Golf von Patrik M. wurde ausgebrannt aufgefunden. Legte der T\u00e4ter Feuer, um Spuren zu verwischen?<\/p>\n<p>Foto: Polizei Maribor<\/p>\n<p>Seit Tagen hatten die Ermittler in Slowenien nach Stefanie P. gesucht, zuletzt mit Sp\u00fcrhunden und Drohnen. Beamte hatten u.\u00a0a. mehrere Grundst\u00fccke von Patrik M.s Familie durchk\u00e4mmt. Slowenischen Medienberichten nach soll die Leiche in einem Wald nahe der Stadt Majsperk (deutsch Monsberg) gefunden worden sein.<\/p>\n","protected":false},"excerpt":{"rendered":"Graz (\u00d6sterreich) \u2013 Seit dem 23. November fehlte von Beauty-Influencerin Stefanie P. (32) jede Spur \u2013 nun ist&hellip;\n","protected":false},"author":2,"featured_media":611383,"comment_status":"","ping_status":"","sticky":false,"template":"","format":"standard","meta":{"footnotes":""},"categories":[3],"tags":[1737,1736,980,1664,13,153,584,2183,14,15,1433,121,12,45,10,8,9,11,1995,120,103,104],"class_list":{"0":"post-611382","1":"post","2":"type-post","3":"status-publish","4":"format-standard","5":"has-post-thumbnail","7":"category-welt","8":"tag-breaking-news","9":"tag-fb-instantarticles","10":"tag-festnahme","11":"tag-graz","12":"tag-headlines","13":"tag-influencer","14":"tag-leiche","15":"tag-mord","16":"tag-nachrichten","17":"tag-news","18":"tag-oesterreich","19":"tag-polizei","20":"tag-schlagzeilen","21":"tag-texttospeech","22":"tag-top-news","23":"tag-top-meldungen","24":"tag-topmeldungen","25":"tag-topnews","26":"tag-verbrechen","27":"tag-vermisst","28":"tag-welt","29":"tag-world"},"share_on_mastodon":{"url":"https:\/\/pubeurope.com\/@de\/115634056716314488","error":""},"_links":{"self":[{"href":"https:\/\/www.europesays.com\/de\/wp-json\/wp\/v2\/posts\/611382","targetHints":{"allow":["GET"]}}],"collection":[{"href":"https:\/\/www.europesays.com\/de\/wp-json\/wp\/v2\/posts"}],"about":[{"href":"https:\/\/www.europesays.com\/de\/wp-json\/wp\/v2\/types\/post"}],"author":[{"embeddable":true,"href":"https:\/\/www.europesays.com\/de\/wp-json\/wp\/v2\/users\/2"}],"replies":[{"embeddable":true,"href":"https:\/\/www.europesays.com\/de\/wp-json\/wp\/v2\/comments?post=611382"}],"version-history":[{"count":0,"href":"https:\/\/www.europesays.com\/de\/wp-json\/wp\/v2\/posts\/611382\/revisions"}],"wp:featuredmedia":[{"embeddable":true,"href":"https:\/\/www.europesays.com\/de\/wp-json\/wp\/v2\/media\/611383"}],"wp:attachment":[{"href":"https:\/\/www.europesays.com\/de\/wp-json\/wp\/v2\/media?parent=611382"}],"wp:term":[{"taxonomy":"category","embeddable":true,"href":"https:\/\/www.europesays.com\/de\/wp-json\/wp\/v2\/categories?post=611382"},{"taxonomy":"post_tag","embeddable":true,"href":"https:\/\/www.europesays.com\/de\/wp-json\/wp\/v2\/tags?post=611382"}],"curies":[{"name":"wp","href":"https:\/\/api.w.org\/{rel}","templated":true}]}}