{"id":611402,"date":"2025-11-29T17:10:33","date_gmt":"2025-11-29T17:10:33","guid":{"rendered":"https:\/\/www.europesays.com\/de\/611402\/"},"modified":"2025-11-29T17:10:33","modified_gmt":"2025-11-29T17:10:33","slug":"protest-aktion-gegen-fast-fashion-in-mainz","status":"publish","type":"post","link":"https:\/\/www.europesays.com\/de\/611402\/","title":{"rendered":"Protest-Aktion gegen \u201eFast Fashion\u201c in Mainz"},"content":{"rendered":"<p>Die Greenpeace-Gruppe Mainz-Wiesbaden plant f\u00fcr diesen Samstag (29. November 2025) eine Protest-Aktion gegen \u201eFast Fashion\u201c in der Mainzer Innenstadt. Das teilt die Organisation mit. Der Protest richtet sich insbesondere gegen den Konzern Shein.<\/p>\n<p>Von 14 bis 16 Uhr wollen die Aktivisten vor der R\u00f6merpassage an der Ecke Emmeransstra\u00dfe\/Pfandhausstra\u00dfe einen Stand aufbauen. Dieser soll im Stil von Shein gestaltet sein, inklusive Aufstellern und einem Weihnachtsbaum, unter dem Geschenke liegen.<\/p>\n<p>Statt Gewinnen finden Interessierte dort jedoch sogenannte Mystery-Geschenke mit QR-Codes und Plakate, die \u00fcber die Folgen von Fast Fashion informieren. Dazu geh\u00f6ren Umweltverschmutzung und Gesundheitsrisiken. Au\u00dferdem wird Second-Hand-Kleidung zum kostenlosen Mitnehmen angeboten.<\/p>\n<p>Forderungen an die Bundesregierung<\/p>\n<p>Hintergrund der Aktion ist die Black Week. Greenpeace kritisiert das \u201ekranke Fast-Fashion-System\u201c mit seinen negativen Auswirkungen: Kleiderm\u00fcllberge, Mikroplastik in den Ozeanen, Ausbeutung von Arbeitern und der Einsatz von rund 3500 Chemikalien. Eine Greenpeace-Recherche habe zudem gesundheitssch\u00e4dliche Stoffe in Kleidung des Herstellers Shein nachgewiesen.<\/p>\n<p>Um den \u201eFast-Fashion-Wahnsinn zu beenden\u201c, fordert die Organisation von der Bundesregierung ein Gesetz nach franz\u00f6sischem Vorbild. Dieses solle eine Sonderabgabe f\u00fcr Fast-Fashion-Produkte, ein Werbeverbot und die F\u00f6rderung von Alternativen wie Second-Hand-L\u00e4den und Tauschb\u00f6rsen umfassen. Die Aktion in Mainz ist Teil eines bundesweiten Protesttages in \u00fcber 30 St\u00e4dten.<\/p>\n","protected":false},"excerpt":{"rendered":"Die Greenpeace-Gruppe Mainz-Wiesbaden plant f\u00fcr diesen Samstag (29. November 2025) eine Protest-Aktion gegen \u201eFast Fashion\u201c in der Mainzer&hellip;\n","protected":false},"author":2,"featured_media":611403,"comment_status":"","ping_status":"","sticky":false,"template":"","format":"standard","meta":{"footnotes":""},"categories":[1847],"tags":[3364,29,548,663,3934,30,13,2052,14,15,12,4544],"class_list":{"0":"post-611402","1":"post","2":"type-post","3":"status-publish","4":"format-standard","5":"has-post-thumbnail","7":"category-wiesbaden","8":"tag-de","9":"tag-deutschland","10":"tag-eu","11":"tag-europa","12":"tag-europe","13":"tag-germany","14":"tag-headlines","15":"tag-hessen","16":"tag-nachrichten","17":"tag-news","18":"tag-schlagzeilen","19":"tag-wiesbaden"},"share_on_mastodon":{"url":"https:\/\/pubeurope.com\/@de\/115634098963574668","error":""},"_links":{"self":[{"href":"https:\/\/www.europesays.com\/de\/wp-json\/wp\/v2\/posts\/611402","targetHints":{"allow":["GET"]}}],"collection":[{"href":"https:\/\/www.europesays.com\/de\/wp-json\/wp\/v2\/posts"}],"about":[{"href":"https:\/\/www.europesays.com\/de\/wp-json\/wp\/v2\/types\/post"}],"author":[{"embeddable":true,"href":"https:\/\/www.europesays.com\/de\/wp-json\/wp\/v2\/users\/2"}],"replies":[{"embeddable":true,"href":"https:\/\/www.europesays.com\/de\/wp-json\/wp\/v2\/comments?post=611402"}],"version-history":[{"count":0,"href":"https:\/\/www.europesays.com\/de\/wp-json\/wp\/v2\/posts\/611402\/revisions"}],"wp:featuredmedia":[{"embeddable":true,"href":"https:\/\/www.europesays.com\/de\/wp-json\/wp\/v2\/media\/611403"}],"wp:attachment":[{"href":"https:\/\/www.europesays.com\/de\/wp-json\/wp\/v2\/media?parent=611402"}],"wp:term":[{"taxonomy":"category","embeddable":true,"href":"https:\/\/www.europesays.com\/de\/wp-json\/wp\/v2\/categories?post=611402"},{"taxonomy":"post_tag","embeddable":true,"href":"https:\/\/www.europesays.com\/de\/wp-json\/wp\/v2\/tags?post=611402"}],"curies":[{"name":"wp","href":"https:\/\/api.w.org\/{rel}","templated":true}]}}