{"id":611421,"date":"2025-11-29T17:22:24","date_gmt":"2025-11-29T17:22:24","guid":{"rendered":"https:\/\/www.europesays.com\/de\/611421\/"},"modified":"2025-11-29T17:22:24","modified_gmt":"2025-11-29T17:22:24","slug":"mint-ec-ist-ein-motor-fuer-die-schulentwicklung-in-wuppertal","status":"publish","type":"post","link":"https:\/\/www.europesays.com\/de\/611421\/","title":{"rendered":"Mint EC ist ein Motor f\u00fcr die Schulentwicklung in Wuppertal"},"content":{"rendered":"<p class=\"text_ohne_einzug richtext text-em-55 !leading-serif mx-6 desktop:mx-0\">Mehrere Hundert Schulleitungen, Netzwerkpartner und Wirtschaftsvertreter aus ganz Deutschland trafen sich jetzt in der Historischen Stadthalle zu einer Tagung des Vereins \u201eMint EC\u201c, ein deutschlandweites Excellence-Schulnetzwerk. Dies war die 25. Veranstaltung seit der Gr\u00fcndung im Jahr 2000.<\/p>\n<p class=\"richtext text-em-55 !leading-serif mx-6 desktop:mx-0\">Mint steht dabei f\u00fcr die Unterrichtsf\u00e4cher Mathematik, Informatik, Naturwissenschaften und Technik. Der Verein Mint EC ist eine Initiative der Wirtschaft zur F\u00f6rderung mathematisch-naturwissenschaftlicher Gymnasien. Dabei geht es dem Verein um die Ausbildung in den Mint-F\u00e4chern an den Schulen und die Sicherung des Nachwuchses f\u00fcr Wirtschaft und Wissenschaft. <\/p>\n<p class=\"richtext text-em-55 !leading-serif mx-6 desktop:mx-0\">Vor Ort hatte als Gastgeber das Team des Cronenberger Carl-Fuhlrott-Gymnasiums (CFG), das nach einem gro\u00dfen Naturwissenschaftler aus Wuppertal benannt ist, die Organisation begleitet. Schulleiter Reinhold Mertens hob in seiner Ansprache die von Wuppertal ausgegangenen Impulse in der Geschichte der Textil-, Metall- und der Elektroindustrie hervor. Der Mut, zu denken, und die Freude am Experiment seien die Basis f\u00fcr wichtige Impulse in der Wirtschaft und Wissenschaft gewesen. Visionen, Bildung und Neugier seien der Motor f\u00fcr den Fortschritt. \u201eExcellence findet nicht in Laboren statt, sondern in den K\u00f6pfen und Herzen unserer Sch\u00fcler\u201c, konstatierte Reinhold Mertens.<\/p>\n<p>Mehr als 350 Schulen geh\u00f6ren dem Excellence-Netzwerk an      <\/p>\n<p class=\"text_ohne_einzug richtext text-em-55 !leading-serif mx-6 desktop:mx-0\">Zuvor hatte Stadtdirektor Matthias Nocke die gro\u00dfe Zahl an Tagungsteilnehmerinnen und -teilnehmern begr\u00fc\u00dft: F\u00fcr die Excellence-Initiative sei das f\u00fcnftbeste Konzerthaus Europas gerade gut genug, w\u00fcrdigte er die Leistungen des Vereins in Elberfelds Schmuckst\u00fcck. Inzwischen geh\u00f6rten 348 zertifizierte Schulen dem Excellence-Netzwerk an, im Rahmen der Jubil\u00e4umstagung wurden weitere Schulen feierlich aufgenommen. \u201eMint EC ist ein Motor f\u00fcr die Schulentwicklung\u201c, attestierte Nocke dem Verein, f\u00fcr den die Kultusministerkonferenz 2009 die Schirmherrschaft \u00fcbernommen hatte.<\/p>\n<p class=\"richtext text-em-55 !leading-serif mx-6 desktop:mx-0\">Die Er\u00f6ffnung der Jubil\u00e4umsveranstaltung \u00fcbernahm Indra Hadeler vom Arbeitgeberverband Gesamtmetall. Die Zukunft der deutschen Wirtschaft h\u00e4nge auch von der Verf\u00fcgbarkeit qualifizierter Ingenieure, Forscher und Naturwissenschaftler ab.<\/p>\n<p class=\"richtext text-em-55 !leading-serif mx-6 desktop:mx-0\">F\u00fcr die nordrhein-westf\u00e4lische Schulministerin Dorothee Feller \u00fcberbrachte Ministerialdirigentin Tanja Reinlein Gru\u00dfworte und w\u00fcrdigte die unverzichtbare Arbeit des Excellence-Netzwerks. Bildung entwickle grundlegende Ressourcen f\u00fcr Wohlstand: Besondere Bef\u00e4higungen und Probleml\u00f6sungskompetenz. Es bed\u00fcrfe der Ingenieure, der IT-Fachkr\u00e4fte und der Wissenschaftler, um technische, wirtschaftliche und gesellschaftliche Prozesse weiter zu entwickeln.<\/p>\n<p class=\"richtext text-em-55 !leading-serif mx-6 desktop:mx-0\">Tanja Reinlein zeigt sich wegen einer aktuellen Studie des Instituts zur Qualit\u00e4tsentwicklung im Bildungswesen (IQB) besorgt: \u201eSowohl die fachliche Kompetenz als auch das Interesse im Bereich der Mint-F\u00e4cher hat abgenommen.\u201c Sie attestierte den Schulen mit Mint-Zertifikat, bei der Ausbildung \u201eSpitzenleistungen\u201c zu erbringen. Das Netzwerk schaffe Raum und Schule schaffe Zukunft, war die Bilanz der Ministerialdirigentin.<\/p>\n<p class=\"richtext text-em-55 !leading-serif mx-6 desktop:mx-0\">Das Einstiegsreferat befasste sich mit dem Thema \u201eK\u00fcnstliche Intelligenz im Unterricht\u201c. Dar\u00fcber hinaus erwartete die Teilnehmer ein umfangreiches Programm mit Podiumsdiskussionen, Workshops und Gelegenheit zur Netzwerkarbeit.<\/p>\n<p class=\"richtext text-em-55 !leading-serif mx-6 desktop:mx-0\">Vor Beginn der Veranstaltung konnten sich die aus ganz Deutschland angereisten mehr als 400 Tagungsg\u00e4ste mit bergischer Kartoffelsuppe und Wei\u00dfbrot st\u00e4rken. Den musikalischen Rahmen gestaltete das gro\u00dfe Orchester des Schulzentrums S\u00fcd.<\/p>\n<p class=\"richtext text-em-55 !leading-serif mx-6 desktop:mx-0\">Mehr zum Netzwerk und Verein gibt es im Netz unter<\/p>\n","protected":false},"excerpt":{"rendered":"Mehrere Hundert Schulleitungen, Netzwerkpartner und Wirtschaftsvertreter aus ganz Deutschland trafen sich jetzt in der Historischen Stadthalle zu einer&hellip;\n","protected":false},"author":2,"featured_media":611422,"comment_status":"","ping_status":"","sticky":false,"template":"","format":"standard","meta":{"footnotes":""},"categories":[1840],"tags":[15128,3364,29,48100,74766,30,145329,4795,25638,4785,145327,145324,1209,966,16310,145323,9645,35055,145326,145328,7115,10434,55,67564,145325,4418],"class_list":{"0":"post-611421","1":"post","2":"type-post","3":"status-publish","4":"format-standard","5":"has-post-thumbnail","7":"category-wuppertal","8":"tag-motor","9":"tag-de","10":"tag-deutschland","11":"tag-excellence","12":"tag-fuhlrott","13":"tag-germany","14":"tag-jubilaeumstagung","15":"tag-mint","16":"tag-netz","17":"tag-netzwerk","18":"tag-netzwerkarbeit","19":"tag-netzwerkpartner","20":"tag-nordrhein-westfalen","21":"tag-schule","22":"tag-schulentwicklung","23":"tag-schulnetzwerk","24":"tag-stadthalle","25":"tag-tagung","26":"tag-tagungsgaeste","27":"tag-tagungsteilnehmerinnen","28":"tag-teilnehmer","29":"tag-verein","30":"tag-wirtschaft","31":"tag-wirtschaftliche","32":"tag-wirtschaftsvertreter","33":"tag-wuppertal"},"share_on_mastodon":{"url":"https:\/\/pubeurope.com\/@de\/115634146113261874","error":""},"_links":{"self":[{"href":"https:\/\/www.europesays.com\/de\/wp-json\/wp\/v2\/posts\/611421","targetHints":{"allow":["GET"]}}],"collection":[{"href":"https:\/\/www.europesays.com\/de\/wp-json\/wp\/v2\/posts"}],"about":[{"href":"https:\/\/www.europesays.com\/de\/wp-json\/wp\/v2\/types\/post"}],"author":[{"embeddable":true,"href":"https:\/\/www.europesays.com\/de\/wp-json\/wp\/v2\/users\/2"}],"replies":[{"embeddable":true,"href":"https:\/\/www.europesays.com\/de\/wp-json\/wp\/v2\/comments?post=611421"}],"version-history":[{"count":0,"href":"https:\/\/www.europesays.com\/de\/wp-json\/wp\/v2\/posts\/611421\/revisions"}],"wp:featuredmedia":[{"embeddable":true,"href":"https:\/\/www.europesays.com\/de\/wp-json\/wp\/v2\/media\/611422"}],"wp:attachment":[{"href":"https:\/\/www.europesays.com\/de\/wp-json\/wp\/v2\/media?parent=611421"}],"wp:term":[{"taxonomy":"category","embeddable":true,"href":"https:\/\/www.europesays.com\/de\/wp-json\/wp\/v2\/categories?post=611421"},{"taxonomy":"post_tag","embeddable":true,"href":"https:\/\/www.europesays.com\/de\/wp-json\/wp\/v2\/tags?post=611421"}],"curies":[{"name":"wp","href":"https:\/\/api.w.org\/{rel}","templated":true}]}}