{"id":611498,"date":"2025-11-29T18:09:19","date_gmt":"2025-11-29T18:09:19","guid":{"rendered":"https:\/\/www.europesays.com\/de\/611498\/"},"modified":"2025-11-29T18:09:19","modified_gmt":"2025-11-29T18:09:19","slug":"bsw-kreisvorstand-in-brandenburg-an-der-havel-konstituiert-sich-und-gratuliert-daniel-keip","status":"publish","type":"post","link":"https:\/\/www.europesays.com\/de\/611498\/","title":{"rendered":"BSW-Kreisvorstand in Brandenburg an der Havel konstituiert sich und gratuliert Daniel Keip"},"content":{"rendered":"<p>Weiter hei\u00dft es: &#8222;Die BSW-Kreisvorsitzende Heidi Hauffe erkl\u00e4rte nach der konstituierenden Sitzung: &#8218;Ich freue mich, dass unser Kreisvorstand seine Arbeit aufnimmt. Wir haben viel vor und werden in der Stadt aktiv und pr\u00e4sent f\u00fcr Frieden, Vernunft und f\u00fcr soziale Gerechtigkeit k\u00e4mpfen. Zuallererst gratulieren wir im Namen unseres gesamten Kreisverbandes dem zuk\u00fcnftigen Oberb\u00fcrgermeister Daniel Keip f\u00fcr seinen Sieg gegen Amtsinhaber Steffen Scheller. Die geringe Wahlbeteiligung in der Stichwahl zeigt allerdings: Der neue Amtsinhaber wird noch viel Vertrauen in der Bev\u00f6lkerung gewinnen m\u00fcssen. Wir w\u00fcnschen Herrn Keip dabei viel Erfolg und ein gl\u00fcckliches H\u00e4ndchen im Dienste unserer Stadt.&#8216;<\/p>\n<p>Hauffe erg\u00e4nzt: &#8218;Die von Daniel Keip als Kandidat ausgegebenen Ziele \u00fcberschneiden sich in einigen Punkten mit unserem Kommunalwahlprogramm \u2013 zum Beispiel bei der Verbesserung der Mobilit\u00e4t oder bei der Belebung von Innenstadt und Ortsteilen. Deshalb sind wir als BSW bereit, seine zuk\u00fcnftige Amtszeit konstruktiv zu begleiten und auf die Umsetzung dieser Wahlversprechen zu pochen.&#8216;<\/p>\n<p>Der stellvertretende Kreisvorsitzende Dominik Mikhalkevich f\u00fcgt abschlie\u00dfend hinzu: &#8218;Mit Daniel Keip hat unsere Stadt die Chance auf einen echten Wandel. Lassen Sie uns diese Chance nutzen. Als BSW wollen wir eine St\u00e4rkung und bessere Taktung unseres \u00d6PNV, die ausk\u00f6mmliche Finanzierung von Kultur- und Freizeitangeboten, mehr kostenlose Sitzgelegenheiten in der Stadt und mehr \u00f6ffentliche Toiletten. Wir wollen kleine, inhabergef\u00fchrte L\u00e4den unterst\u00fctzen und damit unsere Innenstadt und die Ortsteile st\u00e4rken. Und wir sind die Partei der V\u00f6lkerverst\u00e4ndigung \u2013 deshalb m\u00f6chten wir die von Herrn Scheller eingefrorene St\u00e4dtepartnerschaft mit dem russischen Magnitogorsk wiederbeleben und erwarten, dass sich Herr Keip nach seinem Amtsantritt aktiv ins Netzwerk &#8218;Mayors for Peace&#8216; (&#8218;B\u00fcrgermeister f\u00fcr den Frieden&#8216;) einbringen wird. Ich hoffe, dass Herr Keip offen f\u00fcr unsere Ideen und Vorschl\u00e4ge ist.'&#8220;<\/p>\n","protected":false},"excerpt":{"rendered":"Weiter hei\u00dft es: &#8222;Die BSW-Kreisvorsitzende Heidi Hauffe erkl\u00e4rte nach der konstituierenden Sitzung: &#8218;Ich freue mich, dass unser Kreisvorstand&hellip;\n","protected":false},"author":2,"featured_media":611499,"comment_status":"","ping_status":"","sticky":false,"template":"","format":"standard","meta":{"footnotes":""},"categories":[1816],"tags":[1960,1958,1959,1957,1956,1890,29,30],"class_list":{"0":"post-611498","1":"post","2":"type-post","3":"status-publish","4":"format-standard","5":"has-post-thumbnail","7":"category-brandenburg","8":"tag-aktuelle-nachrichten-aus-berlin-und-brandenburg","9":"tag-aktuelle-nachrichten-aus-brandenburg","10":"tag-aktuelle-news-aus-berlin-und-brandenburg","11":"tag-aktuelle-news-aus-brandenburg","12":"tag-berlin-und-brandenburg","13":"tag-brandenburg","14":"tag-deutschland","15":"tag-germany"},"share_on_mastodon":{"url":"https:\/\/pubeurope.com\/@de\/115634330933577757","error":""},"_links":{"self":[{"href":"https:\/\/www.europesays.com\/de\/wp-json\/wp\/v2\/posts\/611498","targetHints":{"allow":["GET"]}}],"collection":[{"href":"https:\/\/www.europesays.com\/de\/wp-json\/wp\/v2\/posts"}],"about":[{"href":"https:\/\/www.europesays.com\/de\/wp-json\/wp\/v2\/types\/post"}],"author":[{"embeddable":true,"href":"https:\/\/www.europesays.com\/de\/wp-json\/wp\/v2\/users\/2"}],"replies":[{"embeddable":true,"href":"https:\/\/www.europesays.com\/de\/wp-json\/wp\/v2\/comments?post=611498"}],"version-history":[{"count":0,"href":"https:\/\/www.europesays.com\/de\/wp-json\/wp\/v2\/posts\/611498\/revisions"}],"wp:featuredmedia":[{"embeddable":true,"href":"https:\/\/www.europesays.com\/de\/wp-json\/wp\/v2\/media\/611499"}],"wp:attachment":[{"href":"https:\/\/www.europesays.com\/de\/wp-json\/wp\/v2\/media?parent=611498"}],"wp:term":[{"taxonomy":"category","embeddable":true,"href":"https:\/\/www.europesays.com\/de\/wp-json\/wp\/v2\/categories?post=611498"},{"taxonomy":"post_tag","embeddable":true,"href":"https:\/\/www.europesays.com\/de\/wp-json\/wp\/v2\/tags?post=611498"}],"curies":[{"name":"wp","href":"https:\/\/api.w.org\/{rel}","templated":true}]}}