{"id":611506,"date":"2025-11-29T18:13:22","date_gmt":"2025-11-29T18:13:22","guid":{"rendered":"https:\/\/www.europesays.com\/de\/611506\/"},"modified":"2025-11-29T18:13:22","modified_gmt":"2025-11-29T18:13:22","slug":"fussball-bundesliga-spaeter-bayern-sieg-gegen-st-pauli","status":"publish","type":"post","link":"https:\/\/www.europesays.com\/de\/611506\/","title":{"rendered":"Fu\u00dfball-Bundesliga: Sp\u00e4ter Bayern-Sieg gegen St. Pauli"},"content":{"rendered":"<p class=\"mb-6 text-xs md:text-m lg:text-l font-serif group-[.font-sans]:font-sans \">\n    Der FC Bayern M\u00fcnchen hat mit einem Last-Minute-Sieg in der Bundesliga auf die erste Saison-Niederlage beim FC Arsenal reagiert. Drei Tage nach dem 1:3 in der <a href=\"https:\/\/www.augsburger-allgemeine.de\/organisationen\/aa-champions-league\" target=\"_self\" class=\"underline \" rel=\"noopener\">Champions League<\/a> gewann der Fu\u00dfball-Rekordmeister am zw\u00f6lften Spieltag gegen den FC St. Pauli durch zwei Tore in der Nachspielzeit mit 3:1 (1:1). Durch den Heimsieg bauten die M\u00fcnchner ihren Vorsprung in der Tabelle auf acht Punkte aus.\n  <\/p>\n<p class=\"mb-6 text-xs md:text-m lg:text-l font-serif group-[.font-sans]:font-sans \">\n    Der 1. FC K\u00f6ln kam im Mittelfeld-Duell bei Werder Bremen erst in der Nachspielzeit zu einem 1:1 (1:0). Noch bitterer lief es f\u00fcr Union Berlin: Die K\u00f6penicker verloren gegen den 1. FC Heidenheim durch zwei G\u00e4ste-Tore in der Nachspielzeit 1:2 (1:0). Einen 38. Geburtstag zum Vergessen erlebte Augsburgs Trainer <a href=\"https:\/\/www.augsburger-allgemeine.de\/personen\/aa-sandro-wagner\" target=\"_self\" class=\"underline \" rel=\"noopener\">Sandro Wagner<\/a> bei der 0:3 (0:3)-Niederlage gegen die TSG 1899 Hoffenheim in Sinsheim.\n  <\/p>\n<p>            FC Bayern M\u00fcnchen &#8211; FC St. Pauli 3:1 (1:1)<\/p>\n<p class=\"mb-6 text-xs md:text-m lg:text-l font-serif group-[.font-sans]:font-sans \">\n    \u00dcberraschend schwer taten sich die M\u00fcnchner beim sp\u00e4ten 3:1 gegen den mit acht Niederlagen in Serie angereisten FC St. Pauli. Andreas Hountondji (6. Minute) schockte den Rekordmeister fr\u00fch, der erst kurz vor der Pause zum Ausgleich durch Raphael Guerreiro (44.) kam. Erst in der Nachspielzeit trafen Luis D\u00edaz (90.+3) und Nicolas Jackson (90.+6) zum Bayern-Sieg.\n  <\/p>\n<p>            Werder Bremen &#8211; 1. FC K\u00f6ln 1:1 (1:0)<\/p>\n<p class=\"mb-6 text-xs md:text-m lg:text-l font-serif group-[.font-sans]:font-sans \">\n    Werder Bremen hat den vierten Heimsieg in Serie sp\u00e4t verspielt. Die Gr\u00fcn-Wei\u00dfen f\u00fchrten gegen den 1. FC K\u00f6ln lange mit 1:0, ehe K\u00f6lns Top-Talent Said El Mala (90.+1) den sp\u00e4ten 1:1-Endstand erzielte. Werder-Verteidiger Niklas Stark sah in der Nachspielzeit noch Gelb-Rot. Im ersten Durchgang hatte Marco Friedl (22.) die Elf von Trainer Horst Steffen zun\u00e4chst in F\u00fchrung gebracht.\n  <\/p>\n<p>            Union Berlin &#8211; 1. FC Heidenheim 1:2 (1:0)<\/p>\n<p class=\"mb-6 text-xs md:text-m lg:text-l font-serif group-[.font-sans]:font-sans \">\n    Union Berlin hat erneut einen Sieg in der Bundesliga gegen den 1. FC Heidenheim verpasst &#8211; und das beim 1:2 auf besonders dramatische Weise. Im f\u00fcnften Vergleich f\u00fchrten die K\u00f6penicker durch ein Tor von Rani Khedira (43.) zwar lange, wurden am Ende aber doppelt bestraft. Stefan Schimmer (90.) und Jan Sch\u00f6ppner (90.+5) drehten die kampfbetonte Partie zugunsten der Heidenheimer, die durch den Ausw\u00e4rtssieg den letzten Tabellenplatz verlie\u00dfen.\n  <\/p>\n<p>            TSG Hoffenheim &#8211; FC Augsburg 3:0 (3:0)<\/p>\n<p class=\"mb-6 text-xs md:text-m lg:text-l font-serif group-[.font-sans]:font-sans \">\n    Die TSG 1899 Hoffenheim hat ihrem fr\u00fcheren Nationalst\u00fcrmer Sandro Wagner den 38. Geburtstag schwer verdorben. Beim 3:0 entschieden die Gastgeber das Duell mit dem FC Augsburg schon vor der Pause. Youngster Bazoumana Tour\u00e9 (16. Minute), Wouter Burger (26.) und ein Eigentor Cedric Zesiger (45.) sorgten in Sinsheim f\u00fcr klare Verh\u00e4ltnisse.\n  <\/p>\n<p>    <img decoding=\"async\" src=\"https:\/\/www.europesays.com\/de\/wp-content\/uploads\/2025\/11\/tsg-1899-hoffenheim-fc-augsburg.jpg\" alt=\"Ein Geburtstag zum Vergessen war es f\u00fcr Augsburgs Coach Sandro Wagner.\" title=\"Ein Geburtstag zum Vergessen war es f\u00fcr Augsburgs Coach Sandro Wagner.\" class=\"h-full w-full object-cover\"\/><\/p>\n<p>      Icon vergr\u00f6\u00dfern<\/p>\n<p>    Ein Geburtstag zum Vergessen war es f\u00fcr Augsburgs Coach Sandro Wagner.<br \/>\n    Foto: Uwe Anspach\/dpa<\/p>\n<p>        Schlie\u00dfen <\/p>\n<p>      Icon Schlie\u00dfen<\/p>\n<p>        Icon vergr\u00f6\u00dfern<\/p>\n<p>        Icon verkleinern<\/p>\n<p>      Icon Pfeil bewegen<\/p>\n<p>    Ein Geburtstag zum Vergessen war es f\u00fcr Augsburgs Coach Sandro Wagner.<br \/>\n    Foto: Uwe Anspach\/dpa<\/p>\n<p>    <img decoding=\"async\" src=\"https:\/\/www.europesays.com\/de\/wp-content\/uploads\/2025\/11\/1-fc-union-berlin-1-fc-heidenheim.jpg\" alt=\"Berlins Torsch\u00fctze Rani Khedira im Duell mit dem Heidenheimer Adrian Beck.\" title=\"Berlins Torsch\u00fctze Rani Khedira im Duell mit dem Heidenheimer Adrian Beck.\" class=\"h-full w-full object-cover\"\/><\/p>\n<p>      Icon vergr\u00f6\u00dfern<\/p>\n<p>    Berlins Torsch\u00fctze Rani Khedira im Duell mit dem Heidenheimer Adrian Beck.<br \/>\n    Foto: Soeren Stache\/dpa<\/p>\n<p>        Schlie\u00dfen <\/p>\n<p>      Icon Schlie\u00dfen<\/p>\n<p>        Icon vergr\u00f6\u00dfern<\/p>\n<p>        Icon verkleinern<\/p>\n<p>      Icon Pfeil bewegen<\/p>\n<p>    Berlins Torsch\u00fctze Rani Khedira im Duell mit dem Heidenheimer Adrian Beck.<br \/>\n    Foto: Soeren Stache\/dpa<\/p>\n<p>    <img decoding=\"async\" src=\"https:\/\/www.europesays.com\/de\/wp-content\/uploads\/2025\/11\/werder-bremen-1-fc-koeln.jpg\" alt=\"Bremens Romano Schmid (r) geht artistisch zum Ball, der K\u00f6lner Sebastian Sebulonsen schaut gebannt zu.\" title=\"Bremens Romano Schmid (r) geht artistisch zum Ball, der K\u00f6lner Sebastian Sebulonsen schaut gebannt zu.\" class=\"h-full w-full object-cover\"\/><\/p>\n<p>      Icon vergr\u00f6\u00dfern<\/p>\n<p>    Bremens Romano Schmid (r) geht artistisch zum Ball, der K\u00f6lner Sebastian Sebulonsen schaut gebannt zu.<br \/>\n    Foto: Carmen Jaspersen\/dpa<\/p>\n<p>        Schlie\u00dfen <\/p>\n<p>      Icon Schlie\u00dfen<\/p>\n<p>        Icon vergr\u00f6\u00dfern<\/p>\n<p>        Icon verkleinern<\/p>\n<p>      Icon Pfeil bewegen<\/p>\n<p>    Bremens Romano Schmid (r) geht artistisch zum Ball, der K\u00f6lner Sebastian Sebulonsen schaut gebannt zu.<br \/>\n    Foto: Carmen Jaspersen\/dpa<\/p>\n<ul data-module-id=\"DragDropModule\" class=\"flex flex-wrap justify-start group-[.no-bookmarks]:hidden\">\n<li class=\"mb-3 mr-3\">\n    St. Pauli<\/p>\n<p>      Icon Haken im Kreis gesetzt<\/p>\n<p>      Icon Plus im Kreis<\/p>\n<\/li>\n<li class=\"mb-3 mr-3\">\n    Berlin<\/p>\n<p>      Icon Haken im Kreis gesetzt<\/p>\n<p>      Icon Plus im Kreis<\/p>\n<\/li>\n<li class=\"mb-3 mr-3\">\n    1. FC Heidenheim<\/p>\n<p>      Icon Haken im Kreis gesetzt<\/p>\n<p>      Icon Plus im Kreis<\/p>\n<\/li>\n<\/ul>\n","protected":false},"excerpt":{"rendered":"Der FC Bayern M\u00fcnchen hat mit einem Last-Minute-Sieg in der Bundesliga auf die erste Saison-Niederlage beim FC Arsenal&hellip;\n","protected":false},"author":2,"featured_media":611507,"comment_status":"","ping_status":"","sticky":false,"template":"","format":"standard","meta":{"footnotes":""},"categories":[1825],"tags":[17188,623,297,296,29,458,459,30,1420,15179,2020,2365],"class_list":{"0":"post-611506","1":"post","2":"type-post","3":"status-publish","4":"format-standard","5":"has-post-thumbnail","7":"category-berlin","8":"tag-1-fc-heidenheim","9":"tag-1-fc-koeln","10":"tag-1-fc-union-berlin","11":"tag-berlin","12":"tag-deutschland","13":"tag-fc-bayern-muenchen","14":"tag-fc-st-pauli","15":"tag-germany","16":"tag-koeln","17":"tag-sandro-wagner","18":"tag-st-pauli","19":"tag-sv-werder-bremen"},"share_on_mastodon":{"url":"https:\/\/pubeurope.com\/@de\/115634348699036401","error":""},"_links":{"self":[{"href":"https:\/\/www.europesays.com\/de\/wp-json\/wp\/v2\/posts\/611506","targetHints":{"allow":["GET"]}}],"collection":[{"href":"https:\/\/www.europesays.com\/de\/wp-json\/wp\/v2\/posts"}],"about":[{"href":"https:\/\/www.europesays.com\/de\/wp-json\/wp\/v2\/types\/post"}],"author":[{"embeddable":true,"href":"https:\/\/www.europesays.com\/de\/wp-json\/wp\/v2\/users\/2"}],"replies":[{"embeddable":true,"href":"https:\/\/www.europesays.com\/de\/wp-json\/wp\/v2\/comments?post=611506"}],"version-history":[{"count":0,"href":"https:\/\/www.europesays.com\/de\/wp-json\/wp\/v2\/posts\/611506\/revisions"}],"wp:featuredmedia":[{"embeddable":true,"href":"https:\/\/www.europesays.com\/de\/wp-json\/wp\/v2\/media\/611507"}],"wp:attachment":[{"href":"https:\/\/www.europesays.com\/de\/wp-json\/wp\/v2\/media?parent=611506"}],"wp:term":[{"taxonomy":"category","embeddable":true,"href":"https:\/\/www.europesays.com\/de\/wp-json\/wp\/v2\/categories?post=611506"},{"taxonomy":"post_tag","embeddable":true,"href":"https:\/\/www.europesays.com\/de\/wp-json\/wp\/v2\/tags?post=611506"}],"curies":[{"name":"wp","href":"https:\/\/api.w.org\/{rel}","templated":true}]}}