{"id":611551,"date":"2025-11-29T18:40:13","date_gmt":"2025-11-29T18:40:13","guid":{"rendered":"https:\/\/www.europesays.com\/de\/611551\/"},"modified":"2025-11-29T18:40:13","modified_gmt":"2025-11-29T18:40:13","slug":"politikgespraech-und-buchlesung-mit-christine-lambrecht","status":"publish","type":"post","link":"https:\/\/www.europesays.com\/de\/611551\/","title":{"rendered":"Politikgespr\u00e4ch und Buchlesung mit Christine Lambrecht"},"content":{"rendered":"<p class=\"mb-6 text-xs md:text-m lg:text-l font-serif group-[.font-sans]:font-sans \">\n     Der Ring Politische Jugend Karlsruhe hat Christine Lambrecht eingeladen, ihr Buch \u201eAuf St\u00f6ckelschuhen durch Absurdistan\u201c vorzustellen. Lambrecht war von 1998 bis 2021 im Deutschen Bundestag, also rund 23 Jahre. In dieser Zeit hat die Berufspolitikerin es zu hohen \u00c4mtern gebracht: Sie war Bundesjustiz-, Familien- und Verteidigungsministerin. Als Verteidigungsministerin im Kabinett Scholz trat sie allerdings bereits nach gut dreizehn Monaten im Amt zur\u00fcck. In ihrer Begr\u00fcndung hie\u00df es seinerzeit, dass die monatelange mediale Fokussierung auf ihre Person eine sachliche Berichterstattung und Diskussion \u00fcber die Soldatinnen und Soldaten, die Bundeswehr und und sicherheitspolitische Weichenstellungen (&#8230;.) kaum zulasse.\n  <\/p>\n<p>            Verteidigungsministerin erz\u00e4hlt <\/p>\n<p class=\"mb-6 text-xs md:text-m lg:text-l font-serif group-[.font-sans]:font-sans \">\n    Am Freitag, 5. Dezember ab 19.30 Uhr wird die ehemalige Verteidigungsministerin im Haus der Jugendverb\u00e4nde Anne Frank, in der Moltkestra\u00dfe 20, in Karlsruhe aus ihrem Buch lesen. Der Eintritt ist frei.\n  <\/p>\n<p class=\"mb-6 text-xs md:text-m lg:text-l font-serif group-[.font-sans]:font-sans \">\n    Im Rahmen der Lesung mit anschlie\u00dfendem Publikumsgespr\u00e4ch spricht Christine Lambrecht \u00fcber Frauen in der Politik, \u00fcber Medienbilder zwischen St\u00f6ckelschuh und Schutzweste und dar\u00fcber, warum Schreiben vielleicht die ehrlichste Form von Aufarbeitung ist, verspricht der Ring Politische Jugend Karlsruhe.\n  <\/p>\n<p>            Nach dem Umgang mit Waffen nun der Umgang mit Sprache <\/p>\n<p class=\"mb-6 text-xs md:text-m lg:text-l font-serif group-[.font-sans]:font-sans \">\n    \u201e\u00dcber 20 Jahre Berufspolitik waren nie langweilig \u2013 immer spannend, manchmal lustig, oft absurd\u201c, schreibt Lambrecht. Ihr Buch l\u00e4dt dazu ein, \u201e\u00fcber den Umgang mit Sprache nachzudenken. Respektvolle Sprache ist so wichtig. Auch \u2013 und gerade \u2013 wenn es schwerf\u00e4llt.\u201c\n  <\/p>\n<p class=\"mb-6 text-xs md:text-m lg:text-l font-serif group-[.font-sans]:font-sans \">\n    Ring politischer Jugend (RpJ) ist die Bezeichnung mehrerer Zusammenschl\u00fcsse von parteipolitischen Jugendverb\u00e4nden in Deutschland auf Bundes-, Landes- oder kommunaler Ebene. Mitglieder im Bundes-RpJ sind: Junge Union (Unionsparteien), Jusos (SPD), Junge Liberale (FDP), Gr\u00fcne Jugend (Gr\u00fcne) und die JungdemokratInnen\/Junge Linke (parteilos).\u00a0\n  <\/p>\n<ul data-module-id=\"DragDropModule\" class=\"flex flex-wrap justify-start group-[.no-bookmarks]:hidden\">\n<li class=\"mb-3 mr-3\">\n    Veronika Hartmann<\/p>\n<p>      Icon Haken im Kreis gesetzt<\/p>\n<p>      Icon Plus im Kreis<\/p>\n<\/li>\n<li class=\"mb-3 mr-3\">\n    Christine Lambrecht<\/p>\n<p>      Icon Haken im Kreis gesetzt<\/p>\n<p>      Icon Plus im Kreis<\/p>\n<\/li>\n<li class=\"mb-3 mr-3\">\n    Karlsruhe<\/p>\n<p>      Icon Haken im Kreis gesetzt<\/p>\n<p>      Icon Plus im Kreis<\/p>\n<\/li>\n<\/ul>\n","protected":false},"excerpt":{"rendered":"Der Ring Politische Jugend Karlsruhe hat Christine Lambrecht eingeladen, ihr Buch \u201eAuf St\u00f6ckelschuhen durch Absurdistan\u201c vorzustellen. Lambrecht war&hellip;\n","protected":false},"author":2,"featured_media":611552,"comment_status":"","ping_status":"","sticky":false,"template":"","format":"standard","meta":{"footnotes":""},"categories":[1844],"tags":[54932,1634,1180,685,93732,3364,29,30,8903,45361,16,145342,145344,145343],"class_list":{"0":"post-611551","1":"post","2":"type-post","3":"status-publish","4":"format-standard","5":"has-post-thumbnail","7":"category-karlsruhe","8":"tag-anne-frank","9":"tag-baden-wuerttemberg","10":"tag-bundestag","11":"tag-bundeswehr","12":"tag-christine-lambrecht","13":"tag-de","14":"tag-deutschland","15":"tag-germany","16":"tag-karlsruhe","17":"tag-moltkestrasse","18":"tag-politik","19":"tag-publikumsgespraech","20":"tag-ring-politischer-jugend","21":"tag-stoeckelschuh"},"share_on_mastodon":{"url":"https:\/\/pubeurope.com\/@de\/115634452910920350","error":""},"_links":{"self":[{"href":"https:\/\/www.europesays.com\/de\/wp-json\/wp\/v2\/posts\/611551","targetHints":{"allow":["GET"]}}],"collection":[{"href":"https:\/\/www.europesays.com\/de\/wp-json\/wp\/v2\/posts"}],"about":[{"href":"https:\/\/www.europesays.com\/de\/wp-json\/wp\/v2\/types\/post"}],"author":[{"embeddable":true,"href":"https:\/\/www.europesays.com\/de\/wp-json\/wp\/v2\/users\/2"}],"replies":[{"embeddable":true,"href":"https:\/\/www.europesays.com\/de\/wp-json\/wp\/v2\/comments?post=611551"}],"version-history":[{"count":0,"href":"https:\/\/www.europesays.com\/de\/wp-json\/wp\/v2\/posts\/611551\/revisions"}],"wp:featuredmedia":[{"embeddable":true,"href":"https:\/\/www.europesays.com\/de\/wp-json\/wp\/v2\/media\/611552"}],"wp:attachment":[{"href":"https:\/\/www.europesays.com\/de\/wp-json\/wp\/v2\/media?parent=611551"}],"wp:term":[{"taxonomy":"category","embeddable":true,"href":"https:\/\/www.europesays.com\/de\/wp-json\/wp\/v2\/categories?post=611551"},{"taxonomy":"post_tag","embeddable":true,"href":"https:\/\/www.europesays.com\/de\/wp-json\/wp\/v2\/tags?post=611551"}],"curies":[{"name":"wp","href":"https:\/\/api.w.org\/{rel}","templated":true}]}}