{"id":611553,"date":"2025-11-29T18:41:13","date_gmt":"2025-11-29T18:41:13","guid":{"rendered":"https:\/\/www.europesays.com\/de\/611553\/"},"modified":"2025-11-29T18:41:13","modified_gmt":"2025-11-29T18:41:13","slug":"fahrtausfaelle-bei-der-s-bahn-betreffen-linie-s5-zwischen-woerth-und-bad-wildbad","status":"publish","type":"post","link":"https:\/\/www.europesays.com\/de\/611553\/","title":{"rendered":"Fahrtausf\u00e4lle bei der S-Bahn betreffen Linie S5 zwischen W\u00f6rth und Bad Wildbad"},"content":{"rendered":"<p class=\"mb-6 text-xs md:text-m lg:text-l font-serif group-[.font-sans]:font-sans \">\n    Auf der Linie S5 in Karlsruhe kommt es wegen Engp\u00e4ssen beim Fahrpersonal der AVG zu Fahrtausf\u00e4llen. Betroffen ist der Bereich zwischen W\u00f6rth Badepark und Bad Wildbad Kurpark, teilt die Verkehrsgesellschaft mit.  Betroffen sind (nach Stand 29. November .2025 14:35 Uhr) die folgenden Fahrten betroffen:\n  <\/p>\n<p>            Die betroffenen Fahrten <\/p>\n<p class=\"mb-6 text-xs md:text-m lg:text-l font-serif group-[.font-sans]:font-sans \">\n    \u00a0<br \/>\n84763 Ka. Rheinbergstra\u00dfe (15:52 Uhr) &#8211; S\u00f6llingen (16:37 Uhr)<br \/>\n84848 S\u00f6llingen (16:51 Uhr) &#8211; Ka. Lameyplatz (17:28 Uhr)<br \/>\n85089 Ka. Starckstra\u00dfe (18:07 Uhr) &#8211; Bad Wildbad Kurpark (19:52 Uhr)<br \/>\n85086 Bad Wildbad Kurpark (20:05 Uhr) &#8211; W\u00f6rth Badepark (22:15 Uhr)<br \/>\n84853 W\u00f6rth Badepark (22:45 Uhr) &#8211; Ka. Rheinbergstra\u00dfe (23:00 Uhr)\n  <\/p>\n<p>            Vor Fahrtantritt Verbindung pr\u00fcfen <\/p>\n<p class=\"mb-6 text-xs md:text-m lg:text-l font-serif group-[.font-sans]:font-sans \">\n    <a href=\"https:\/\/www.kvv.de\/fahrplan\/abfahrtsmonitor.html\" rel=\"nofollow noopener\" target=\"_blank\" class=\"underline \">\u00dcber den Abfahrtsmonitor k\u00f6nnen Passagiere vor Fahrtantritt pr\u00fcfen<\/a>, ob die geplante Verbindung stattfinden wird oder nicht.\n  <\/p>\n<ul data-module-id=\"DragDropModule\" class=\"flex flex-wrap justify-start group-[.no-bookmarks]:hidden\">\n<li class=\"mb-3 mr-3\">\n    Veronika Hartmann<\/p>\n<p>      Icon Haken im Kreis gesetzt<\/p>\n<p>      Icon Plus im Kreis<\/p>\n<\/li>\n<li class=\"mb-3 mr-3\">\n    W\u00f6rth<\/p>\n<p>      Icon Haken im Kreis gesetzt<\/p>\n<p>      Icon Plus im Kreis<\/p>\n<\/li>\n<li class=\"mb-3 mr-3\">\n    Vorsicht<\/p>\n<p>      Icon Haken im Kreis gesetzt<\/p>\n<p>      Icon Plus im Kreis<\/p>\n<\/li>\n<\/ul>\n","protected":false},"excerpt":{"rendered":"Auf der Linie S5 in Karlsruhe kommt es wegen Engp\u00e4ssen beim Fahrpersonal der AVG zu Fahrtausf\u00e4llen. Betroffen ist&hellip;\n","protected":false},"author":2,"featured_media":611554,"comment_status":"","ping_status":"","sticky":false,"template":"","format":"standard","meta":{"footnotes":""},"categories":[1844],"tags":[1325,2161,132991,1634,3364,29,129266,144295,30,8903,56838,36721,26148],"class_list":{"0":"post-611553","1":"post","2":"type-post","3":"status-publish","4":"format-standard","5":"has-post-thumbnail","7":"category-karlsruhe","8":"tag-ausfall","9":"tag-avg","10":"tag-bad-wildbad","11":"tag-baden-wuerttemberg","12":"tag-de","13":"tag-deutschland","14":"tag-fahrpersonal","15":"tag-fahrtausfall","16":"tag-germany","17":"tag-karlsruhe","18":"tag-kurpark","19":"tag-vorsicht","20":"tag-woerth"},"share_on_mastodon":{"url":"https:\/\/pubeurope.com\/@de\/115634456796123109","error":""},"_links":{"self":[{"href":"https:\/\/www.europesays.com\/de\/wp-json\/wp\/v2\/posts\/611553","targetHints":{"allow":["GET"]}}],"collection":[{"href":"https:\/\/www.europesays.com\/de\/wp-json\/wp\/v2\/posts"}],"about":[{"href":"https:\/\/www.europesays.com\/de\/wp-json\/wp\/v2\/types\/post"}],"author":[{"embeddable":true,"href":"https:\/\/www.europesays.com\/de\/wp-json\/wp\/v2\/users\/2"}],"replies":[{"embeddable":true,"href":"https:\/\/www.europesays.com\/de\/wp-json\/wp\/v2\/comments?post=611553"}],"version-history":[{"count":0,"href":"https:\/\/www.europesays.com\/de\/wp-json\/wp\/v2\/posts\/611553\/revisions"}],"wp:featuredmedia":[{"embeddable":true,"href":"https:\/\/www.europesays.com\/de\/wp-json\/wp\/v2\/media\/611554"}],"wp:attachment":[{"href":"https:\/\/www.europesays.com\/de\/wp-json\/wp\/v2\/media?parent=611553"}],"wp:term":[{"taxonomy":"category","embeddable":true,"href":"https:\/\/www.europesays.com\/de\/wp-json\/wp\/v2\/categories?post=611553"},{"taxonomy":"post_tag","embeddable":true,"href":"https:\/\/www.europesays.com\/de\/wp-json\/wp\/v2\/tags?post=611553"}],"curies":[{"name":"wp","href":"https:\/\/api.w.org\/{rel}","templated":true}]}}