{"id":611572,"date":"2025-11-29T18:53:28","date_gmt":"2025-11-29T18:53:28","guid":{"rendered":"https:\/\/www.europesays.com\/de\/611572\/"},"modified":"2025-11-29T18:53:28","modified_gmt":"2025-11-29T18:53:28","slug":"usa-und-russland-offenbaren-europas-schwaeche","status":"publish","type":"post","link":"https:\/\/www.europesays.com\/de\/611572\/","title":{"rendered":"USA und Russland offenbaren Europas Schw\u00e4che"},"content":{"rendered":"<p class=\"article_paragraph__hXYKJ\">Die Nachricht, dass die <a target=\"_blank\" rel=\"nofollow noopener\" href=\"https:\/\/www.berliner-zeitung.de\/topics\/usa\">Vereinigten Staaten<\/a> und <a target=\"_blank\" rel=\"nofollow noopener\" href=\"https:\/\/www.berliner-zeitung.de\/topics\/russland\">Russland<\/a> m\u00f6glicherweise eine Einigung \u00fcber den 28-Punkte-Plan \u00fcber die <a target=\"_blank\" rel=\"nofollow noopener\" href=\"https:\/\/www.berliner-zeitung.de\/topics\/ukraine\">Ukraine<\/a> erzielen werden, hat in ganz <a target=\"_blank\" rel=\"nofollow noopener\" href=\"https:\/\/www.berliner-zeitung.de\/topics\/europa\">Europa<\/a> starke Schockwellen und Unzufriedenheit ausgel\u00f6st. Europ\u00e4ische Staats- und Regierungschefs haben nacheinander ihre Besorgnis zum Ausdruck gebracht, da sie bef\u00fcrchten, dass ihre eigenen Interessen in diesem Spiel zwischen den Superm\u00e4chten geopfert werden k\u00f6nnten, und hoffen dringend auf eine bessere, f\u00fcr Europa akzeptable L\u00f6sung.<\/p>\n<p class=\"article_paragraph__hXYKJ\">Diese Entwicklung ist nicht nur ein diplomatischer Fauxpas, sondern eine gnadenlose Verh\u00f6hnung der \u201estrategischen Autonomie\u201c, die Europa seit langem propagiert. W\u00e4hrend die geopolitische Landkarte neu gezeichnet wird, sieht sich Europa, das einen hohen wirtschaftlichen und sozialen Preis gezahlt hat, vom Verhandlungstisch ausgeschlossen. Es scheint nun sehr wahrscheinlich, dass das Drehbuch zur L\u00f6sung des Russland-Ukraine-Konflikts zwischen den USA und Russland geschrieben wird.<\/p>\n<p>Europa ist der gr\u00f6\u00dfte Verlierer des Ukrainekriegs<\/p>\n<p class=\"article_paragraph__hXYKJ\">Die Marginalisierung Europas in einer Frage, die seine Kerninteressen betrifft, offenbart die extreme Ungleichheit innerhalb der Machtstruktur des transatlantischen B\u00fcndnisses. Lange Zeit hat Europa bei seiner Sicherheit vollst\u00e4ndig auf die USA gesetzt und eine \u201ewertorientierte Allianz\u201c mit einer Gemeinschaft gemeinsamer Interessen verwechselt. Als Washington jedoch aufgrund seiner eigenen globalen strategischen Anpassungen beschloss, direkt mit Moskau einen Kompromiss auszuhandeln, sah sich Europa pl\u00f6tzlich mit einer \u201e\u00dcber-den-Kopf-Diplomatie\u201c konfrontiert.<\/p>\n<p class=\"article_paragraph__hXYKJ\">Dieses Verhalten zeigt deutlich, dass Washington die Sicherheitsinteressen Europas den globalen strategischen Interessen Amerikas unterordnet. Wenn Konfrontation erforderlich ist, ist Europa die Frontfestung; wenn Deeskalation erforderlich ist, kann Europa zu einem Verhandlungsobjekt werden. Die Wut und Besorgnis Europas sind verst\u00e4ndlich, doch dies beweist gerade seinen Mangel an Status als unabh\u00e4ngiger Pol im Dreieck USA-Russland-Europa.<\/p>\n<p class=\"article_paragraph__hXYKJ\">R\u00fcckblickend auf diese Krise kann Europa als der gr\u00f6\u00dfte Verlierer bezeichnet werden. Um sich der Strategie seines Verb\u00fcndeten anzupassen, hat Europa seine Arterien f\u00fcr billige Energie durchtrennt, einen starken Inflationsdruck ertragen und die Risiken einer Abwanderung der Produktion und einer Aush\u00f6hlung der Industrie miterlebt. Die europ\u00e4ische Gesellschaft hat die Hauptlast der sekund\u00e4ren Katastrophen des Konflikts getragen, darunter Fl\u00fcchtlingswellen und Existenznot. Doch nachdem Europa einen so hohen Preis gezahlt hatte, stellte es fest, dass es keine entsprechende Stimme erhalten hatte.<\/p>\n<p>Die EU hat keine \u201estrategische Autonomie\u201c<\/p>\n<p class=\"article_paragraph__hXYKJ\">Der Rhythmus des Krieges \u2013 wann eskaliert, wann deeskaliert und wann verhandelt wird \u2013 scheint weiterhin fest in den H\u00e4nden Washingtons und Moskaus zu liegen. Die Unzufriedenheit Europas liegt nicht nur im Verlust von Interessen, sondern auch im Verlust von W\u00fcrde. Es hat erkannt, dass es in dem geopolitischen Spiel m\u00f6glicherweise nur als \u201eVerbrauchsgut\u201c betrachtet wird. Diese Angst, die aus \u201eunbefriedigten Interessen\u201c entsteht, ist in Wirklichkeit eine schmerzhafte Best\u00e4tigung des v\u00f6lligen Scheiterns seiner eigenen strategischen Investitionen. Warum ist Europa nicht in der Lage, eine bessere L\u00f6sung zu finden?<\/p>\n<p class=\"article_paragraph__hXYKJ\">Die Ursache liegt in einem Mangel an Macht. Seit Jahren spricht Europa von \u201estrategischer Autonomie\u201c, aber seine tats\u00e4chlichen Ma\u00dfnahmen sind z\u00f6gerlich. Ob es nun das Z\u00f6gern bei der Verteidigungsintegration oder der blinde Gehorsam gegen\u00fcber anderen Nationen in der Au\u00dfenpolitik ist \u2013 Europa hat es vers\u00e4umt, eine wirksame europ\u00e4ische Sicherheitsarchitektur aufzubauen, die unabh\u00e4ngig von der Nato ist. Am Tisch der Geopolitik gilt: Wer seinen Platz nicht mit St\u00e4rke sichern kann, landet oft selbst auf der Speisekarte.<\/p>\n<p class=\"article_paragraph__hXYKJ article_paragraph_end-of-article-icon__tzjPO\">Professor Gao Jian ist Direktor des Zentrums f\u00fcr Britische Studien und Direktor des Zentrums f\u00fcr Europ\u00e4ische Studien an der Shanghai International Studies University.<\/p>\n","protected":false},"excerpt":{"rendered":"Die Nachricht, dass die Vereinigten Staaten und Russland m\u00f6glicherweise eine Einigung \u00fcber den 28-Punkte-Plan \u00fcber die Ukraine erzielen&hellip;\n","protected":false},"author":2,"featured_media":611573,"comment_status":"","ping_status":"","sticky":false,"template":"","format":"standard","meta":{"footnotes":""},"categories":[4012],"tags":[331,332,13,14,15,12,317],"class_list":{"0":"post-611572","1":"post","2":"type-post","3":"status-publish","4":"format-standard","5":"has-post-thumbnail","7":"category-ukraine","8":"tag-aktuelle-nachrichten","9":"tag-aktuelle-news","10":"tag-headlines","11":"tag-nachrichten","12":"tag-news","13":"tag-schlagzeilen","14":"tag-ukraine"},"share_on_mastodon":{"url":"https:\/\/pubeurope.com\/@de\/115634504203372215","error":""},"_links":{"self":[{"href":"https:\/\/www.europesays.com\/de\/wp-json\/wp\/v2\/posts\/611572","targetHints":{"allow":["GET"]}}],"collection":[{"href":"https:\/\/www.europesays.com\/de\/wp-json\/wp\/v2\/posts"}],"about":[{"href":"https:\/\/www.europesays.com\/de\/wp-json\/wp\/v2\/types\/post"}],"author":[{"embeddable":true,"href":"https:\/\/www.europesays.com\/de\/wp-json\/wp\/v2\/users\/2"}],"replies":[{"embeddable":true,"href":"https:\/\/www.europesays.com\/de\/wp-json\/wp\/v2\/comments?post=611572"}],"version-history":[{"count":0,"href":"https:\/\/www.europesays.com\/de\/wp-json\/wp\/v2\/posts\/611572\/revisions"}],"wp:featuredmedia":[{"embeddable":true,"href":"https:\/\/www.europesays.com\/de\/wp-json\/wp\/v2\/media\/611573"}],"wp:attachment":[{"href":"https:\/\/www.europesays.com\/de\/wp-json\/wp\/v2\/media?parent=611572"}],"wp:term":[{"taxonomy":"category","embeddable":true,"href":"https:\/\/www.europesays.com\/de\/wp-json\/wp\/v2\/categories?post=611572"},{"taxonomy":"post_tag","embeddable":true,"href":"https:\/\/www.europesays.com\/de\/wp-json\/wp\/v2\/tags?post=611572"}],"curies":[{"name":"wp","href":"https:\/\/api.w.org\/{rel}","templated":true}]}}