{"id":611590,"date":"2025-11-29T19:06:20","date_gmt":"2025-11-29T19:06:20","guid":{"rendered":"https:\/\/www.europesays.com\/de\/611590\/"},"modified":"2025-11-29T19:06:20","modified_gmt":"2025-11-29T19:06:20","slug":"spendenscheck-pater-tobias-uebergibt-scheck-fuer-kinder-in-der-ukraine","status":"publish","type":"post","link":"https:\/\/www.europesays.com\/de\/611590\/","title":{"rendered":"Spendenscheck: Pater Tobias \u00fcbergibt Scheck f\u00fcr Kinder in der Ukraine"},"content":{"rendered":"<p>                    500 Euro Spende f\u00fcr Projekt \u201e5000 Mahlzeiten\u201c &#8211; Pater Tobias \u00fcbergibt Scheck f\u00fcr Kinder in der Ukraine<\/p>\n<p>Ein starkes Zeichen der N\u00e4chstenliebe in der Adventszeit: Pater Tobias hat einen Spendenscheck \u00fcber 500 Euro an Martin Broekmann vom Projekt 5000 Mahlzeiten \u00fcberreicht. Die Summe kam dank der gro\u00dfz\u00fcgigen Unterst\u00fctzung vieler Freunde am vergangenen Donnerstag beim K\u00f6lsche-Vari\u00e8t\u00e8-Marathon zusammen.<\/p>\n<p>Gesegnete Adventsbriefe als Zeichen der Hoffnung<\/p>\n<p>Unmittelbar nach dem Marathon segnete Pater Tobias die 150 Adventsbriefe, die im Rahmen der aktuellen Ukraine-Hilfe verschickt wurden. \u201eJeder Brief soll ein Licht der Hoffnung entz\u00fcnden und Menschen einladen, Not zu lindern\u201c, sagte er bei der \u00dcbergabe. \u201eUnsere Adventszeit bekommt Tiefe, wenn wir gemeinsam teilen.\u201c<\/p>\n<p>Die 500 Euro flie\u00dfen direkt in die Unterst\u00fctzung bed\u00fcrftiger Kinder in der Ukraine. Seit Beginn des Krieges engagiert sich die Hilfsmission 5000 Mahlzeiten unerm\u00fcdlich f\u00fcr Menschen in gr\u00f6\u00dfter Not. Lisa und Martin Broekmann organisieren Hilfstransporte, die Schlafs\u00e4cke, Notfallmaterial, Lebensmittel und dringend ben\u00f6tigte Ausr\u00fcstung pers\u00f6nlich an Familien, Seniorinnen und Senioren sowie alleinlebende Waisenkinder \u00fcberbringen. F\u00fcr 2026 und 2027 sind bereits weitere Touren geplant.<\/p>\n<p>Freundschaft und Solidarit\u00e4t, die Grenzen \u00fcberwindet<br \/>\u201eDiese Unterst\u00fctzung aus Duisburg bewegt uns sehr\u201c, sagte Martin Broekmann dankbar. \u201eSie zeigt, wie stark Freundschaft und Solidarit\u00e4t auch \u00fcber Grenzen hinweg wirken.\u201c<\/p>\n<p>Wer sich ebenfalls beteiligen m\u00f6chte, kann direkt an das Spendenkonto des Projekts 5000 Mahlzeiten oder an das Projekt LebensWert spenden. Jede Gabe kommt ohne Umwege den Menschen vor Ort zugute.<\/p>\n<p>                                                                            <img class=\"imagecontainer\" decoding=\"auto\" data-aspect-ratio=\"0.462\" src=\"https:\/\/www.europesays.com\/de\/wp-content\/uploads\/2025\/11\/13922885_L.webp\" style=\"object-position: 51% 46%;\" data-object-position=\"51% 46%\"\/><\/p>\n<p>                                                                            <img class=\"imagecontainer\" decoding=\"auto\" data-aspect-ratio=\"0.462\" src=\"https:\/\/www.europesays.com\/de\/wp-content\/uploads\/2025\/11\/13922888_L.webp\" style=\"object-position: 50% 48%;\" data-object-position=\"50% 48%\"\/><\/p>\n<p>                <a id=\"like-anchor\"\/><\/p>\n<p>                    Dieser Inhalt gef\u00e4llt Ihnen?<\/p>\n<p>Melden Sie sich an, um diesen Inhalt mit \u00abGef\u00e4llt mir\u00bb zu markieren.<\/p>\n<p>            \u00d7<\/p>\n<p>        <a href=\"#\" data-trigger-click-on-space-or-enter=\"\" class=\"button ggm-like-button hollow\" title=\"Gef\u00e4llt mir\" data-open=\"like-conversion-692b442643579\"><\/p>\n<p>        <\/a><\/p>\n<p>\n        Gef\u00e4llt <strong>1<\/strong> mal<br \/>\n        1\n    <\/p>\n<p>            <a href=\"https:\/\/www.lokalkompass.de\/duisburg\/profile-490825\/pater-tobias-breer\" class=\"stop-click-event-propagation\" rel=\"nofollow noopener\" target=\"_blank\">    <\/p>\n<p>                                                                            <img class=\"imagecontainer\" decoding=\"auto\" data-aspect-ratio=\"0.666666667\" src=\"https:\/\/media04.lokalkompass.de\/user\/2025\/07\/14\/5\/116215_L.webp?1752500045\" style=\"object-position: 54% 38%;\" data-object-position=\"54% 38%\" bad-src=\"data:image\/gif;base64,R0lGODlhAQABAIAAAAAAAP\/\/\/yH5BAEAAAAALAAAAAABAAEAAAIBRAA7\"\/><\/p>\n<p>        <\/a><\/p>\n<p>                    Sie m\u00f6chten diesem Profil folgen?<\/p>\n<p>Verpassen Sie nicht die neuesten Inhalte von diesem Profil: Melden Sie sich an, um neuen Inhalten von Profilen und Orten in Ihrem <strong>pers\u00f6nlichen Feed<\/strong> zu folgen.<\/p>\n<p>            \u00d7<\/p>\n<p>\n            <strong>Eine\/r<\/strong> folgt diesem Profil\n        <\/p>\n","protected":false},"excerpt":{"rendered":"500 Euro Spende f\u00fcr Projekt \u201e5000 Mahlzeiten\u201c &#8211; Pater Tobias \u00fcbergibt Scheck f\u00fcr Kinder in der Ukraine Ein&hellip;\n","protected":false},"author":2,"featured_media":611591,"comment_status":"","ping_status":"","sticky":false,"template":"","format":"standard","meta":{"footnotes":""},"categories":[1838],"tags":[3364,29,3715,30,1209],"class_list":{"0":"post-611590","1":"post","2":"type-post","3":"status-publish","4":"format-standard","5":"has-post-thumbnail","7":"category-duisburg","8":"tag-de","9":"tag-deutschland","10":"tag-duisburg","11":"tag-germany","12":"tag-nordrhein-westfalen"},"share_on_mastodon":{"url":"https:\/\/pubeurope.com\/@de\/115634555693608877","error":""},"_links":{"self":[{"href":"https:\/\/www.europesays.com\/de\/wp-json\/wp\/v2\/posts\/611590","targetHints":{"allow":["GET"]}}],"collection":[{"href":"https:\/\/www.europesays.com\/de\/wp-json\/wp\/v2\/posts"}],"about":[{"href":"https:\/\/www.europesays.com\/de\/wp-json\/wp\/v2\/types\/post"}],"author":[{"embeddable":true,"href":"https:\/\/www.europesays.com\/de\/wp-json\/wp\/v2\/users\/2"}],"replies":[{"embeddable":true,"href":"https:\/\/www.europesays.com\/de\/wp-json\/wp\/v2\/comments?post=611590"}],"version-history":[{"count":0,"href":"https:\/\/www.europesays.com\/de\/wp-json\/wp\/v2\/posts\/611590\/revisions"}],"wp:featuredmedia":[{"embeddable":true,"href":"https:\/\/www.europesays.com\/de\/wp-json\/wp\/v2\/media\/611591"}],"wp:attachment":[{"href":"https:\/\/www.europesays.com\/de\/wp-json\/wp\/v2\/media?parent=611590"}],"wp:term":[{"taxonomy":"category","embeddable":true,"href":"https:\/\/www.europesays.com\/de\/wp-json\/wp\/v2\/categories?post=611590"},{"taxonomy":"post_tag","embeddable":true,"href":"https:\/\/www.europesays.com\/de\/wp-json\/wp\/v2\/tags?post=611590"}],"curies":[{"name":"wp","href":"https:\/\/api.w.org\/{rel}","templated":true}]}}