{"id":611621,"date":"2025-11-29T19:24:41","date_gmt":"2025-11-29T19:24:41","guid":{"rendered":"https:\/\/www.europesays.com\/de\/611621\/"},"modified":"2025-11-29T19:24:41","modified_gmt":"2025-11-29T19:24:41","slug":"preis-fuer-landesschulministerin-dorothee-feller-erkrath-jetzt","status":"publish","type":"post","link":"https:\/\/www.europesays.com\/de\/611621\/","title":{"rendered":"Preis f\u00fcr Landesschulministerin Dorothee Feller | erkrath.jetzt"},"content":{"rendered":"<p> <img loading=\"lazy\" alt=\"\" title=\"\" src=\"https:\/\/www.europesays.com\/de\/wp-content\/uploads\/2025\/11\/Titel_Landesschulministerin-678x381.jpg\" decoding=\"async\" class=\"lazyload\" width=\"678\" height=\"381\" data-eio-rwidth=\"678\" data-eio-rheight=\"381\"\/>(v. l.): Landesschulministerin Dorothee Feller und Pr\u00e4sident Andreas Ehlert. Foto: Wilfried MeyerZum 24. Mal zeichnete der \u201eVerein zur F\u00f6rderung der beruflichen Bildung\u201c bei der Handwerkskammer D\u00fcsseldorf besondere Verdienste um die berufliche Qualifizierung aus: Landesschulministerin Dorothee Feller Tr\u00e4gerin des \u201eGeorg-Schulhoff-Preises 2025\u201c | Ehlert: \u201eHat wesentliche Impulse f\u00fcr die Zukunftsf\u00e4higkeit des dualen Systems gesetzt\u201c<\/p>\n<p>Mit gro\u00dfem pers\u00f6nlichem Engagement hat NRW-Landesministerin Dorothee Feller seit ihrem Amtsantritt vor dreieinhalb Jahren daran gearbeitet, die Wertsch\u00e4tzung und Attraktivit\u00e4t handwerklicher Berufe zu steigern und die Gleichwertigkeit von beruflicher und akademischer Bildung voranzubringen. Nicht zuletzt die Berufskollegs des Landes sind in dieser Zeit weiterentwickelt und modernisiert worden. Am Donnerstagabend ist das f\u00fcr Schule und Bildung zust\u00e4ndige Kabinettsmitglied der Landesregierung nun als F\u00f6rderin des Beruflichen Bildungswesens mit dem Georg-Schulhoff-Preis geehrt worden. Der bei der Handwerkskammer D\u00fcsseldorf ans\u00e4ssige \u201eVerein zur F\u00f6rderung der beruflichen Bildung \u2013 Stiftung Georg- Schulhoff-Preis\u201c vergab die mit 10.000 Euro dotierte, bedeutendste Auszeichnung f\u00fcr Verdienste im Bereich der dualen Qualifizierung seit 1985 zum 24. Mal.<\/p>\n<p>\u201eMit dem Ausbau des MINT-F\u00e4cherangebots an Berufskollegs, der F\u00f6rderung digitaler Lernformen, einer engeren Verzahnung von Schule, Betrieb und Kammern sowie St\u00e4rkungsimpulsen f\u00fcr das \u00dcbergangssystem Schule \u2013 Beruf unter anderem durch \u00dcbergangslotsen hat die Bildungsministerin ganz wesentliche Impulse f\u00fcr die Zukunftsf\u00e4higkeit des dualen Systems in Nordrhein-Westfalen gesetzt,\u201c betonte der Stiftungsvorsitzende und Pr\u00e4sident der Kammer in seiner Laudatio vor 250 geladenen G\u00e4sten. Die Ministerin habe sich zudem in besonderer Weise f\u00fcr die Fachkr\u00e4ftesicherung im Handwerk starkgemacht: durch Initiativen zur Berufsorientierung, zur F\u00f6rderung von Praktika und zur St\u00e4rkung regionaler Bildungsnetzwerke. Ehlert: \u201eMit ihrem Einsatz tragen Sie ma\u00dfgeblich dazu bei, dass das Handwerk in Nordrhein-Westfalen jungen Menschen eine moderne, hochwertige und zukunftssichere Ausbildung bieten kann.\u201c<\/p>\n<p>Auszeichnungsw\u00fcrdige Anerkennung fanden ferner die j\u00fcngsten bildungsst\u00e4rkenden Ma\u00dfnahmen des Ministeriums f\u00fcr Grundsch\u00fclerinnen und Grundsch\u00fcler: \u201eDer Fokus liegt jetzt vermehrt auf dem Beherrschen von Basiskompetenzen,\u201c freute sich Ehlert. So sei eine verbindliche Lesezeit eingef\u00fchrt und seit dem letzten Schuljahr auch eine Stunde mehr Deutsch und Mathematik pro Woche ins Curriculum aufgenommen worden. Mit der Angleichung der Lehrkr\u00e4ftebesoldung an Grundschulen und in der Sekundarstufe I mache die Ministerin au\u00dferdem \u201edeutlich, wo die Weichen f\u00fcr sp\u00e4tere Bildungserfolge gelegt werden,\u201c so der Gastgeber. Bildungspolitische Ambition m\u00fcsse sein, NRW in den Rankings der PISA- und der IQB-Bildungsstudie auf vorderen Pl\u00e4tzen zu positionieren und \u201ezum Berufsbildungsland Nr. 1\u201c zu machen. Der Handwerkspr\u00e4sident erbat sich daf\u00fcr Unterst\u00fctzung durch das Schulministerium, die rechtliche Verankerung der Gleichwertigkeit der beruflichen Bildung mit der akademischen \u201eoffensiv voranzutreiben\u201c und auch durch \u201egleichwertige Finanzierung\u201c zu untermauern.<\/p>\n<p>Bildungsministerin Dorothee Feller verband ihren Dank f\u00fcr die Auszeichnung (\u201eDen Preis nehme ich stellvertretend f\u00fcr unser Ministerium mit Freude entgegen\u201c) mit der Ank\u00fcndigung, die St\u00e4rkung der Beruflichen Bildung bleibe ein Schwerpunkt der Arbeit der Landesregierung. \u201eDiese Auszeichnung sendet uns das wichtige Signal, dass wir mit unseren Vorhaben im Bereich der Beruflichen Bildung auf dem richtigen Weg sind. Doch wir wissen, dass Preise auch mit einer Erwartungshaltung f\u00fcr die Zukunft verbunden sind,\u201c so die Preistr\u00e4gerin in ihrer Dankesreplik.<\/p>\n<p>\u201eWir leben in einer Zeit, in der sich unter anderem durch technologische Transformationen und schlechtere wirtschaftliche Rahmenbedingungen Kompetenzanforderungen an junge Menschen \u00e4ndern \u2013 und damit auch die Anforderungen an gute berufliche Bildung. Damit sich die Sch\u00fclerinnen und Sch\u00fcler auf diese Herausforderungen vorbereiten k\u00f6nnen, unterst\u00fctzen wir die Schulen mit Konzepten zur St\u00e4rkung digitaler und technischer F\u00e4higkeiten, der Basis- und Medienkompetenzen sowie speziell auch der Kompetenzen in MINT-F\u00e4chern,\u201c wurde die zust\u00e4ndige Ressortchefin konkret \u2013 und k\u00fcndigte an, das Preisgeld an drei Organisationen in Ruhrgebiet zu spenden, \u201edie gerade auch sehr viel f\u00fcr Bildungs- und Entwicklungsm\u00f6glichkeiten von jungen Menschen tun: dem Verein \u201eDorstener Arbeit\u201c, der beispielsweise Menschen auf ihrem Weg in eine Ausbildung oder die Erwerbst\u00e4tigkeit begleitet, an das J\u00fcdische Museum in Dorsten und an die Biologische Station des Kreises Recklinghausen.\u201c<\/p>\n<p>In bester Tradition der feierlichen Verleihung des \u201eGeorg-Schulhoff-Preises\u201c als gesellschaftlicher Akt gaben sich zahlreiche Pers\u00f6nlichkeiten des \u00d6ffentlichen Lebens ein Stelldichein im Kammerbau am Georg-Schulhoff-Platz \u2013 unter ihnen der Parlamentarische Staatssekret\u00e4r f\u00fcr Digitales und Staatsmodernisierung Thomas Jarzombek MdB, der Vorsitzende der Jungen Union Johannes Winkel MdB und zahlreiche weitere Mandatstr\u00e4ger aus Landtag und Kommunen, Regierungspr\u00e4sident Thomas Sch\u00fcrmann, der Pr\u00e4sident des Bundesinstituts f\u00fcr Berufsbildung und Vorg\u00e4nger-Preistr\u00e4ger Prof. Friedrich Hubert Esser, ZDH-Ehrenpr\u00e4sident Hans Peter Wollseifer (der in der der Preisverleihung vorangegangenen Tagung der Kammer-Vollversammlung die Goldene Medaille der HWK erhalten hatte), sowie Spitzen aus Stadtgesellschaft, Religionsgemeinschaften und regionaler Wirtschaft.<\/p>\n<p>   49<\/p>\n","protected":false},"excerpt":{"rendered":"(v. l.): Landesschulministerin Dorothee Feller und Pr\u00e4sident Andreas Ehlert. Foto: Wilfried MeyerZum 24. Mal zeichnete der \u201eVerein zur&hellip;\n","protected":false},"author":2,"featured_media":611622,"comment_status":"","ping_status":"","sticky":false,"template":"","format":"standard","meta":{"footnotes":""},"categories":[1831],"tags":[76575,3364,29,3405,30,1209,181],"class_list":{"0":"post-611621","1":"post","2":"type-post","3":"status-publish","4":"format-standard","5":"has-post-thumbnail","7":"category-duesseldorf","8":"tag-berufswelt","9":"tag-de","10":"tag-deutschland","11":"tag-duesseldorf","12":"tag-germany","13":"tag-nordrhein-westfalen","14":"tag-pressemitteilungen"},"share_on_mastodon":{"url":"https:\/\/pubeurope.com\/@de\/115634626731816221","error":""},"_links":{"self":[{"href":"https:\/\/www.europesays.com\/de\/wp-json\/wp\/v2\/posts\/611621","targetHints":{"allow":["GET"]}}],"collection":[{"href":"https:\/\/www.europesays.com\/de\/wp-json\/wp\/v2\/posts"}],"about":[{"href":"https:\/\/www.europesays.com\/de\/wp-json\/wp\/v2\/types\/post"}],"author":[{"embeddable":true,"href":"https:\/\/www.europesays.com\/de\/wp-json\/wp\/v2\/users\/2"}],"replies":[{"embeddable":true,"href":"https:\/\/www.europesays.com\/de\/wp-json\/wp\/v2\/comments?post=611621"}],"version-history":[{"count":0,"href":"https:\/\/www.europesays.com\/de\/wp-json\/wp\/v2\/posts\/611621\/revisions"}],"wp:featuredmedia":[{"embeddable":true,"href":"https:\/\/www.europesays.com\/de\/wp-json\/wp\/v2\/media\/611622"}],"wp:attachment":[{"href":"https:\/\/www.europesays.com\/de\/wp-json\/wp\/v2\/media?parent=611621"}],"wp:term":[{"taxonomy":"category","embeddable":true,"href":"https:\/\/www.europesays.com\/de\/wp-json\/wp\/v2\/categories?post=611621"},{"taxonomy":"post_tag","embeddable":true,"href":"https:\/\/www.europesays.com\/de\/wp-json\/wp\/v2\/tags?post=611621"}],"curies":[{"name":"wp","href":"https:\/\/api.w.org\/{rel}","templated":true}]}}