{"id":611688,"date":"2025-11-29T20:04:19","date_gmt":"2025-11-29T20:04:19","guid":{"rendered":"https:\/\/www.europesays.com\/de\/611688\/"},"modified":"2025-11-29T20:04:19","modified_gmt":"2025-11-29T20:04:19","slug":"fw-mg-vier-verletzte-person-nach-verkehrsunfall-auf-autobahn-61","status":"publish","type":"post","link":"https:\/\/www.europesays.com\/de\/611688\/","title":{"rendered":"FW-MG: Vier verletzte Person nach Verkehrsunfall auf Autobahn 61"},"content":{"rendered":"<p class=\"date\">29.11.2025 \u2013 19:01<\/p>\n<p class=\"customer\">\n                        <a class=\"story-customer\" title=\"weiter zum newsroom von Feuerwehr M\u00f6nchengladbach\" href=\"https:\/\/www.presseportal.de\/blaulicht\/nr\/115879\" rel=\"nofollow noopener\" target=\"_blank\">Feuerwehr M\u00f6nchengladbach<\/a>\n                    <\/p>\n<p><a class=\"glightbox event-trigger\" href=\"https:\/\/cache.pressmailing.net\/thumbnail\/story_hires\/de3c0352-d52c-4585-8061-42af6fff7b62\/Logo_PresseTH_UNFALL_neu.jpg.jpg\" data-description=\"Unfall\" data-category=\"medialightbox\" data-action=\"click\" data-label=\"single\" data-value=\"692b350b270000fd2c1d3926\" rel=\"nofollow noopener\" target=\"_blank\"><img decoding=\"async\" height=\"540\" with=\"720\" src=\"https:\/\/www.europesays.com\/de\/wp-content\/uploads\/2025\/11\/fw-mg-vier-verletzte-person-nach-verkehrsunfall-auf-autobahn-61.jpeg\"   alt=\"FW-MG: Vier verletzte Person nach Verkehrsunfall auf Autobahn 61\" class=\"single\"\/><\/a><\/p>\n<p><a data-category=\"citylink-story-view\" data-action=\"click\" data-label=\"Citylink in Meldungsansicht\" class=\"story-city event-trigger\" href=\"https:\/\/www.presseportal.de\/regional\/M%F6nchengladbach-BAB%2061%2C%2029.11.2025%2C%2015%3A00%20Uhr%2C%20FR%20Koblenz\" title=\"News aus M\u00f6nchengladbach-BAB 61, 29.11.2025, 15:00 Uhr, FR Koblenz \" rel=\"nofollow noopener\" target=\"_blank\">M\u00f6nchengladbach-BAB 61, 29.11.2025, 15:00 Uhr, FR Koblenz<\/a> (ots)<\/p>\n<p>Am fr\u00fchen Nachmittag wurde der Leitstelle der Feuerwehr durch einen automatischen Notruf (E-Call) ein Unfall auf der Autobahn 61 zwischen den Anschlussstellen Rheydt und Wickrath gemeldet.<br \/>\nBeim Eintreffen der Einsatzkr\u00e4fte war schon ein Notarzteinsatzfahrzeug aus Grevenbroich vor Ort. Die Kr\u00e4fte aus Grevenbroich hatten bereits erste Ma\u00dfnahmen durchgef\u00fchrt und wiesen die Einsatzkr\u00e4fte umfassend in die Lage ein. Insgesamt waren vier Fahrzeuge am Unfall beteiligt und es wurden vier Personen verletzt. Umgehend versorgte der Rettungsdienst alle Personen notfallmedizinisch. Eine Person musste schonend aus ihrem Fahrzeug befreit werden. Sie war jedoch nicht im Fahrzeug eingeklemmt. Hierzu nahmen die Einsatzkr\u00e4fte hydraulisches Rettungsger\u00e4t vor. Im Anschluss transportierten vier Rettungswagen die verletzten Personen in umliegende Krankenh\u00e4user.<br \/>\nW\u00e4hrend der Einsatzma\u00dfnahmen der Feuerwehr war die Autobahn 61 in Fachrichtung Koblenz voll gesperrt. Es kam hierdurch zu einem R\u00fcckstau. Die Polizei hat die Ermittlungen zur Unfallursache aufgenommen.<br \/>\nIm Einsatz waren der Hilfeleistungszug der Feuer- und Rettungswache II (Holt), der R\u00fcstwagen aus dem Technik- und Logistikzentrum (Holt), vier Rettungswagen, davon einer aus dem Rhein-Kreis-Neuss, zwei Not\u00e4rzte, davon einer aus Grevenbroich sowie der F\u00fchrungsdienst der Feuerwehr.<\/p>\n<p>Einsatzleiter: Brandamtsrat Yannic Linnemann<\/p>\n<p class=\"contact-headline\">R\u00fcckfragen bitte an:<\/p>\n<p class=\"contact-text\">Stadt M\u00f6nchengladbach<br \/>Fachbereich 37 &#8211; Feuerwehr<br \/>F\u00fchrungs- und Lagezentrum<br \/>Stockholtweg 132<br \/>41238 M\u00f6nchengladbach<\/p>\n<p>Telefon: 02166\/9989-0<br \/>Fax: 02166\/9989-37729<br \/>E-Mail: <a href=\"https:\/\/www.presseportal.de\/blaulicht\/pm\/115879\/mailto: leitstelle.feuerwehr@moenchengladbach.de\" class=\"uri-mailto\" rel=\"nofollow noopener\" target=\"_blank\"> leitstelle.feuerwehr@moenchengladbach.de<\/a><br \/><a target=\"_blank\" class=\"uri-ext outbound\" rel=\"noopener nofollow\" href=\"http:\/\/www.feuerwehr-mg.de\/\">http:\/\/www.feuerwehr-mg.de\/<\/a><\/p>\n<p class=\"originator\">Original-Content von: Feuerwehr M\u00f6nchengladbach, \u00fcbermittelt durch news aktuell<\/p>\n","protected":false},"excerpt":{"rendered":"29.11.2025 \u2013 19:01 Feuerwehr M\u00f6nchengladbach M\u00f6nchengladbach-BAB 61, 29.11.2025, 15:00 Uhr, FR Koblenz (ots) Am fr\u00fchen Nachmittag wurde der&hellip;\n","protected":false},"author":2,"featured_media":611689,"comment_status":"","ping_status":"","sticky":false,"template":"","format":"standard","meta":{"footnotes":""},"categories":[1849],"tags":[3364,29,548,663,3934,985,30,13,4455,14,15,1209,176,178,180,179,181,12,1284],"class_list":{"0":"post-611688","1":"post","2":"type-post","3":"status-publish","4":"format-standard","5":"has-post-thumbnail","7":"category-moenchengladbach","8":"tag-de","9":"tag-deutschland","10":"tag-eu","11":"tag-europa","12":"tag-europe","13":"tag-feuerwehr","14":"tag-germany","15":"tag-headlines","16":"tag-moenchengladbach","17":"tag-nachrichten","18":"tag-news","19":"tag-nordrhein-westfalen","20":"tag-nrw","21":"tag-presse","22":"tag-pressemeldung","23":"tag-pressemitteilung","24":"tag-pressemitteilungen","25":"tag-schlagzeilen","26":"tag-unfall"},"share_on_mastodon":{"url":"https:\/\/pubeurope.com\/@de\/115634783581954269","error":""},"_links":{"self":[{"href":"https:\/\/www.europesays.com\/de\/wp-json\/wp\/v2\/posts\/611688","targetHints":{"allow":["GET"]}}],"collection":[{"href":"https:\/\/www.europesays.com\/de\/wp-json\/wp\/v2\/posts"}],"about":[{"href":"https:\/\/www.europesays.com\/de\/wp-json\/wp\/v2\/types\/post"}],"author":[{"embeddable":true,"href":"https:\/\/www.europesays.com\/de\/wp-json\/wp\/v2\/users\/2"}],"replies":[{"embeddable":true,"href":"https:\/\/www.europesays.com\/de\/wp-json\/wp\/v2\/comments?post=611688"}],"version-history":[{"count":0,"href":"https:\/\/www.europesays.com\/de\/wp-json\/wp\/v2\/posts\/611688\/revisions"}],"wp:featuredmedia":[{"embeddable":true,"href":"https:\/\/www.europesays.com\/de\/wp-json\/wp\/v2\/media\/611689"}],"wp:attachment":[{"href":"https:\/\/www.europesays.com\/de\/wp-json\/wp\/v2\/media?parent=611688"}],"wp:term":[{"taxonomy":"category","embeddable":true,"href":"https:\/\/www.europesays.com\/de\/wp-json\/wp\/v2\/categories?post=611688"},{"taxonomy":"post_tag","embeddable":true,"href":"https:\/\/www.europesays.com\/de\/wp-json\/wp\/v2\/tags?post=611688"}],"curies":[{"name":"wp","href":"https:\/\/api.w.org\/{rel}","templated":true}]}}