{"id":611720,"date":"2025-11-29T20:22:21","date_gmt":"2025-11-29T20:22:21","guid":{"rendered":"https:\/\/www.europesays.com\/de\/611720\/"},"modified":"2025-11-29T20:22:21","modified_gmt":"2025-11-29T20:22:21","slug":"vor-praesidentenwahl-in-honduras-trump-will-in-usa-inhaftierten-ex-staatschef-hernandez-begnadigen-2","status":"publish","type":"post","link":"https:\/\/www.europesays.com\/de\/611720\/","title":{"rendered":"Vor Pr\u00e4sidentenwahl in Honduras &#8211; Trump will in USA inhaftierten Ex-Staatschef Hern\u00e1ndez begnadigen"},"content":{"rendered":"<p>                    <img decoding=\"async\" loading=\"lazy\" class=\"internal-image\" title=\"Honduras' Ex-Pr\u00e4sident Juan Orlando Hernandez in Handschellen in Tegucigalpa am 15. Februar 2022\" alt=\"Honduras' Ex-Pr\u00e4sident Juan Orlando Hernandez in Handschellen in Tegucigalpa am 15. Februar 2022\" src=\"https:\/\/www.europesays.com\/de\/wp-content\/uploads\/2025\/11\/honduras-100-1920x1080.jpg\" \/><\/p>\n<p>                  Honduras&#8216; Ex-Pr\u00e4sident Juan Orlando Hernandez in Handschellen (Archivfoto von 2022) (AFP\/Photo by Str)<\/p>\n<p>Dieser sei &#8222;hart und unfair&#8220; behandelt worden, hie\u00df es zur Begr\u00fcndung. Der konservative Politiker war 2024 in den USA unter anderem wegen Drogenhandels zu 45 Jahren Haft verurteilt worden. Zugleich gab Trump eine Empfehlung f\u00fcr die morgen in Honduras stattfindende Pr\u00e4sidentschaftswahl ab und kn\u00fcpfte Hilfszusagen daran. Er sprach sich f\u00fcr den Kandidaten Asfura von der Nationalen Partei aus, der auch Hern\u00e1ndez angeh\u00f6rte. Sollte Asfura, der fr\u00fchere B\u00fcrgermeister der Hauptstadt Tegucigalpa, gewinnen, k\u00f6nne das mittelamerikanische Land auf die Unterst\u00fctzung der USA setzen, f\u00fchrte Trump aus. Im Falle eines anderen Wahlausgangs aber werde Washington &#8222;kein Geld verschwenden&#8220;.<\/p>\n<p>Als aussichtsreiche Kandidaten neben Asfura gelten die linksgerichtete Kandidatin Moncada und der liberale Bewerber Nasralla.<\/p>\n<p>Diese Nachricht wurde am 29.11.2025 im Programm Deutschlandfunk gesendet.<\/p>\n","protected":false},"excerpt":{"rendered":"Honduras&#8216; Ex-Pr\u00e4sident Juan Orlando Hernandez in Handschellen (Archivfoto von 2022) (AFP\/Photo by Str) Dieser sei &#8222;hart und unfair&#8220;&hellip;\n","protected":false},"author":2,"featured_media":609692,"comment_status":"","ping_status":"","sticky":false,"template":"","format":"standard","meta":{"footnotes":""},"categories":[3977],"tags":[331,332,13,14,15,12,4017,4018,4016,64,4019,4020],"class_list":{"0":"post-611720","1":"post","2":"type-post","3":"status-publish","4":"format-standard","5":"has-post-thumbnail","7":"category-usa","8":"tag-aktuelle-nachrichten","9":"tag-aktuelle-news","10":"tag-headlines","11":"tag-nachrichten","12":"tag-news","13":"tag-schlagzeilen","14":"tag-united-states","15":"tag-united-states-of-america","16":"tag-us","17":"tag-usa","18":"tag-vereinigte-staaten","19":"tag-vereinigte-staaten-von-amerika"},"share_on_mastodon":{"url":"https:\/\/pubeurope.com\/@de\/115634854137206215","error":""},"_links":{"self":[{"href":"https:\/\/www.europesays.com\/de\/wp-json\/wp\/v2\/posts\/611720","targetHints":{"allow":["GET"]}}],"collection":[{"href":"https:\/\/www.europesays.com\/de\/wp-json\/wp\/v2\/posts"}],"about":[{"href":"https:\/\/www.europesays.com\/de\/wp-json\/wp\/v2\/types\/post"}],"author":[{"embeddable":true,"href":"https:\/\/www.europesays.com\/de\/wp-json\/wp\/v2\/users\/2"}],"replies":[{"embeddable":true,"href":"https:\/\/www.europesays.com\/de\/wp-json\/wp\/v2\/comments?post=611720"}],"version-history":[{"count":0,"href":"https:\/\/www.europesays.com\/de\/wp-json\/wp\/v2\/posts\/611720\/revisions"}],"wp:featuredmedia":[{"embeddable":true,"href":"https:\/\/www.europesays.com\/de\/wp-json\/wp\/v2\/media\/609692"}],"wp:attachment":[{"href":"https:\/\/www.europesays.com\/de\/wp-json\/wp\/v2\/media?parent=611720"}],"wp:term":[{"taxonomy":"category","embeddable":true,"href":"https:\/\/www.europesays.com\/de\/wp-json\/wp\/v2\/categories?post=611720"},{"taxonomy":"post_tag","embeddable":true,"href":"https:\/\/www.europesays.com\/de\/wp-json\/wp\/v2\/tags?post=611720"}],"curies":[{"name":"wp","href":"https:\/\/api.w.org\/{rel}","templated":true}]}}