{"id":611739,"date":"2025-11-29T20:33:11","date_gmt":"2025-11-29T20:33:11","guid":{"rendered":"https:\/\/www.europesays.com\/de\/611739\/"},"modified":"2025-11-29T20:33:11","modified_gmt":"2025-11-29T20:33:11","slug":"kleingarten-schock-in-duisburg-dutzende-muessen-parzellen-raeumen","status":"publish","type":"post","link":"https:\/\/www.europesays.com\/de\/611739\/","title":{"rendered":"Kleingarten-Schock in Duisburg &#8211; Dutzende m\u00fcssen Parzellen r\u00e4umen"},"content":{"rendered":"\n<p>Schock im Kleingartenverein Berliner Br\u00fccke in <a href=\"https:\/\/www.derwesten.de\/staedte\/duisburg\" rel=\"nofollow noopener\" target=\"_blank\">Duisburg<\/a>: Bis Sonntag (30. November) m\u00fcssen fast 40 P\u00e4chter ihre G\u00e4rten abgeben. Der Grund: Der Ausbau der A40 und A59. Daf\u00fcr braucht die Autobahn GmbH Platz, ergo m\u00fcssen einige Kleing\u00e4rten weichen.<\/p>\n<p>Es trifft 37 der 56 P\u00e4chter. Wer seine Parzelle rechtzeitig und sauber verl\u00e4sst, erh\u00e4lt eine Entsch\u00e4digung \u00fcber 770 Euro. Doch der Abschied f\u00e4llt schwer. Radio Duisburg hat mit den Betroffenen gesprochen und auf Social Media stapeln sich die Kommentare w\u00fctender Duisburger.<\/p>\n<p> Duisburger verlieren ihre Kleing\u00e4rten <\/p>\n<p>Dorothea Biermann hat seit acht Jahren eine Parzelle an der Berliner Br\u00fccke und war sehr \u00fcberrascht von der Nachricht. \u201eDas ist sehr schade\u201c, sagt die P\u00e4chterin. F\u00fcr sie kam die Entscheidung sehr pl\u00f6tzlich. \u201eDas war sehr undurchsichtig. Ich h\u00e4tte mir mehr Infos gew\u00fcnscht. Die Zeitr\u00e4ume waren nicht klar definiert.\u201c<\/p>\n<p>Auch interessant: <a href=\"https:\/\/www.derwesten.de\/staedte\/duisburg\/duisburg-a40-sperrung-wochenende-dezember-id301918249.html\" rel=\"nofollow noopener\" target=\"_blank\">Duisburger schlucken \u2013 n\u00e4chste A40-Sperrung k\u00f6nnte f\u00fcr Horror-Wochenende sorgen<\/a><\/p>\n<p>Ihre ganze Familie h\u00e4tte hier im Kleingartenverein in Duisburg jahrelang eine sch\u00f6ne Zeit verbracht, drau\u00dfen im Gr\u00fcnen, beim Grillen und Spielen mit den Kindern. Diese Zeiten sind jetzt vorbei. F\u00fcr sie und ihre 36 Leidensgenossen.<\/p>\n<p> Duisburger erhalten Entsch\u00e4digung und Platz auf Warteliste <\/p>\n<p>Sie rutschen auf der Warteliste nun nach oben und mit etwas Gl\u00fcck k\u00f6nnten einige sogar ihre Parzelle wiederbekommen. Denn ein Teil der ben\u00f6tigten Fl\u00e4che d\u00fcrfte nach Fertigstellung des Autobahnausbaus wieder dem Kleingartenverein zugerechnet werden. Allerdings k\u00f6nnte das laut Vorsitzendem des Verbands der Duisburger KGV noch bis 2029 oder sogar 2030 dauern.<\/p>\n<p>Mehr Themen:<\/p>\n<p>Neben den Betroffenen \u00e4u\u00dfern sich auch einige Nutzer auf den <a href=\"https:\/\/www.facebook.com\/reel\/726271266585673\" target=\"_blank\" rel=\"noreferrer noopener nofollow\">Facebook-Beitrag von Radio Duisburg<\/a>. \u201eIch bin kein Kleing\u00e4rtner aber pro Parzelle 770 Euro zu bekommen, daf\u00fcr ein St\u00fcck harte Arbeit und Lebenstraum zu verlieren,\u00a0finde ich schon etwas mickrig\u201c, kommentiert eine Nutzerin diesen \u201eSchlag ins Gesicht\u201c. Andere bezeichnen dies sogar als \u201ebodenlose Frechheit\u201c, \u201eSauerei\u201c oder \u201eWitz\u201c.<\/p>\n<p>+++ <a href=\"https:\/\/www.derwesten.de\/staedte\/duisburg\/duisburg-katzenhilfe-news-not-id301918598.html\" rel=\"nofollow noopener\" target=\"_blank\">Katzen-Not in Duisburg \u2013 Verein am Rande der Verzweiflung: \u201eEinfach nur heftig\u201c<\/a> +++<\/p>\n<p>Die Kleing\u00e4rtner m\u00fcssten deutlich mehr investieren f\u00fcr einen sch\u00f6nen Garten. Ganz zu schweigen vom Herzblut und den Erinnerungen. Viele fordern eine entsprechend \u201eanst\u00e4ndige Abfindung\u201c. Doch wird es voraussichtlich bei den 770 Euro bleiben.<\/p>\n","protected":false},"excerpt":{"rendered":"Schock im Kleingartenverein Berliner Br\u00fccke in Duisburg: Bis Sonntag (30. November) m\u00fcssen fast 40 P\u00e4chter ihre G\u00e4rten abgeben.&hellip;\n","protected":false},"author":2,"featured_media":611740,"comment_status":"","ping_status":"","sticky":false,"template":"","format":"standard","meta":{"footnotes":""},"categories":[1838],"tags":[3364,29,3715,30,1209],"class_list":{"0":"post-611739","1":"post","2":"type-post","3":"status-publish","4":"format-standard","5":"has-post-thumbnail","7":"category-duisburg","8":"tag-de","9":"tag-deutschland","10":"tag-duisburg","11":"tag-germany","12":"tag-nordrhein-westfalen"},"share_on_mastodon":{"url":"https:\/\/pubeurope.com\/@de\/115634897319961838","error":""},"_links":{"self":[{"href":"https:\/\/www.europesays.com\/de\/wp-json\/wp\/v2\/posts\/611739","targetHints":{"allow":["GET"]}}],"collection":[{"href":"https:\/\/www.europesays.com\/de\/wp-json\/wp\/v2\/posts"}],"about":[{"href":"https:\/\/www.europesays.com\/de\/wp-json\/wp\/v2\/types\/post"}],"author":[{"embeddable":true,"href":"https:\/\/www.europesays.com\/de\/wp-json\/wp\/v2\/users\/2"}],"replies":[{"embeddable":true,"href":"https:\/\/www.europesays.com\/de\/wp-json\/wp\/v2\/comments?post=611739"}],"version-history":[{"count":0,"href":"https:\/\/www.europesays.com\/de\/wp-json\/wp\/v2\/posts\/611739\/revisions"}],"wp:featuredmedia":[{"embeddable":true,"href":"https:\/\/www.europesays.com\/de\/wp-json\/wp\/v2\/media\/611740"}],"wp:attachment":[{"href":"https:\/\/www.europesays.com\/de\/wp-json\/wp\/v2\/media?parent=611739"}],"wp:term":[{"taxonomy":"category","embeddable":true,"href":"https:\/\/www.europesays.com\/de\/wp-json\/wp\/v2\/categories?post=611739"},{"taxonomy":"post_tag","embeddable":true,"href":"https:\/\/www.europesays.com\/de\/wp-json\/wp\/v2\/tags?post=611739"}],"curies":[{"name":"wp","href":"https:\/\/api.w.org\/{rel}","templated":true}]}}