{"id":611771,"date":"2025-11-29T20:56:19","date_gmt":"2025-11-29T20:56:19","guid":{"rendered":"https:\/\/www.europesays.com\/de\/611771\/"},"modified":"2025-11-29T20:56:19","modified_gmt":"2025-11-29T20:56:19","slug":"unfall-in-stuttgart-moehringen-vier-verletzte-bei-zusammenstoss-auf-kreuzung-polizei-sucht-zeugen","status":"publish","type":"post","link":"https:\/\/www.europesays.com\/de\/611771\/","title":{"rendered":"Unfall in Stuttgart-M\u00f6hringen: Vier Verletzte bei Zusammensto\u00df auf Kreuzung \u2013 Polizei sucht Zeugen"},"content":{"rendered":"<p>\t\t\t\t\t\t\t\t\t\t\t\t\t\t\t\t\t\t\t\t\t\t\t\t\t\t\t\t      \t\t            \t\t             \t\t\t\t   \t\t\t\t\t   <img decoding=\"async\" id=\"article-image\" fetchpriority=\"high\" alt=\"Unfall in Stuttgart-M\u00f6hringen: Vier Verletzte bei Zusammensto\u00df auf Kreuzung \u2013 Polizei sucht Zeugen\" title=\"Unfall in Stuttgart-M\u00f6hringen: Vier Verletzte bei Zusammensto\u00df auf Kreuzung \u2013 Polizei sucht Zeugen\" src=\"https:\/\/www.europesays.com\/de\/wp-content\/uploads\/2025\/11\/media.media.bfc3c403-d6be-43af-afe9-7da17211370c.16x9_700.jpg\" data-linkto=\"https:\/\/www.stuttgarter-nachrichten.de\/javascript:void(0);\"\/>\t\t\t\t\t\t\t\t\t\t\t\t\t\t\t\t\t\t\t\t\t\t\t\tBei den Unfall in M\u00f6hringen wurden vier Personen verletzt. (Symbolfoto)\u00a0Foto: imago images\/onw-images\/via www.imago-images.de\t\t\t<\/p>\n<p>Vier Personen werden bei einem Unfall in Stuttgart-M\u00f6hringen verletzt. Die Polizei sucht Zeugen, um zu kl\u00e4ren, wer der Beteiligten gr\u00fcn hatte.<\/p>\n<p>\u00a0Bei einem schweren <a href=\"https:\/\/www.stuttgarter-nachrichten.de\/thema\/Unfall\" title=\"Unfall\" class=\"art_thema\" target=\"_blank\" rel=\"noopener\">Unfall<\/a> in Stuttgart-M\u00f6hringen sind am Samstag vier Personen <a href=\"https:\/\/www.stuttgarter-nachrichten.de\/thema\/verletzt\" title=\"verletzt\" class=\"art_thema\" target=\"_blank\" rel=\"noopener\">verletzt<\/a> worden. Nach Angaben der Polizei ist noch unklar, wer bei dem Unfall auf der <a href=\"https:\/\/www.stuttgarter-nachrichten.de\/thema\/Kreuzung\" title=\"Kreuzung\" class=\"art_thema\" target=\"_blank\" rel=\"noopener\">Kreuzung<\/a> Plininger Stra\u00dfe und Kurt-Schumacher-Stra\u00dfe Gr\u00fcn hatte. <\/p>\n<p>Den Angaben zufolge fuhr ein 81-J\u00e4hriger kurz vor 15 Uhr in Richtung Fasanenhof \u00fcber die Kreuzung. Zeitgleich fuhr ein 44-J\u00e4hriger in Richtung SI-Centrum. Auf der Kreuzung stie\u00dfen die beiden Mercedes der M\u00e4nner dann zusammen. <\/p>\n<p>Die Polizei sch\u00e4tzt den dabei entstandenen Schaden auf mehrere zehntausend Euro, zudem wurden der 81-J\u00e4hrige, sowie drei Mitfahrer des 44-J\u00e4hrigen leicht verletzt. Weil beide Fahrer sagten, die <a href=\"https:\/\/www.stuttgarter-nachrichten.de\/thema\/Ampel\" title=\"Ampel\" class=\"art_thema\" target=\"_blank\" rel=\"noopener\">Ampel<\/a> habe f\u00fcr sie Gr\u00fcn gezeigt, sucht die Polizei nun Zeugen, um den genauen Hergang zu kl\u00e4ren. Diese werden gebeten, sich unter der Telefonnummer 07 11 \/ 89 90 34 00 an die Polizei zu wenden. <\/p>\n","protected":false},"excerpt":{"rendered":"Bei den Unfall in M\u00f6hringen wurden vier Personen verletzt. (Symbolfoto)\u00a0Foto: imago images\/onw-images\/via www.imago-images.de Vier Personen werden bei einem&hellip;\n","protected":false},"author":2,"featured_media":611772,"comment_status":"","ping_status":"","sticky":false,"template":"","format":"standard","meta":{"footnotes":""},"categories":[1830],"tags":[9047,1634,3364,29,30,20282,18491,3438,8248,1441,1284,5185],"class_list":{"0":"post-611771","1":"post","2":"type-post","3":"status-publish","4":"format-standard","5":"has-post-thumbnail","7":"category-stuttgart","8":"tag-ampel","9":"tag-baden-wuerttemberg","10":"tag-de","11":"tag-deutschland","12":"tag-germany","13":"tag-gruen","14":"tag-kreuzung","15":"tag-landkreis-esslingen","16":"tag-polizeibericht-stuttgart","17":"tag-stuttgart","18":"tag-unfall","19":"tag-verletzt"},"share_on_mastodon":{"url":"https:\/\/pubeurope.com\/@de\/115634988614527662","error":""},"_links":{"self":[{"href":"https:\/\/www.europesays.com\/de\/wp-json\/wp\/v2\/posts\/611771","targetHints":{"allow":["GET"]}}],"collection":[{"href":"https:\/\/www.europesays.com\/de\/wp-json\/wp\/v2\/posts"}],"about":[{"href":"https:\/\/www.europesays.com\/de\/wp-json\/wp\/v2\/types\/post"}],"author":[{"embeddable":true,"href":"https:\/\/www.europesays.com\/de\/wp-json\/wp\/v2\/users\/2"}],"replies":[{"embeddable":true,"href":"https:\/\/www.europesays.com\/de\/wp-json\/wp\/v2\/comments?post=611771"}],"version-history":[{"count":0,"href":"https:\/\/www.europesays.com\/de\/wp-json\/wp\/v2\/posts\/611771\/revisions"}],"wp:featuredmedia":[{"embeddable":true,"href":"https:\/\/www.europesays.com\/de\/wp-json\/wp\/v2\/media\/611772"}],"wp:attachment":[{"href":"https:\/\/www.europesays.com\/de\/wp-json\/wp\/v2\/media?parent=611771"}],"wp:term":[{"taxonomy":"category","embeddable":true,"href":"https:\/\/www.europesays.com\/de\/wp-json\/wp\/v2\/categories?post=611771"},{"taxonomy":"post_tag","embeddable":true,"href":"https:\/\/www.europesays.com\/de\/wp-json\/wp\/v2\/tags?post=611771"}],"curies":[{"name":"wp","href":"https:\/\/api.w.org\/{rel}","templated":true}]}}