{"id":611821,"date":"2025-11-29T21:28:16","date_gmt":"2025-11-29T21:28:16","guid":{"rendered":"https:\/\/www.europesays.com\/de\/611821\/"},"modified":"2025-11-29T21:28:16","modified_gmt":"2025-11-29T21:28:16","slug":"online-klosterschwestern-was-hat-die-kirche-gegen-diese-insta-nonnen-news","status":"publish","type":"post","link":"https:\/\/www.europesays.com\/de\/611821\/","title":{"rendered":"Online-Klosterschwestern: Was hat die Kirche gegen diese Insta-Nonnen? | News"},"content":{"rendered":"<p>Salzburg (\u00d6sterreich) \u2013 <b>Was haben diese Klosterschwestern, was die \u00fcbrige katholische Kirche nicht hat? Eine wachsende Menge an Fans! <\/b><\/p>\n<p>Gegen den Trend der beiden gro\u00dfen Kirchen w\u00e4chst die Anh\u00e4ngerschaft der \u00fcber 80 Jahre alten Nonnen Rita, Regina und Bernadette aus einem Kloster bei Salzburg (<a href=\"https:\/\/www.bild.de\/news\/ausland\/oesterreich\/thema-oesterreich-alle-infos-80023010.bild.html\" class=\"text-link\" target=\"_blank\" rel=\"noopener\">\u00d6sterreich<\/a>). Bei Instagram haben drei Augustinerinnen inzwischen 120.000 Follower.<\/p>\n<p><img decoding=\"async\" width=\"992\" height=\"558\" alt=\"Offenbar wurden die Gebete der drei Nonnen erh\u00f6rt: Sie d\u00fcrfen vorerst in ihrem geliebten Kloster bleiben\" src=\"https:\/\/www.europesays.com\/de\/wp-content\/uploads\/2025\/11\/0b7e532a1595a1eedcfa382e311310e7,a8d2470b\"   class=\"landscape\" loading=\"lazy\"\/><\/p>\n<p class=\"fig__caption__text\">Offenbar wurden die Gebete der drei Nonnen erh\u00f6rt: Sie d\u00fcrfen vorerst in ihrem geliebten Kloster bleiben<\/p>\n<p>Foto: JOE KLAMAR\/AFP<\/p>\n<p>Angebot der Kirche hat einen Haken<\/p>\n<p>Die drei greisen Schwestern hatten weltweit f\u00fcr Aufsehen gesorgt, als sie aus einem Altersheim get\u00fcrmt und in ihr leer stehendes Kloster zur\u00fcckgezogen waren. Am Wochenende dann die Wende: Der zust\u00e4ndige Propst Markus Grasl teilte mit, dass die Nonnen unter bestimmten Bedingungen <a href=\"https:\/\/www.bild.de\/news\/ausland\/oesterreich-rebellische-nonnen-duerfen-in-ihrem-kloster-bleiben-6928b2c06f6da91d77966148\" class=\"text-link\" target=\"_blank\" rel=\"noopener\">\u201ebis auf Weiteres\u201c im Kloster Goldenstein bleiben <\/a>d\u00fcrfen.<\/p>\n<p>Nonnen sollen sich still verhalten<\/p>\n<p>Doch der Pakt hat einen Haken. Die umtriebigen Nonnen sollen ihr weltliches Hobby aufgeben: ihren <a href=\"https:\/\/www.bild.de\/themen\/organisationen\/instagram\/digital-news-fotos-videos-35595990.bild.html\" class=\"text-link\" target=\"_blank\" rel=\"noopener\">Insta<\/a>-Account! Die Begr\u00fcndung: Die Nonnen m\u00fcssen sich in die \u201ef\u00fcr ein geistlich-spirituelles Leben im Kloster notwendige\u201c Abgeschiedenheit begeben. Dort st\u00fcnden ihnen 24 Stunden am Tag Pflegekr\u00e4fte zur Verf\u00fcgung. <\/p>\n<p><img decoding=\"async\" width=\"992\" height=\"558\" alt=\"Au\u00dfenaufnahme des Klosters Goldenstein, in dem heute auch eine private Mittelschule untergebracht ist\" src=\"https:\/\/www.europesays.com\/de\/wp-content\/uploads\/2025\/11\/8a099eaa65a9dbf0790396517633982f,c4f12101\"   class=\"landscape\" loading=\"lazy\"\/><\/p>\n<p class=\"fig__caption__text\">Au\u00dfenaufnahme des Klosters Goldenstein, in dem heute auch eine private Mittelschule untergebracht ist<\/p>\n<p>Foto: Chris Hofer\/FRANZ NEUMAYR\/dpa<\/p>\n<p> An dieser Stelle findest du Inhalte aus Instagram <\/p>\n<p> Um mit Inhalten aus Instagram und anderen sozialen Netzwerken zu interagieren oder diese darzustellen, brauchen wir deine Zustimmung. <\/p>\n<p> soziale Netzwerke aktivieren  Um eingebettete Inhalte anzuzeigen, ist Ihre jederzeit widerrufliche Einwilligung (\u00fcber den Schalter oder \u00fcber &#8220; <a class=\"embed-placeholder__text-link\" href=\"#\" rel=\"noopener noreferrer\" title=\"Tracking widerrufen\"> Widerruf Tracking und Cookies<\/a> &#8220; am Seitenende) zur Verarbeitung personenbezogener Daten n\u00f6tig.  Dabei k\u00f6nnen Daten in Drittl\u00e4nder wie die USA \u00fcbermittelt werden (Art. 49 Abs. 1 lit. a DSGVO). Mit dem Aktivieren des Inhalts stimmen Sie zu. Weitere Infos finden Sie <a class=\"embed-placeholder__text-link\" href=\"#\" rel=\"noopener noreferrer\" title=\"Zu den Privatsph\u00e4re Einstellungen\"> hier<\/a>. <\/p>\n<p>\u201eSobald die Schwestern in solcher Weise pflegebed\u00fcrftig sind, dass die Betreuung im Kloster nicht mehr m\u00f6glich ist\u201c, kommen sie zur\u00fcck ins Pflegeheim, beschloss der Propst.<\/p>\n<p>Schwestern zeigen dem Propst, wo der Hammer h\u00e4ngt<\/p>\n<p>Doch da hatte er die Rechnung ohne die Ordensfrauen gemacht. Christine Wirtenberger, die Sprecherin der Nonnen, zu BILD: \u201eAls wir ihnen Freitag gegen 13 Uhr die Vereinbarung vorlasen, waren sie entsetzt und sagten: Dem stimmen wir nicht zu.\u201c<\/p>\n<p> An dieser Stelle findest du Inhalte aus Instagram <\/p>\n<p> Um mit Inhalten aus Instagram und anderen sozialen Netzwerken zu interagieren oder diese darzustellen, brauchen wir deine Zustimmung. <\/p>\n<p> soziale Netzwerke aktivieren  Um eingebettete Inhalte anzuzeigen, ist Ihre jederzeit widerrufliche Einwilligung (\u00fcber den Schalter oder \u00fcber &#8220; <a class=\"embed-placeholder__text-link\" href=\"#\" rel=\"noopener noreferrer\" title=\"Tracking widerrufen\"> Widerruf Tracking und Cookies<\/a> &#8220; am Seitenende) zur Verarbeitung personenbezogener Daten n\u00f6tig.  Dabei k\u00f6nnen Daten in Drittl\u00e4nder wie die USA \u00fcbermittelt werden (Art. 49 Abs. 1 lit. a DSGVO). Mit dem Aktivieren des Inhalts stimmen Sie zu. Weitere Infos finden Sie <a class=\"embed-placeholder__text-link\" href=\"#\" rel=\"noopener noreferrer\" title=\"Zu den Privatsph\u00e4re Einstellungen\"> hier<\/a>. <\/p>\n<p>Schwester Bernadette zu BILD: \u201eF\u00fcr mich ist Instagram nicht nur deshalb wertvoll, weil wir alle Menschen auf der ganzen Welt erreichen, f\u00fcr die wir beten. Sondern weil auch der Segen der Muttergottes durch die Welt getragen wird.\u201c<\/p>\n<p>Kennt denn Propst Grasl die Wehrhaftigkeit der rebellischen Schwestern so wenig? H\u00e4tte er mal besser ihren Insta-Account besucht. In einem Beitrag zeigt die 81-j\u00e4hrige Rita, wie sie mit Boxhandschuhen einen Sandsack verdrischt und mit einem Vorschlaghammer einen Reifen bearbeitet. <\/p>\n<p>Ihr Boxlehrer habe ihr \u201eallerhand\u201c beigebracht, sagt sie in einem anderen Video. So sagen die Nonnen scherzhaft, dass man sich mit ihnen besser nicht anlegen sollte. Ein User kommentiert: \u201eIch sag ehrlich, Schwester Rita w\u00fcrde mich in einem 1 gegen 1 komplett zerlegen.\u201c<\/p>\n<p>Mehr zum Thema<\/p>\n<p>Und so lassen sie dem Herrn Propst ausrichten: Die Bedingungen seien unzumutbar. Ein Insta-Verbot w\u00fcrde die Ordensfrauen ihres Schutzes durch die interessierte \u00d6ffentlichkeit berauben. Der Vertrag, der ihnen vorgelegt wurde, sei \u201ejuristisch wertlos\u201c, so ihre Sprecherin.<\/p>\n","protected":false},"excerpt":{"rendered":"Salzburg (\u00d6sterreich) \u2013 Was haben diese Klosterschwestern, was die \u00fcbrige katholische Kirche nicht hat? Eine wachsende Menge an&hellip;\n","protected":false},"author":2,"featured_media":611822,"comment_status":"","ping_status":"","sticky":false,"template":"","format":"standard","meta":{"footnotes":""},"categories":[3],"tags":[6581,520,13,152,6590,9336,5035,117260,14,15,55294,1433,4330,15043,12,45,10,8,9,11,103,104],"class_list":{"0":"post-611821","1":"post","2":"type-post","3":"status-publish","4":"format-standard","5":"has-post-thumbnail","7":"category-welt","8":"tag-altenheim","9":"tag-boxen","10":"tag-headlines","11":"tag-instagram","12":"tag-katholische-kirche","13":"tag-kloster","14":"tag-kohlmaier-hannes","15":"tag-lustig","16":"tag-nachrichten","17":"tag-news","18":"tag-nonne","19":"tag-oesterreich","20":"tag-protest","21":"tag-salzburg","22":"tag-schlagzeilen","23":"tag-texttospeech","24":"tag-top-news","25":"tag-top-meldungen","26":"tag-topmeldungen","27":"tag-topnews","28":"tag-welt","29":"tag-world"},"share_on_mastodon":{"url":"https:\/\/pubeurope.com\/@de\/115635115357125435","error":""},"_links":{"self":[{"href":"https:\/\/www.europesays.com\/de\/wp-json\/wp\/v2\/posts\/611821","targetHints":{"allow":["GET"]}}],"collection":[{"href":"https:\/\/www.europesays.com\/de\/wp-json\/wp\/v2\/posts"}],"about":[{"href":"https:\/\/www.europesays.com\/de\/wp-json\/wp\/v2\/types\/post"}],"author":[{"embeddable":true,"href":"https:\/\/www.europesays.com\/de\/wp-json\/wp\/v2\/users\/2"}],"replies":[{"embeddable":true,"href":"https:\/\/www.europesays.com\/de\/wp-json\/wp\/v2\/comments?post=611821"}],"version-history":[{"count":0,"href":"https:\/\/www.europesays.com\/de\/wp-json\/wp\/v2\/posts\/611821\/revisions"}],"wp:featuredmedia":[{"embeddable":true,"href":"https:\/\/www.europesays.com\/de\/wp-json\/wp\/v2\/media\/611822"}],"wp:attachment":[{"href":"https:\/\/www.europesays.com\/de\/wp-json\/wp\/v2\/media?parent=611821"}],"wp:term":[{"taxonomy":"category","embeddable":true,"href":"https:\/\/www.europesays.com\/de\/wp-json\/wp\/v2\/categories?post=611821"},{"taxonomy":"post_tag","embeddable":true,"href":"https:\/\/www.europesays.com\/de\/wp-json\/wp\/v2\/tags?post=611821"}],"curies":[{"name":"wp","href":"https:\/\/api.w.org\/{rel}","templated":true}]}}