{"id":611837,"date":"2025-11-29T21:40:26","date_gmt":"2025-11-29T21:40:26","guid":{"rendered":"https:\/\/www.europesays.com\/de\/611837\/"},"modified":"2025-11-29T21:40:26","modified_gmt":"2025-11-29T21:40:26","slug":"bundesliga-bittere-klatsche-fuer-sandro-wagner","status":"publish","type":"post","link":"https:\/\/www.europesays.com\/de\/611837\/","title":{"rendered":"Bundesliga: Bittere Klatsche f\u00fcr Sandro Wagner"},"content":{"rendered":"<p class=\"css-1q8kfuz\">W\u00e4hrend der FC Augsburg immer tiefer in die Krise rutscht, schaut die TSG aus Hoffenheim Richtung Europa.<\/p>\n<p class=\"css-1cmglxz\"><a data-li-document-ref=\"592895\" href=\"https:\/\/www.ran.de\/sports\/fussball\/sandro-wagner\" target=\"_blank\" rel=\"noopener\">Sandro Wagner<\/a> hat bei der R\u00fcckkehr an die alte Wirkungsst\u00e4tte einen ganz bitteren 38. Geburtstag erlebt.<\/p>\n<p class=\"css-1cmglxz\">Der schillernde Trainer unterlag mit dem FC Augsburg bei seinem Ex-Verein TSG Hoffenheim hochverdient mit 0:3 (0:3) und kassierte die vierte <a href=\"https:\/\/www.ran.de\/sports\/fussball\/bundesliga\" target=\"_blank\" rel=\"noopener\">Bundesliga<\/a>-Niederlage aus den vergangenen f\u00fcnf Partien.<\/p>\n<p class=\"css-1cmglxz\">Damit laufen die Fuggerst\u00e4dter weiter den gewachsenen Anspr\u00fcchen hinterher und stecken im unteren Tabellendrittel fest.<\/p>\n<p class=\"css-1cmglxz\">Bazoumana Tour\u00e9 (16.) und Wouter Burger (26.) stellten f\u00fcr die TSG gegen den Lieblingsgegner fr\u00fch die Weichen, dazu kam ein Eigentor von C\u00e9dric Zesiger (45.).<\/p>\n<p class=\"css-1cmglxz\">Die Kraichgauer sind mit sechs Spielen ohne Niederlage und dabei 16 von 18 m\u00f6glichen Punkten derzeit das Team der Stunde und setzen sich in der Spitzengruppe fest. Gegen Augsburg gab es in 15 Bundesliga-Heimspielen \u00fcberhaupt nur eine Niederlage.<\/p>\n<p>Bundesliga: Dominante Hoffenheimer in Halbzeit Eins<\/p>\n<p class=\"css-1cmglxz\">Ein St\u00e4ndchen der Mannschaft bekam Wagner vor dem Spiel nicht, erstmal richtete sich der Fokus voll aufs Sportliche.<\/p>\n<p class=\"css-1cmglxz\">&#8222;Wir gucken, dass wir ihm drei Punkte schenken &#8211; und dann holen wir das nach dem Spiel nach&#8220;, k\u00fcndigte Mittelfeldspieler Robin Fellhauer mit schelmischem Grinsen vor Anpfiff bei &#8222;Sky&#8220; an.<\/p>\n<p class=\"css-1cmglxz\">Doch daf\u00fcr tat der FCA viel zu wenig, die Hoffenheimer fanden klar besser ins Spiel.<\/p>\n<p class=\"css-1cmglxz\">Erst wurde Fisnik Asllani (9.) aus kurzer Distanz geblockt, dann k\u00f6pfte Grischa Pr\u00f6mel (15.) eine Flanke von Vladimir Coufal knapp vorbei.<\/p>\n<p class=\"css-1cmglxz\">Doch Sekunden sp\u00e4ter konzentrierte sich Christian Matsima bei einem langen Pass nur auf seinen direkten Gegenspieler Tim Lemperle, stattdessen ging aber Tour\u00e9 zum Ball und vollendete durch die Beine von Finn Dahmen.<\/p>\n<p>Durchschnittliche Zweite Halbzeit<\/p>\n<p class=\"css-1cmglxz\">Augsburg m\u00fchte sich in Folge um Spielkontrolle, kam zu mehr Ballbesitz &#8211; doch Gefahr entwickelte nur der Gegner. Dahmen klatschte einen Pr\u00f6mel-Schuss nach vorne ab, Burger staubte ohne M\u00fche ab.<\/p>\n<p class=\"css-1cmglxz\">Im Spiel der Elf von Wagner, der zwischen 2016 und 2018 50 Pflichtspiele f\u00fcr Hoffenheim bestritten hatte, lief nahezu alles schief. Passend dazu wurde Zesiger von Pr\u00f6mel angek\u00f6pft und der Ball trudelte ins Tor.<\/p>\n<p class=\"css-1cmglxz\">Nach dem Wechsel pl\u00e4tscherte die Partie vor 20.218 Zuschauern vor sich hin. Hoffenheim machte nicht mehr als n\u00f6tig, Augsburg war aus einer stabilen Defensive heraus um Schadensbegrenzung bem\u00fcht.<\/p>\n<p class=\"css-1cmglxz\">Der vermeintliche Anschlusstreffer von Samuel Essende wurde wegen Abseits nach Eingriff des Videoassistenten zur\u00fcckgenommen (83.).<\/p>\n<p class=\"css-1cmglxz\">Auch interessant: <a data-li-document-ref=\"599814\" href=\"https:\/\/www.ran.de\/sports\/fussball\/nations-league-a\/news\/dfb-frauen-und-eine-weltklasse-spielerin-gegen-spanien-machen-mut-fuer-die-titeljagd-und-die-zukunft-kommentar-599814\" target=\"_blank\" rel=\"noopener\">DFB-Frauen und eine Weltklasse-Spielerin gegen Spanien machen Mut f\u00fcr die Titeljagd und die Zukunft &#8211; Kommentar<\/a><\/p>\n","protected":false},"excerpt":{"rendered":"W\u00e4hrend der FC Augsburg immer tiefer in die Krise rutscht, schaut die TSG aus Hoffenheim Richtung Europa. Sandro&hellip;\n","protected":false},"author":2,"featured_media":611838,"comment_status":"","ping_status":"","sticky":false,"template":"","format":"standard","meta":{"footnotes":""},"categories":[1846],"tags":[680,772,299,3364,29,548,663,3934,483,30,13,14,15,15179,12,8043],"class_list":{"0":"post-611837","1":"post","2":"type-post","3":"status-publish","4":"format-standard","5":"has-post-thumbnail","7":"category-augsburg","8":"tag-augsburg","9":"tag-bayern","10":"tag-bundesliga","11":"tag-de","12":"tag-deutschland","13":"tag-eu","14":"tag-europa","15":"tag-europe","16":"tag-fc-augsburg","17":"tag-germany","18":"tag-headlines","19":"tag-nachrichten","20":"tag-news","21":"tag-sandro-wagner","22":"tag-schlagzeilen","23":"tag-tsg-hoffenheim"},"share_on_mastodon":{"url":"https:\/\/pubeurope.com\/@de\/115635160624169644","error":""},"_links":{"self":[{"href":"https:\/\/www.europesays.com\/de\/wp-json\/wp\/v2\/posts\/611837","targetHints":{"allow":["GET"]}}],"collection":[{"href":"https:\/\/www.europesays.com\/de\/wp-json\/wp\/v2\/posts"}],"about":[{"href":"https:\/\/www.europesays.com\/de\/wp-json\/wp\/v2\/types\/post"}],"author":[{"embeddable":true,"href":"https:\/\/www.europesays.com\/de\/wp-json\/wp\/v2\/users\/2"}],"replies":[{"embeddable":true,"href":"https:\/\/www.europesays.com\/de\/wp-json\/wp\/v2\/comments?post=611837"}],"version-history":[{"count":0,"href":"https:\/\/www.europesays.com\/de\/wp-json\/wp\/v2\/posts\/611837\/revisions"}],"wp:featuredmedia":[{"embeddable":true,"href":"https:\/\/www.europesays.com\/de\/wp-json\/wp\/v2\/media\/611838"}],"wp:attachment":[{"href":"https:\/\/www.europesays.com\/de\/wp-json\/wp\/v2\/media?parent=611837"}],"wp:term":[{"taxonomy":"category","embeddable":true,"href":"https:\/\/www.europesays.com\/de\/wp-json\/wp\/v2\/categories?post=611837"},{"taxonomy":"post_tag","embeddable":true,"href":"https:\/\/www.europesays.com\/de\/wp-json\/wp\/v2\/tags?post=611837"}],"curies":[{"name":"wp","href":"https:\/\/api.w.org\/{rel}","templated":true}]}}