{"id":611851,"date":"2025-11-29T21:48:24","date_gmt":"2025-11-29T21:48:24","guid":{"rendered":"https:\/\/www.europesays.com\/de\/611851\/"},"modified":"2025-11-29T21:48:24","modified_gmt":"2025-11-29T21:48:24","slug":"st-top-themen-29-november-2025","status":"publish","type":"post","link":"https:\/\/www.europesays.com\/de\/611851\/","title":{"rendered":"ST Top-Themen &#8211; 29. November 2025"},"content":{"rendered":"<p class=\"Textstyled__Text-sc-1cqv9mi-0 cLyiiX\">Guten Abend, liebe Leserinnen und Leser,<\/p>\n<p>Weiterlesen nach der Anzeige<\/p>\n<p>Weiterlesen nach der Anzeige<\/p>\n<p class=\"Textstyled__Text-sc-1cqv9mi-0 cLyiiX\">zum ersten Mal seit sechs Jahren gibt es wieder einen Adventsbasar auf Schloss Burg. Nach der gro\u00dfen Sanierung sind nun alle R\u00e4ume wieder nutzbar. Noch am Sonntag k\u00f6nnen Sie dort von 11 bis 18 Uhr st\u00f6bern. Was Sie zu Parken, Eintritt, St\u00e4nden, Hunden und Gastronomie wissen m\u00fcssen, <a href=\"https:\/\/www.solinger-tageblatt.de\/lokales\/solingen\/solingen-nach-sechs-jahren-wieder-adventsbasar-auf-schloss-burg-lohnt-sich-das-PXRRBPZULNEFPN73BTCOYXJDDY.html\" target=\"_self\" rel=\"noopener\" title=\"https:\/\/www.solinger-tageblatt.de\/lokales\/solingen\/solingen-nach-sechs-jahren-wieder-adventsbasar-auf-schloss-burg-lohnt-sich-das-PXRRBPZULNEFPN73BTCOYXJDDY.html\" data-vars-event-category=\"intext_link\" data-vars-event-action=\"click\" data-vars-event-label=\"https:\/\/www.solinger-tageblatt.de\/lokales\/solingen\/solingen-nach-sechs-jahren-wieder-adventsbasar-auf-schloss-burg-lohnt-sich-das-PXRRBPZULNEFPN73BTCOYXJDDY.html\">habe ich Ihnen hier zusammengefasst<\/a>. Ich war n\u00e4mlich am Freitagabend schon einmal dort. Dazu gibt es viele sch\u00f6ne Fotos.<\/p>\n<p class=\"Textstyled__Text-sc-1cqv9mi-0 cLyiiX\">Einen fulminanten Abschluss feierten die \u201eWalder Theatertage\u201c dieses Wochenende. Die Top-Kulturveranstaltung endete mit dem Auftritt von Kabarettist Thomas Philipzen im Walder Stadtsaal. Wieder waren viele Kulturinteressierte dabei. Macher Peter Wirtz zieht Bilanz \u2013 und gibt im Gespr\u00e4ch mit meinem Kollegen Michael Walmsley <a href=\"https:\/\/www.solinger-tageblatt.de\/lokales\/remscheid\/solingen-6XHXIMFTWZB5XK6BEWE2LM55YU.html\" target=\"_self\" rel=\"noopener\" title=\"https:\/\/www.solinger-tageblatt.de\/lokales\/remscheid\/solingen-6XHXIMFTWZB5XK6BEWE2LM55YU.html\" data-vars-event-category=\"intext_link\" data-vars-event-action=\"click\" data-vars-event-label=\"https:\/\/www.solinger-tageblatt.de\/lokales\/remscheid\/solingen-6XHXIMFTWZB5XK6BEWE2LM55YU.html\">einen Ausblick auf 2026<\/a>. <\/p>\n<p class=\"Textstyled__Text-sc-1cqv9mi-0 cLyiiX\">Die Solinger SPD hat bei ihrem Unterbezirksparteitag einen neuen Vorstand gew\u00e4hlt: Natalie Schaffert und Daniel Weber sind das neue F\u00fchrungsduo. <a href=\"https:\/\/www.solinger-tageblatt.de\/lokales\/solingen\/spd-in-solingen-natalie-schaffert-und-daniel-weber-sind-neue-parteivorsitzende-CN5BDCUAOZAU3BWO4WMPJINNHM.html\" target=\"_self\" rel=\"noopener\" title=\"https:\/\/www.solinger-tageblatt.de\/lokales\/solingen\/spd-in-solingen-natalie-schaffert-und-daniel-weber-sind-neue-parteivorsitzende-CN5BDCUAOZAU3BWO4WMPJINNHM.html\" data-vars-event-category=\"intext_link\" data-vars-event-action=\"click\" data-vars-event-label=\"https:\/\/www.solinger-tageblatt.de\/lokales\/solingen\/spd-in-solingen-natalie-schaffert-und-daniel-weber-sind-neue-parteivorsitzende-CN5BDCUAOZAU3BWO4WMPJINNHM.html\">Wie die neue Spitze nach dem schlechten Ergebnis bei der Kommunalwahl \u201eVerletzungen und Wunden\u201c heilen, Themen besetzen und f\u00fcr eine stabile Demokratie sorgen will<\/a>, erkl\u00e4rt mein Kollege und ST-Lokalchef <a href=\"https:\/\/www.solinger-tageblatt.de\/autoren\/bjoern-boch\/\" target=\"_self\" rel=\"noopener\" title=\"https:\/\/www.solinger-tageblatt.de\/autoren\/bjoern-boch\/\" data-vars-event-category=\"intext_link\" data-vars-event-action=\"click\" data-vars-event-label=\"https:\/\/www.solinger-tageblatt.de\/autoren\/bjoern-boch\/\">Bj\u00f6rn Boch<\/a>. <\/p>\n<p>Weiterlesen nach der Anzeige<\/p>\n<p>Weiterlesen nach der Anzeige<\/p>\n<p class=\"Textstyled__Text-sc-1cqv9mi-0 cLyiiX\">Ihre <a href=\"https:\/\/www.solinger-tageblatt.de\/autoren\/melissa-wienzek\/\" target=\"_self\" rel=\"noopener\" title=\"https:\/\/www.solinger-tageblatt.de\/autoren\/melissa-wienzek\/\" data-vars-event-category=\"intext_link\" data-vars-event-action=\"click\" data-vars-event-label=\"https:\/\/www.solinger-tageblatt.de\/autoren\/melissa-wienzek\/\">Melissa Wienzek<\/a><\/p>\n<p>Dar\u00fcber redet SolingenDas sollte man wissen<\/p>\n<p>Weiterlesen nach der Anzeige<\/p>\n<p>Weiterlesen nach der Anzeige<\/p>\n<p>Das ist wichtig in Deutschland und der WeltUnd dar\u00fcber redet die Sport-Szene<\/p>\n<p>Weiterlesen nach der Anzeige<\/p>\n<p>Weiterlesen nach der Anzeige<\/p>\n<p>Erz\u00e4hlen Sie Freunden und Kollegen vom neuen ST!<\/p>\n<p class=\"Textstyled__Text-sc-1cqv9mi-0 cLyiiX\">Gefallen Ihnen die Top-News aus Solingen? Dann empfehlen Sie gern Freunden und Bekannten unseren kostenlosen t\u00e4glichen Newsletter. Er erscheint t\u00e4glich um 18 Uhr. <a href=\"https:\/\/www.solinger-tageblatt.de\/newsletter\/st-die-woche\" rel=\"noopener noreferrer\" title=\"https:\/\/www.solinger-tageblatt.de\/newsletter\/st-die-woche\" data-vars-event-category=\"intext_link\" data-vars-event-action=\"click\" data-vars-event-label=\"https:\/\/www.solinger-tageblatt.de\/newsletter\/st-die-woche\" target=\"_blank\">Hier k\u00f6nnen Freunde \u201eST Top-Themen\u201c abonnieren.<\/a><\/p>\n<p>Weiterlesen nach der Anzeige<\/p>\n<p>Weiterlesen nach der Anzeige<\/p>\n<p class=\"Textstyled__Text-sc-1cqv9mi-0 cLyiiX\">Folgen Sie uns auf unseren Social-Media-Kan\u00e4len: Schauen Sie doch mal auf unseren Kan\u00e4len auf <a href=\"https:\/\/www.instagram.com\/solingertageblatt\" target=\"_blank\" rel=\"noopener noreferrer\" title=\"https:\/\/www.instagram.com\/solingertageblatt\" data-vars-event-category=\"intext_link\" data-vars-event-action=\"click\" data-vars-event-label=\"https:\/\/www.instagram.com\/solingertageblatt\">Instagram<\/a> und <a href=\"https:\/\/www.facebook.com\/sgtageblatt\" target=\"_blank\" rel=\"noopener noreferrer\" title=\"https:\/\/www.facebook.com\/sgtageblatt\" data-vars-event-category=\"intext_link\" data-vars-event-action=\"click\" data-vars-event-label=\"https:\/\/www.facebook.com\/sgtageblatt\">Facebook<\/a> vorbei!<\/p>\n<p class=\"Editorialstyled__Editorial-sc-1bfvh9l-0 cSmjnJ\">ST<\/p>\n<p><script async src=\"\/\/www.instagram.com\/embed.js\"><\/script><\/p>\n","protected":false},"excerpt":{"rendered":"Guten Abend, liebe Leserinnen und Leser, Weiterlesen nach der Anzeige Weiterlesen nach der Anzeige zum ersten Mal seit&hellip;\n","protected":false},"author":2,"featured_media":296653,"comment_status":"","ping_status":"","sticky":false,"template":"","format":"standard","meta":{"footnotes":""},"categories":[1840],"tags":[3364,29,30,1209,4418],"class_list":{"0":"post-611851","1":"post","2":"type-post","3":"status-publish","4":"format-standard","5":"has-post-thumbnail","7":"category-wuppertal","8":"tag-de","9":"tag-deutschland","10":"tag-germany","11":"tag-nordrhein-westfalen","12":"tag-wuppertal"},"share_on_mastodon":{"url":"https:\/\/pubeurope.com\/@de\/115635194325964522","error":""},"_links":{"self":[{"href":"https:\/\/www.europesays.com\/de\/wp-json\/wp\/v2\/posts\/611851","targetHints":{"allow":["GET"]}}],"collection":[{"href":"https:\/\/www.europesays.com\/de\/wp-json\/wp\/v2\/posts"}],"about":[{"href":"https:\/\/www.europesays.com\/de\/wp-json\/wp\/v2\/types\/post"}],"author":[{"embeddable":true,"href":"https:\/\/www.europesays.com\/de\/wp-json\/wp\/v2\/users\/2"}],"replies":[{"embeddable":true,"href":"https:\/\/www.europesays.com\/de\/wp-json\/wp\/v2\/comments?post=611851"}],"version-history":[{"count":0,"href":"https:\/\/www.europesays.com\/de\/wp-json\/wp\/v2\/posts\/611851\/revisions"}],"wp:featuredmedia":[{"embeddable":true,"href":"https:\/\/www.europesays.com\/de\/wp-json\/wp\/v2\/media\/296653"}],"wp:attachment":[{"href":"https:\/\/www.europesays.com\/de\/wp-json\/wp\/v2\/media?parent=611851"}],"wp:term":[{"taxonomy":"category","embeddable":true,"href":"https:\/\/www.europesays.com\/de\/wp-json\/wp\/v2\/categories?post=611851"},{"taxonomy":"post_tag","embeddable":true,"href":"https:\/\/www.europesays.com\/de\/wp-json\/wp\/v2\/tags?post=611851"}],"curies":[{"name":"wp","href":"https:\/\/api.w.org\/{rel}","templated":true}]}}