{"id":611887,"date":"2025-11-29T22:09:23","date_gmt":"2025-11-29T22:09:23","guid":{"rendered":"https:\/\/www.europesays.com\/de\/611887\/"},"modified":"2025-11-29T22:09:23","modified_gmt":"2025-11-29T22:09:23","slug":"mann-wird-von-strassenbahn-erfasst-und-schwer-verletzt-niedersachsen","status":"publish","type":"post","link":"https:\/\/www.europesays.com\/de\/611887\/","title":{"rendered":"Mann wird von Stra\u00dfenbahn erfasst und schwer verletzt | Niedersachsen"},"content":{"rendered":"<p id=\"absatz1\" class=\"em_text\">Ein 59-j\u00e4hriger Mann ist in Hannover im Stadtteil Vahrenwald von einer Stra\u00dfenbahn erfasst und eingeklemmt worden. Dabei wurde er schwer verletzt, wie die Feuerwehr mitteilte. Wie es zu dem Unfall kommen konnte, war auch am Samstagnachmittag noch unklar, wie ein Polizeisprecher sagte.<\/p>\n<p id=\"absatz2\" class=\"em_text\">Feuerwehrleute hoben die Bahn in der Vahrenwalder Stra\u00dfe mit schwerem Ger\u00e4t an und befreiten den Mann. Zum Zeitpunkt des Unfalls in der Nacht auf Samstag sa\u00dfen etwa 50 Menschen in der Stadtbahn. Sie blieben trotz Notbremsung unverletzt.<\/p>\n","protected":false},"excerpt":{"rendered":"Ein 59-j\u00e4hriger Mann ist in Hannover im Stadtteil Vahrenwald von einer Stra\u00dfenbahn erfasst und eingeklemmt worden. Dabei wurde&hellip;\n","protected":false},"author":2,"featured_media":611888,"comment_status":"","ping_status":"","sticky":false,"template":"","format":"standard","meta":{"footnotes":""},"categories":[1836],"tags":[3364,29,985,30,46,1411,12923,4078,601],"class_list":{"0":"post-611887","1":"post","2":"type-post","3":"status-publish","4":"format-standard","5":"has-post-thumbnail","7":"category-hannover","8":"tag-de","9":"tag-deutschland","10":"tag-feuerwehr","11":"tag-germany","12":"tag-hannover","13":"tag-niedersachsen","14":"tag-straenbahn","15":"tag-vahrenwald","16":"tag-verkehr"},"share_on_mastodon":{"url":"https:\/\/pubeurope.com\/@de\/115635274663183795","error":""},"_links":{"self":[{"href":"https:\/\/www.europesays.com\/de\/wp-json\/wp\/v2\/posts\/611887","targetHints":{"allow":["GET"]}}],"collection":[{"href":"https:\/\/www.europesays.com\/de\/wp-json\/wp\/v2\/posts"}],"about":[{"href":"https:\/\/www.europesays.com\/de\/wp-json\/wp\/v2\/types\/post"}],"author":[{"embeddable":true,"href":"https:\/\/www.europesays.com\/de\/wp-json\/wp\/v2\/users\/2"}],"replies":[{"embeddable":true,"href":"https:\/\/www.europesays.com\/de\/wp-json\/wp\/v2\/comments?post=611887"}],"version-history":[{"count":0,"href":"https:\/\/www.europesays.com\/de\/wp-json\/wp\/v2\/posts\/611887\/revisions"}],"wp:featuredmedia":[{"embeddable":true,"href":"https:\/\/www.europesays.com\/de\/wp-json\/wp\/v2\/media\/611888"}],"wp:attachment":[{"href":"https:\/\/www.europesays.com\/de\/wp-json\/wp\/v2\/media?parent=611887"}],"wp:term":[{"taxonomy":"category","embeddable":true,"href":"https:\/\/www.europesays.com\/de\/wp-json\/wp\/v2\/categories?post=611887"},{"taxonomy":"post_tag","embeddable":true,"href":"https:\/\/www.europesays.com\/de\/wp-json\/wp\/v2\/tags?post=611887"}],"curies":[{"name":"wp","href":"https:\/\/api.w.org\/{rel}","templated":true}]}}