{"id":611974,"date":"2025-11-29T23:02:16","date_gmt":"2025-11-29T23:02:16","guid":{"rendered":"https:\/\/www.europesays.com\/de\/611974\/"},"modified":"2025-11-29T23:02:16","modified_gmt":"2025-11-29T23:02:16","slug":"fw-mg-zwei-verletzte-personen-nach-verkehrsunfall-mit-vier-pkw","status":"publish","type":"post","link":"https:\/\/www.europesays.com\/de\/611974\/","title":{"rendered":"FW-MG: Zwei verletzte Personen nach Verkehrsunfall mit vier PKW"},"content":{"rendered":"<p class=\"date\">29.11.2025 \u2013 21:08<\/p>\n<p class=\"customer\">\n                        <a class=\"story-customer\" title=\"weiter zum newsroom von Feuerwehr M\u00f6nchengladbach\" href=\"https:\/\/www.presseportal.de\/blaulicht\/nr\/115879\" rel=\"nofollow noopener\" target=\"_blank\">Feuerwehr M\u00f6nchengladbach<\/a>\n                    <\/p>\n<p><a class=\"glightbox event-trigger\" href=\"https:\/\/cache.pressmailing.net\/thumbnail\/story_hires\/52c138a7-a844-42c1-810d-3ae6ea83e4ce\/Logo_PresseTH_UNFALL_NACHT_neu.jpg.jpg\" data-description=\"FW MG\" data-category=\"medialightbox\" data-action=\"click\" data-label=\"single\" data-value=\"692b52d2270000fd2c1d6902\" rel=\"nofollow noopener\" target=\"_blank\"><img decoding=\"async\" height=\"540\" with=\"720\" src=\"https:\/\/www.europesays.com\/de\/wp-content\/uploads\/2025\/11\/fw-mg-zwei-verletzte-personen-nach-verkehrsunfall-mit-vier-pkw.jpeg\"   alt=\"FW-MG: Zwei verletzte Personen nach Verkehrsunfall mit vier PKW\" class=\"single\"\/><\/a><\/p>\n<p><a data-category=\"citylink-story-view\" data-action=\"click\" data-label=\"Citylink in Meldungsansicht\" class=\"story-city event-trigger\" href=\"https:\/\/www.presseportal.de\/regional\/M%F6nchengladbach-BAB%2052%2C%2029.11.2025%2C%2018%3A44%20Uhr%2C%20FR%20Roermond\" title=\"News aus M\u00f6nchengladbach-BAB 52, 29.11.2025, 18:44 Uhr, FR Roermond \" rel=\"nofollow noopener\" target=\"_blank\">M\u00f6nchengladbach-BAB 52, 29.11.2025, 18:44 Uhr, FR Roermond<\/a> (ots)<\/p>\n<p>Am fr\u00fchen Abend wurde der Leitstelle der Feuerwehr ein weiterer Verkehrsunfall gemeldet. Diesmal befand sich der Unfall auf der Autobahn A52, kurz vor dem Autobahnkreuz M\u00f6nchengladbach. Vier Fahrzeuge waren an diesem Unfall beteiligt.<br \/>\nBei Eintreffen der Feuerwehr standen alle PKW auf dem Standstreifen. Die Beteiligten wurden durch einen Notarzt gesichtet. Zwei Personen wurden im weiteren Verlauf mit Rettungswagen in Krankenh\u00e4user transportiert.<br \/>\nDie Feuerwehr sicherte die Unfallstelle ab. Durch den Unfall und die Sperrung eines Fahrstreifens kam es zu einem R\u00fcckstau auf der Autobahn.<br \/>\nDie Polizei hat die Ermittlungen zur Unfallursache aufgenommen.<br \/>\nIm Einsatz waren das Hilfeleistungsl\u00f6schfahrzeug der Feuer- und Rettungswache II (Holt), die Drehleiter der Feuer- und Rettungswache I (Neuwerk), der R\u00fcstwagen aus dem Technik- und Logistikzentrum (Holt), die Einheit Neuwerk der Freiwilligen Feuerwehr, zwei Rettungswagen, ein Notarzt sowie der F\u00fchrungsdienst der Feuerwehr<\/p>\n<p>Einsatzleiter: Brandamtsrat Yannic Linnemann<\/p>\n<p class=\"contact-headline\">R\u00fcckfragen bitte an:<\/p>\n<p class=\"contact-text\">Stadt M\u00f6nchengladbach<br \/>Fachbereich 37 &#8211; Feuerwehr<br \/>F\u00fchrungs- und Lagezentrum<br \/>Stockholtweg 132<br \/>41238 M\u00f6nchengladbach<\/p>\n<p>Telefon: 02166\/9989-0<br \/>Fax: 02166\/9989-37729<br \/>E-Mail: <a href=\"https:\/\/www.presseportal.de\/blaulicht\/pm\/115879\/mailto: leitstelle.feuerwehr@moenchengladbach.de\" class=\"uri-mailto\" rel=\"nofollow noopener\" target=\"_blank\"> leitstelle.feuerwehr@moenchengladbach.de<\/a><br \/><a target=\"_blank\" class=\"uri-ext outbound\" rel=\"noopener nofollow\" href=\"http:\/\/www.feuerwehr-mg.de\/\">http:\/\/www.feuerwehr-mg.de\/<\/a><\/p>\n<p class=\"originator\">Original-Content von: Feuerwehr M\u00f6nchengladbach, \u00fcbermittelt durch news aktuell<\/p>\n","protected":false},"excerpt":{"rendered":"29.11.2025 \u2013 21:08 Feuerwehr M\u00f6nchengladbach M\u00f6nchengladbach-BAB 52, 29.11.2025, 18:44 Uhr, FR Roermond (ots) Am fr\u00fchen Abend wurde der&hellip;\n","protected":false},"author":2,"featured_media":611975,"comment_status":"","ping_status":"","sticky":false,"template":"","format":"standard","meta":{"footnotes":""},"categories":[1849],"tags":[3364,29,548,663,3934,985,30,13,4455,14,15,1209,176,178,180,179,181,12,1284],"class_list":{"0":"post-611974","1":"post","2":"type-post","3":"status-publish","4":"format-standard","5":"has-post-thumbnail","7":"category-moenchengladbach","8":"tag-de","9":"tag-deutschland","10":"tag-eu","11":"tag-europa","12":"tag-europe","13":"tag-feuerwehr","14":"tag-germany","15":"tag-headlines","16":"tag-moenchengladbach","17":"tag-nachrichten","18":"tag-news","19":"tag-nordrhein-westfalen","20":"tag-nrw","21":"tag-presse","22":"tag-pressemeldung","23":"tag-pressemitteilung","24":"tag-pressemitteilungen","25":"tag-schlagzeilen","26":"tag-unfall"},"share_on_mastodon":{"url":"https:\/\/pubeurope.com\/@de\/115635484204118431","error":""},"_links":{"self":[{"href":"https:\/\/www.europesays.com\/de\/wp-json\/wp\/v2\/posts\/611974","targetHints":{"allow":["GET"]}}],"collection":[{"href":"https:\/\/www.europesays.com\/de\/wp-json\/wp\/v2\/posts"}],"about":[{"href":"https:\/\/www.europesays.com\/de\/wp-json\/wp\/v2\/types\/post"}],"author":[{"embeddable":true,"href":"https:\/\/www.europesays.com\/de\/wp-json\/wp\/v2\/users\/2"}],"replies":[{"embeddable":true,"href":"https:\/\/www.europesays.com\/de\/wp-json\/wp\/v2\/comments?post=611974"}],"version-history":[{"count":0,"href":"https:\/\/www.europesays.com\/de\/wp-json\/wp\/v2\/posts\/611974\/revisions"}],"wp:featuredmedia":[{"embeddable":true,"href":"https:\/\/www.europesays.com\/de\/wp-json\/wp\/v2\/media\/611975"}],"wp:attachment":[{"href":"https:\/\/www.europesays.com\/de\/wp-json\/wp\/v2\/media?parent=611974"}],"wp:term":[{"taxonomy":"category","embeddable":true,"href":"https:\/\/www.europesays.com\/de\/wp-json\/wp\/v2\/categories?post=611974"},{"taxonomy":"post_tag","embeddable":true,"href":"https:\/\/www.europesays.com\/de\/wp-json\/wp\/v2\/tags?post=611974"}],"curies":[{"name":"wp","href":"https:\/\/api.w.org\/{rel}","templated":true}]}}