{"id":611976,"date":"2025-11-29T23:03:28","date_gmt":"2025-11-29T23:03:28","guid":{"rendered":"https:\/\/www.europesays.com\/de\/611976\/"},"modified":"2025-11-29T23:03:28","modified_gmt":"2025-11-29T23:03:28","slug":"stadtgestaltung-versenkbare-poller-statt-mobile-strassensperren","status":"publish","type":"post","link":"https:\/\/www.europesays.com\/de\/611976\/","title":{"rendered":"Stadtgestaltung: Versenkbare Poller statt mobile Stra\u00dfensperren"},"content":{"rendered":"<p><b>Es ist Weihnachtszeit, die mobilen Sperren in der Innenstadt sind kein sch\u00f6ner Anblick. Ist der Weihnachtsmarkt vorbei, nervt der illegale Autoverkehr\u00a0auf Boulevard, Rathausplatz und Hans-B\u00f6ckler-Stra\u00dfe. Dann fehlen Sperren. Versenkbare Poller w\u00e4ren die L\u00f6sung.<br \/><\/b><br \/>Egal ob Weihnachtsmarkt, Musiksommer oder Bochum kulinarisch, h\u00e4ssliche mobile Zufahrtssperren verunstalten das Stadtbild. Aber nicht nur deren Anblick ist ein \u00c4rgernis, auch das st\u00e4ndige Weg- und Hinschieben, wenn Fahrzeuge zur Anlieferung oder Busse durchgelassen werden m\u00fcssen, ist weder praktisch noch sieht es professionell aus. <\/p>\n<p>Dazu kommt, dass die engen Durchfahrten f\u00fcr den Radverkehr unangenehm sind und das Umlaufen der Sperren auch von Fu\u00dfg\u00e4ngern und Fu\u00dfg\u00e4ngerinnen als hinderlich empfunden wird. <\/p>\n<p>Finden keine Veranstaltungen statt, fehlen Sperren. Besonders Hans-B\u00f6ckler-Stra\u00dfe, Rathausplatz und Boulevard werden dann durchgehend von Autos befahren, die eigentlich au\u00dferhalb der Anlieferzeit dort nichts zu suchen haben. Auch das damit verbundene illegale Parkgeschehen nervt Flanierende wie Gesch\u00e4ftsleute.<\/p>\n<p> <b>Die L\u00f6sung: Automatisch versenkbare Poller<br \/><\/b><br \/>L\u00e4ngst hat man in St\u00e4dten wie Luxemburg oder Malm\u00f6 bessere L\u00f6sungen gefunden. Um bei Veranstaltungen unmerklich Sicherheit herzustellen und illegalen Durchgangsverkehr zu verhindern, werden die Zufahrtsstra\u00dfen mit Pollern versperrt. Die k\u00f6nnen nach Bedarf abgesenkt werden, um berechtigten Fahrzeugen Zufahrt zu gew\u00e4hren. Die Technik automatisch versenkbarer Poller ist mittlerweile so ausgereift, dass sie in immer mehr St\u00e4dten zum Einsatz kommt.  <\/p>\n<p>W\u00e4hrend der Anlieferzeiten bleiben die Poller versenkt, sonst versperren sie die Durchfahrt. In dieser Sperrzeit werden die Poller f\u00fcr eine Busdurchfahrt oder eine Anliegereinfahrt kurzzeitig abgesenkt, wenn der Einfahrende mit einem Funksender oder \u00fcber ein Mobiltelefon seine Zufahrtsberechtigung nachgewiesen hat. <\/p>\n<p>Tempor\u00e4re Zugangsberichtigungen k\u00f6nnen f\u00fcr einen festgelegten Zeitraum \u00fcber eine App zugewiesen werden. Sie verfallen automatisch, wenn der entsprechende Zeitraum abgelaufen ist. Der Zugangsberechtigte h\u00e4lt sein Mobiltelefon an einen RFID-Leser an einem Zugang zum gesperrten Bereich Innenstadt, wird die Zugangsberechtigung erkannt, wird der Poller versenkt. Auch kann auf diese Weise festgelegt werden, dass Berechtigte nur \u00fcber bestimmte Zufahrten und Poller Zugang zum gesperrten Innenstadtbereich erhalten. <\/p>\n<p>Um den Fu\u00dfg\u00e4ngerbereich der Bochumer City wirksam abzusperren, m\u00fcssten an 12 m\u00f6glichen Zufahrten automatisch versenkbare Poller eingebaut werden.\u00a0Um die Zufahrt in eine Stra\u00dfe wirksam zu verhindern, wird jeweils die gesamte Stra\u00dfenbreite mit einer Reihe Pollern gesperrt, von denen mindestens einer absenkbar ist.<\/p>\n<p><img class=\"imagecontainer\" decoding=\"auto\" data-aspect-ratio=\"0.618887015\" src=\"https:\/\/www.europesays.com\/de\/wp-content\/uploads\/2025\/11\/13922540_L.webp\"\/><\/p>\n<p><b>Vor- und Nachteile von versenkbaren Pollern<br \/><\/b><br \/>Die Poller haben eine Reihe von Vorteilen. Sie fallen kaum auf, k\u00f6nnen ansehnlich gestaltet werden und sorgen so elegant f\u00fcr Sicherheit. Sie sind flexibel und funktionieren digital, geben jenen Zufahrt die berechtigt sind und verhindern zuverl\u00e4ssig den aktuell besonders entlang des Boulevards, am Rathausplatz und an der Hans-B\u00f6ckler-Stra\u00dfe nervenden illegalen Durchgangsverkehr sowie das rechtswidrige Zuparken von Fu\u00dfg\u00e4ngerbereichen. Sie wirken nicht nur dann, wenn Veranstaltungen die Innenstadt beleben, sondern 365 Tage im Jahr, 24 Stunden am Tag. <\/p>\n<p>Versenkbare Poller sind allerdings nicht billig, ersparen aber die Miete oder Anschaffung von mobilen Sperren, deren Lagerung und die Besch\u00e4ftigung von Personal, das diese bedient. Sie verbessern das Stadtbild deutlich, sind Sinnbild f\u00fcr eine moderne, smarte Stadt und machen die Innenstadt attraktiver. So entsteht ein sichtbarer Gewinn f\u00fcr die Menschen, die die Stadt besuchen, die Gesch\u00e4ftsleute und die Stadt selbst. Im Ergebnis lohnen sich die modernen Poller, sie sind zeitgem\u00e4\u00df und stellen den Zustand her, den viele Menschen in der Innenstadt erwarten.<\/p>\n<p><b>Gesch\u00e4ftsleute sollten sich f\u00fcr Poller-L\u00f6sung einsetzen\u00a0<br \/><\/b><br \/>Auch die Interessengemeinschaft der Gesch\u00e4ftsleute der Innenstadt sollte sich f\u00fcr eine Poller-L\u00f6sung stark machen, es reicht nicht, sich immer wieder bei der Stadt \u00fcber den illegalen Autoverkehr in der Innenstadt zu beschweren und dar\u00fcber, dass die Stadt dagegen zu wenig tut. Wichtig ist, klar, deutlich und h\u00f6rbar von der Stadt eine effektive L\u00f6sung einzufordern. <\/p>\n<p><a href=\"https:\/\/die-stadtgestalter.de\/\" onclick=\"window.open(this.href); return false;\" rel=\"nofollow noopener\" target=\"_blank\">Die STADTGESTALTER<\/a><\/p>\n","protected":false},"excerpt":{"rendered":"Es ist Weihnachtszeit, die mobilen Sperren in der Innenstadt sind kein sch\u00f6ner Anblick. Ist der Weihnachtsmarkt vorbei, nervt&hellip;\n","protected":false},"author":2,"featured_media":611977,"comment_status":"","ping_status":"","sticky":false,"template":"","format":"standard","meta":{"footnotes":""},"categories":[1848],"tags":[3364,29,548,663,3934,3658,30,13,14,15,1209,12],"class_list":{"0":"post-611976","1":"post","2":"type-post","3":"status-publish","4":"format-standard","5":"has-post-thumbnail","7":"category-gelsenkirchen","8":"tag-de","9":"tag-deutschland","10":"tag-eu","11":"tag-europa","12":"tag-europe","13":"tag-gelsenkirchen","14":"tag-germany","15":"tag-headlines","16":"tag-nachrichten","17":"tag-news","18":"tag-nordrhein-westfalen","19":"tag-schlagzeilen"},"share_on_mastodon":{"url":"https:\/\/pubeurope.com\/@de\/115635488031747543","error":""},"_links":{"self":[{"href":"https:\/\/www.europesays.com\/de\/wp-json\/wp\/v2\/posts\/611976","targetHints":{"allow":["GET"]}}],"collection":[{"href":"https:\/\/www.europesays.com\/de\/wp-json\/wp\/v2\/posts"}],"about":[{"href":"https:\/\/www.europesays.com\/de\/wp-json\/wp\/v2\/types\/post"}],"author":[{"embeddable":true,"href":"https:\/\/www.europesays.com\/de\/wp-json\/wp\/v2\/users\/2"}],"replies":[{"embeddable":true,"href":"https:\/\/www.europesays.com\/de\/wp-json\/wp\/v2\/comments?post=611976"}],"version-history":[{"count":0,"href":"https:\/\/www.europesays.com\/de\/wp-json\/wp\/v2\/posts\/611976\/revisions"}],"wp:featuredmedia":[{"embeddable":true,"href":"https:\/\/www.europesays.com\/de\/wp-json\/wp\/v2\/media\/611977"}],"wp:attachment":[{"href":"https:\/\/www.europesays.com\/de\/wp-json\/wp\/v2\/media?parent=611976"}],"wp:term":[{"taxonomy":"category","embeddable":true,"href":"https:\/\/www.europesays.com\/de\/wp-json\/wp\/v2\/categories?post=611976"},{"taxonomy":"post_tag","embeddable":true,"href":"https:\/\/www.europesays.com\/de\/wp-json\/wp\/v2\/tags?post=611976"}],"curies":[{"name":"wp","href":"https:\/\/api.w.org\/{rel}","templated":true}]}}