{"id":611988,"date":"2025-11-29T23:14:00","date_gmt":"2025-11-29T23:14:00","guid":{"rendered":"https:\/\/www.europesays.com\/de\/611988\/"},"modified":"2025-11-29T23:14:00","modified_gmt":"2025-11-29T23:14:00","slug":"herford-lebenslichter-wieder-auf-altem-markt","status":"publish","type":"post","link":"https:\/\/www.europesays.com\/de\/611988\/","title":{"rendered":"Herford: Lebenslichter wieder auf Altem Markt"},"content":{"rendered":"<p>Herford h\u00e4lt an einer besonderen Weihnachtstradition fest. Auch diesmal h\u00e4ngen wieder Lebenslichter am gro\u00dfen Weihnachtsbaum auf dem Alten Markt. Das sind digitale Lichter, die angehen, wenn in Herford gerade ein Kind geboren wurde.\u00a0<\/p>\n<p>Preise f\u00fcr die Eltern<\/p>\n<p>Eltern k\u00f6nnen das per Knopfdruck selbst \u00fcbernehmen. Seit 2013 wird das so gehandhabt. Auch, dass frischgebackene Eltern Preise bekommen, wenn sie sich gerade in der N\u00e4he des Baums aufhalten.\u00a0<\/p>\n","protected":false},"excerpt":{"rendered":"Herford h\u00e4lt an einer besonderen Weihnachtstradition fest. Auch diesmal h\u00e4ngen wieder Lebenslichter am gro\u00dfen Weihnachtsbaum auf dem Alten&hellip;\n","protected":false},"author":2,"featured_media":611989,"comment_status":"","ping_status":"","sticky":false,"template":"","format":"standard","meta":{"footnotes":""},"categories":[1841],"tags":[1605,3364,29,30,16398,145422,1209,126226],"class_list":{"0":"post-611988","1":"post","2":"type-post","3":"status-publish","4":"format-standard","5":"has-post-thumbnail","7":"category-bielefeld","8":"tag-bielefeld","9":"tag-de","10":"tag-deutschland","11":"tag-germany","12":"tag-herford","13":"tag-lebenslichter","14":"tag-nordrhein-westfalen","15":"tag-weihnachtsbaum"},"share_on_mastodon":{"url":"https:\/\/pubeurope.com\/@de\/115635530188324389","error":""},"_links":{"self":[{"href":"https:\/\/www.europesays.com\/de\/wp-json\/wp\/v2\/posts\/611988","targetHints":{"allow":["GET"]}}],"collection":[{"href":"https:\/\/www.europesays.com\/de\/wp-json\/wp\/v2\/posts"}],"about":[{"href":"https:\/\/www.europesays.com\/de\/wp-json\/wp\/v2\/types\/post"}],"author":[{"embeddable":true,"href":"https:\/\/www.europesays.com\/de\/wp-json\/wp\/v2\/users\/2"}],"replies":[{"embeddable":true,"href":"https:\/\/www.europesays.com\/de\/wp-json\/wp\/v2\/comments?post=611988"}],"version-history":[{"count":0,"href":"https:\/\/www.europesays.com\/de\/wp-json\/wp\/v2\/posts\/611988\/revisions"}],"wp:featuredmedia":[{"embeddable":true,"href":"https:\/\/www.europesays.com\/de\/wp-json\/wp\/v2\/media\/611989"}],"wp:attachment":[{"href":"https:\/\/www.europesays.com\/de\/wp-json\/wp\/v2\/media?parent=611988"}],"wp:term":[{"taxonomy":"category","embeddable":true,"href":"https:\/\/www.europesays.com\/de\/wp-json\/wp\/v2\/categories?post=611988"},{"taxonomy":"post_tag","embeddable":true,"href":"https:\/\/www.europesays.com\/de\/wp-json\/wp\/v2\/tags?post=611988"}],"curies":[{"name":"wp","href":"https:\/\/api.w.org\/{rel}","templated":true}]}}