{"id":612023,"date":"2025-11-29T23:34:17","date_gmt":"2025-11-29T23:34:17","guid":{"rendered":"https:\/\/www.europesays.com\/de\/612023\/"},"modified":"2025-11-29T23:34:17","modified_gmt":"2025-11-29T23:34:17","slug":"tag-der-offenen-tuer-an-der-leibniz-gesamtschule-laechelnde-kinder-staunende-eltern-und-stolze-lehrkraefte","status":"publish","type":"post","link":"https:\/\/www.europesays.com\/de\/612023\/","title":{"rendered":"Tag der offenen T\u00fcr an der Leibniz-Gesamtschule: L\u00e4chelnde Kinder, staunende Eltern und stolze Lehrkr\u00e4fte"},"content":{"rendered":"<p><b>Am 29.11.2025 zeigte sich wieder einmal, warum die <a href=\"https:\/\/www.leibnizgesamtschule.de\/\" onclick=\"window.open(this.href); return false;\" rel=\"nofollow noopener\" target=\"_blank\">Leibniz-Gesamtschule<\/a> die gr\u00f6\u00dfte und zugleich eine der beliebtesten Schulen Duisburgs ist. Mit rund 1.600 Sch\u00fclerinnen und Sch\u00fclern platzt die Schule nicht nur vor Leben, sondern auch vor Vielfalt, Chancen und au\u00dfergew\u00f6hnlichen Bildungsangeboten. Die hohen Anmeldezahlen sprechen jedes Jahr f\u00fcr sich \u2013 so viele Familien m\u00f6chten Teil der \u201eLeibniz-Gemeinschaft\u201c werden, dass die Leibniz-Gesamtschule regelm\u00e4\u00dfig mehr Interessentinnen und Interessenten haben, als sie aufnehmen kann.<\/b><\/p>\n<p><b>Ein herzliches Willkommen \u2013 und ein volles Haus<\/b><br \/>Schon am Eingang wurden Kinder und Eltern freundlich empfangen, konnten sich beraten lassen und erhielten Einblicke in das vielseitige Schulleben. Zahlreiche Familien nutzten die Gelegenheit, Fragen zu stellen, die Schule zu erkunden und mit Lehrkr\u00e4ften, der Schulleitung sowie engagierten Sch\u00fclerinnen und Sch\u00fclern ins Gespr\u00e4ch zu kommen.<\/p>\n<p><b>Bewegung wird an der Leibniz-Gesamtschule gro\u00dfgeschrieben<\/b><br \/>Ein besonderes Highlight: Die t\u00e4gliche 40-min\u00fctige Bewegungspause nach der dritten Stunde \u2013 ein Konzept, das es nur selten an Schulen gibt. Auf dem Schulhof und Sportplatz k\u00f6nnen Kinder aus unz\u00e4hligen Spiel- und Bewegungsm\u00f6glichkeiten w\u00e4hlen. Ein eigener Verleihcontainer stellt Sport- und Spielger\u00e4te bereit. Die beliebte Pausenliga findet im gemischten Modus statt \u2013 und einmal j\u00e4hrlich exklusiv als M\u00e4dchenliga.<\/p>\n<p>Auch heute konnten Besucherinnen und Besucher in der Sporthalle beeindruckende Einblicke gewinnen: Die Kletter-AG pr\u00e4sentierte ihr K\u00f6nnen an der Kletterwand, und Kinder durften selbst gesichert ausprobieren, wie spannend das Klettern ist. Auch das Schwingen an den dicken Seilen bereitete vielen der kleinen G\u00e4ste sichtlich Freude.<br \/><b><br \/>Die Instrumentalausbildung<\/b><br \/>Ein besonderes Merkmal der Leibniz-Gesamtschule: Jedes Kind darf ein Musikinstrument erlernen. Direkt an der Schule erhalten die Sch\u00fclerinnen und Sch\u00fcler Unterricht an Instrumenten ihrer Wahl. So er\u00f6ffnete die Schulband heute\u00a0die Rede des Schulleiters Sascha Busse und sorgte mit Live-Musik f\u00fcr eine entspannte, fr\u00f6hliche Atmosph\u00e4re. <\/p>\n<p><b>International und weltoffen \u2013 das Erasmus-Programm<\/b><br \/>Die Leibniz-Gesamtschule ist europaweit hervorragend vernetzt. \u00dcber das Erasmus-Programm bietet die Schule: mehrere Auslandsfahrten pro Jahr, internationale Begegnungen und Projektwochen, Aufenthalte im Ausland f\u00fcr 3, 6 oder 12 Monate, regelm\u00e4\u00dfige Besuche von Partnerschulen aus ganz Europa. Die Leibniz-Sch\u00fcler sprechen w\u00e4hrend dieser Projekte viel Englisch \u2013 nicht, weil sie m\u00fcssen, sondern weil sie es gerne tun. Die vielen internationalen Begegnungen st\u00e4rken Selbstbewusstsein, Sprachkompetenz und Weltoffenheit.<\/p>\n<p><b>Natur erleben \u2013 der Schulgarten<\/b><br \/>Im Sommer ist der Schulgarten ein zentraler Lern- und Erholungsort. Er bietet verschiedene Arbeitsbereiche, Sitzgruppen und Fl\u00e4chen f\u00fcr Unterricht im Freien \u2013 ein gr\u00fcnes Herzst\u00fcck der Schule.<\/p>\n<p><b>Digital bestens ausgestattet<\/b><br \/>Leibniz-Gesamtschule geh\u00f6rt zu den wenigen Schulen in NRW, die alle Sch\u00fclerinnen und Sch\u00fcler vollst\u00e4ndig mit iPads ausstattet. Das erm\u00f6glicht modernen, interaktiven Unterricht und bereitet die Kinder optimal auf die digitale Welt vor.<\/p>\n<p><b>Wachstum und Zukunft: neue Schulgeb\u00e4ude entstehen<\/b><br \/>Aktuell entstehen zwei neue, moderne Schulgeb\u00e4ude auf dem Gel\u00e4nde. Nach Abschluss der Bauphase im Jahr 2027 werden zudem die bestehenden Geb\u00e4ude umfassend modernisiert. Damit schafft die Schule die r\u00e4umlichen Voraussetzungen f\u00fcr ein zukunftsorientiertes Lernen.<\/p>\n<p><b>Vielf\u00e4ltige Einblicke in Unterricht und Projekte<\/b><br \/>Heute konnten sich die G\u00e4ste der Schule unter anderem freuen auf: spannenden Chemieunterricht, bei dem selbst gemachte Brause hergestellt und probiert wurde sowie kreative Mitmachaktionen verschiedener Fachbereiche, Beratungsst\u00e4nde, offene Klassenzimmer, die einen realistischen Einblick in den Unterricht boten. \u00dcberall sah man l\u00e4chelnde Kinder, staunende Eltern und stolze Lehrkr\u00e4fte. Der Tag der offenen T\u00fcr hat eindrucksvoll gezeigt, was die Leibniz-Gesamtschule ausmacht: Bewegung, Musik, Internationalit\u00e4t, Digitalisierung, Vielfalt und ein starkes Miteinander.<\/p>\n","protected":false},"excerpt":{"rendered":"Am 29.11.2025 zeigte sich wieder einmal, warum die Leibniz-Gesamtschule die gr\u00f6\u00dfte und zugleich eine der beliebtesten Schulen Duisburgs&hellip;\n","protected":false},"author":2,"featured_media":612024,"comment_status":"","ping_status":"","sticky":false,"template":"","format":"standard","meta":{"footnotes":""},"categories":[1838],"tags":[3364,29,3715,30,1209],"class_list":{"0":"post-612023","1":"post","2":"type-post","3":"status-publish","4":"format-standard","5":"has-post-thumbnail","7":"category-duisburg","8":"tag-de","9":"tag-deutschland","10":"tag-duisburg","11":"tag-germany","12":"tag-nordrhein-westfalen"},"share_on_mastodon":{"url":"https:\/\/pubeurope.com\/@de\/115635608871688656","error":""},"_links":{"self":[{"href":"https:\/\/www.europesays.com\/de\/wp-json\/wp\/v2\/posts\/612023","targetHints":{"allow":["GET"]}}],"collection":[{"href":"https:\/\/www.europesays.com\/de\/wp-json\/wp\/v2\/posts"}],"about":[{"href":"https:\/\/www.europesays.com\/de\/wp-json\/wp\/v2\/types\/post"}],"author":[{"embeddable":true,"href":"https:\/\/www.europesays.com\/de\/wp-json\/wp\/v2\/users\/2"}],"replies":[{"embeddable":true,"href":"https:\/\/www.europesays.com\/de\/wp-json\/wp\/v2\/comments?post=612023"}],"version-history":[{"count":0,"href":"https:\/\/www.europesays.com\/de\/wp-json\/wp\/v2\/posts\/612023\/revisions"}],"wp:featuredmedia":[{"embeddable":true,"href":"https:\/\/www.europesays.com\/de\/wp-json\/wp\/v2\/media\/612024"}],"wp:attachment":[{"href":"https:\/\/www.europesays.com\/de\/wp-json\/wp\/v2\/media?parent=612023"}],"wp:term":[{"taxonomy":"category","embeddable":true,"href":"https:\/\/www.europesays.com\/de\/wp-json\/wp\/v2\/categories?post=612023"},{"taxonomy":"post_tag","embeddable":true,"href":"https:\/\/www.europesays.com\/de\/wp-json\/wp\/v2\/tags?post=612023"}],"curies":[{"name":"wp","href":"https:\/\/api.w.org\/{rel}","templated":true}]}}