{"id":612026,"date":"2025-11-29T23:36:20","date_gmt":"2025-11-29T23:36:20","guid":{"rendered":"https:\/\/www.europesays.com\/de\/612026\/"},"modified":"2025-11-29T23:36:20","modified_gmt":"2025-11-29T23:36:20","slug":"zweite-bundesliga-debakel-fuer-miroslav-klose-tabellenletzter-magdeburg-zerlegt-nuernberg","status":"publish","type":"post","link":"https:\/\/www.europesays.com\/de\/612026\/","title":{"rendered":"Zweite Bundesliga: Debakel f\u00fcr Miroslav Klose \u2013 Tabellenletzter Magdeburg zerlegt N\u00fcrnberg"},"content":{"rendered":"<p>Der 1. FC Magdeburg beendet seine Niederlagenserie gegen den 1. FC N\u00fcrnberg. Gegen die Franken profitiert der Klub von einem Platzverweis. Die Fans beider Mannschaften protestieren gegen die Pl\u00e4ne der Innenministerkonferenz.<\/p>\n<p class=\"is-first-paragraph\" data-external=\"Article.FirstParagraph\">Der 1. FC Magdeburg hat in der zweiten Fu\u00dfball-Bundesliga nach drei Niederlagen in Serie einen Schritt aus der Krise gemacht. Gegen den 1. FC N\u00fcrnberg gewann die Mannschaft 3:0 (0:0). <\/p>\n<p>Mateusz Zukowski (73., 90.+6) und Maximilian Breunig (90.+10) trafen f\u00fcr den FCM zum <a class=\"is-link c-block-items__link is-external c-link--rich-text-renderer\" href=\"https:\/\/www.welt.de\/sport\/\" target=\"_blank\" title=\"(Link wird in einem neuen Tab ge\u00f6ffnet)\" rel=\"nofollow noopener\" data-internal-tracking-enabled=\"true\" data-internal-tracking=\"{&quot;action&quot;:&quot;click&quot;,&quot;label&quot;:&quot;link&quot;,&quot;name&quot;:&quot;Inline Element&quot;,&quot;data&quot;:{&quot;source&quot;:&quot;&quot;,&quot;target&quot;:&quot;https:\/\/www.welt.de\/sport\/&quot;,&quot;trackingName&quot;:&quot;&quot;,&quot;trackingLabel&quot;:&quot;&quot;}}\">dritten Heimsieg<\/a> in dieser Saison. N\u00fcrnbergs Rafael Lubach musste mit der Gelb-Roten Karte vom Spielfeld (76.). Magdeburg bleibt <a class=\"is-link c-block-items__link is-external c-link--rich-text-renderer\" href=\"https:\/\/www.welt.de\/sport\/fussball\/\" target=\"_blank\" title=\"(Link wird in einem neuen Tab ge\u00f6ffnet)\" rel=\"nofollow noopener\" data-internal-tracking-enabled=\"true\" data-internal-tracking=\"{&quot;action&quot;:&quot;click&quot;,&quot;label&quot;:&quot;link&quot;,&quot;name&quot;:&quot;Inline Element&quot;,&quot;data&quot;:{&quot;source&quot;:&quot;&quot;,&quot;target&quot;:&quot;https:\/\/www.welt.de\/sport\/fussball\/&quot;,&quot;trackingName&quot;:&quot;&quot;,&quot;trackingLabel&quot;:&quot;&quot;}}\">zwar Tabellenletzter<\/a>, h\u00e4lt aber weiter die Nichtabstiegsr\u00e4nge im Blick. N\u00fcrnberg k\u00f6nnte am Sonntag aus der oberen Tabellenh\u00e4lfte rutschen.<\/p>\n<p>Aus Protest gegen die Pl\u00e4ne der Innenministerkonferenz lie\u00dfen beide Ultragruppen in Magdeburg die Fankurven in den ersten zw\u00f6lf Minuten leer, organisierten Support gab es erst ab der 30. Spielminute.<\/p>\n<p>\u00c4hnlich ruhig ging es auf dem Rasen zu: Magdeburg gab sich M\u00fche, kam aber nicht zu Abschl\u00fcssen, N\u00fcrnberg war meist bei Eckb\u00e4llen gef\u00e4hrlich. Erst zum Ende der ersten Halbzeit hatten die Gastgeber die besten Chancen, doch Philipp Hercher (41.) scheiterte ebenso an Torwart Jan Reichert wie Laurin Ulrich (42.), auch wenn das von Miroslav Klose trainierte N\u00fcrnberg daf\u00fcr das Gl\u00fcck strapazieren musste.<\/p>\n<p>Nach Wiederanpfiff gab es in beiden Fanbl\u00f6cken Pyrotechnik, sodass Schiedsrichter Felix Bickel das Spiel f\u00fcr 13 Minuten unterbrach. Magdeburg war spielbestimmend, verlagerte die Partie fast v\u00f6llig in die G\u00e4steh\u00e4lfte. <\/p>\n<p>Es brauchte aber einen Standard zum Tor: Zukowski reagiert bei Baris Atiks Freisto\u00df am besten und brachte den Ball artistisch im Tor unter (73.). Kurz darauf musste N\u00fcrnbergs Lubach mit der Gelb-Roten Karte vom Spielfeld. <\/p>\n<p>Mateusz Zukowski trifft in der Nachspielzeit erneut<\/p>\n<p>N\u00fcrnberg wurde trotz Unterzahl im R\u00fcckstand pr\u00e4senter, kam aber nicht zu Abschl\u00fcssen. Magdeburg blieb cool und erh\u00f6hte erst durch Zukowski <a class=\"is-link c-block-items__link is-external c-link--rich-text-renderer\" href=\"https:\/\/sportdaten.welt.de\/fussball\/1bundesliga\/spiele-und-ergebnisse\/\" target=\"_blank\" title=\"(Link wird in einem neuen Tab ge\u00f6ffnet)\" rel=\"nofollow noopener\" data-internal-tracking-enabled=\"true\" data-internal-tracking=\"{&quot;action&quot;:&quot;click&quot;,&quot;label&quot;:&quot;link&quot;,&quot;name&quot;:&quot;Inline Element&quot;,&quot;data&quot;:{&quot;source&quot;:&quot;&quot;,&quot;target&quot;:&quot;https:\/\/sportdaten.welt.de\/fussball\/1bundesliga\/spiele-und-ergebnisse\/&quot;,&quot;trackingName&quot;:&quot;&quot;,&quot;trackingLabel&quot;:&quot;&quot;}}\">auf 2:0 <\/a>(90.+6), ehe der eingewechselte Breunig alles klarmachte.<\/p>\n<p>jwo\/dpa<\/p>\n","protected":false},"excerpt":{"rendered":"Der 1. FC Magdeburg beendet seine Niederlagenserie gegen den 1. FC N\u00fcrnberg. Gegen die Franken profitiert der Klub&hellip;\n","protected":false},"author":2,"featured_media":612027,"comment_status":"","ping_status":"","sticky":false,"template":"","format":"standard","meta":{"footnotes":""},"categories":[1837],"tags":[7973,783,772,3364,29,347,30,99549,145435,3783,82100],"class_list":{"0":"post-612026","1":"post","2":"type-post","3":"status-publish","4":"format-standard","5":"has-post-thumbnail","7":"category-nuernberg","8":"tag-1-fc-magdeburg","9":"tag-1-fc-nuernberg","10":"tag-bayern","11":"tag-de","12":"tag-deutschland","13":"tag-fussball","14":"tag-germany","15":"tag-klose","16":"tag-miroslav","17":"tag-nuernberg","18":"tag-zweite-bundesliga-geo-d-ks"},"share_on_mastodon":{"url":"https:\/\/pubeurope.com\/@de\/115635616742099007","error":""},"_links":{"self":[{"href":"https:\/\/www.europesays.com\/de\/wp-json\/wp\/v2\/posts\/612026","targetHints":{"allow":["GET"]}}],"collection":[{"href":"https:\/\/www.europesays.com\/de\/wp-json\/wp\/v2\/posts"}],"about":[{"href":"https:\/\/www.europesays.com\/de\/wp-json\/wp\/v2\/types\/post"}],"author":[{"embeddable":true,"href":"https:\/\/www.europesays.com\/de\/wp-json\/wp\/v2\/users\/2"}],"replies":[{"embeddable":true,"href":"https:\/\/www.europesays.com\/de\/wp-json\/wp\/v2\/comments?post=612026"}],"version-history":[{"count":0,"href":"https:\/\/www.europesays.com\/de\/wp-json\/wp\/v2\/posts\/612026\/revisions"}],"wp:featuredmedia":[{"embeddable":true,"href":"https:\/\/www.europesays.com\/de\/wp-json\/wp\/v2\/media\/612027"}],"wp:attachment":[{"href":"https:\/\/www.europesays.com\/de\/wp-json\/wp\/v2\/media?parent=612026"}],"wp:term":[{"taxonomy":"category","embeddable":true,"href":"https:\/\/www.europesays.com\/de\/wp-json\/wp\/v2\/categories?post=612026"},{"taxonomy":"post_tag","embeddable":true,"href":"https:\/\/www.europesays.com\/de\/wp-json\/wp\/v2\/tags?post=612026"}],"curies":[{"name":"wp","href":"https:\/\/api.w.org\/{rel}","templated":true}]}}