{"id":612056,"date":"2025-11-29T23:52:15","date_gmt":"2025-11-29T23:52:15","guid":{"rendered":"https:\/\/www.europesays.com\/de\/612056\/"},"modified":"2025-11-29T23:52:15","modified_gmt":"2025-11-29T23:52:15","slug":"doppelhaushalt-2026-2027-millionen-kuerzungen-staatstheater-stuttgart-mobilisieren-den-protest","status":"publish","type":"post","link":"https:\/\/www.europesays.com\/de\/612056\/","title":{"rendered":"Doppelhaushalt 2026\/2027: Millionen-K\u00fcrzungen: Staatstheater Stuttgart mobilisieren den Protest"},"content":{"rendered":"<p>\t\t\t\t\t\t\t\t\t\t\t\t\t\t\t\t\t\t\t\t\t\t\t\t\t\t\t\t      \t\t            \t\t             \t\t\t\t   \t\t\t\t\t   <img decoding=\"async\" id=\"article-image\" fetchpriority=\"high\" alt=\"Doppelhaushalt 2026\/2027: Millionen-K\u00fcrzungen: Staatstheater Stuttgart mobilisieren den Protest\" title=\"Doppelhaushalt 2026\/2027: Millionen-K\u00fcrzungen: Staatstheater Stuttgart mobilisieren den Protest\" src=\"https:\/\/www.europesays.com\/de\/wp-content\/uploads\/2025\/11\/media.media.c8e2368c-ed3d-4405-ad97-87f1cc12dbbd.16x9_700.jpg\" data-linkto=\"https:\/\/www.stuttgarter-nachrichten.de\/javascript:void(0);\"\/>\t\t\t\t\t\t\t\t\t\t\t\t\t\t\t\t\t\t\t\t\t\t\t\tStuttgarts Ballettintendant Tamas Detrich engagiert sich gegen die Zuschuss-K\u00fcrzungen der Stadt Stuttgart\u00a0Foto: Lichtgut\/Julian Rettig\t\t\t<\/p>\n<p>Mehr als vier Millionen Euro Zuschuss will die Stadt Stuttgart 2026 und 2027 den Staatstheatern Stuttgart streichen. Da platzt selbst Ballettintendant Tamas Detrich der Kragen.<\/p>\n<p><a href=\"https:\/\/www.stuttgarter-nachrichten.de\/thema\/Tamas_Detrich\" title=\"Tamas Detrich\" class=\"art_thema\" rel=\"nofollow noopener\" target=\"_blank\">Tamas Detrich<\/a>, Intendant des <a href=\"https:\/\/www.stuttgarter-ballett.de\/\" target=\"_blank\" rel=\"nofollow noopener\">Stuttgarter Balletts<\/a>, gilt als ruhiger Typ, der sich kaum \u00f6ffentlich \u00e4u\u00dfert. Jetzt aber steht Detrich mit an der Spitze des Protests gegen die geplanten massiven K\u00fcrzungen der Stadt Stuttgart in der Kulturf\u00f6rderung. Bei der Generalprobe f\u00fcr den <a href=\"https:\/\/www.stuttgarter-ballett.de\/spielplan\/a-z\/der-nussknacker\/\" target=\"_blank\" rel=\"nofollow noopener\">Weihnachtsklassiker \u201eDer Nussknacker\u201c<\/a> am Freitagabend in Opernhaus kam <a href=\"https:\/\/www.stuttgarter-nachrichten.de\/inhalt.ballettintendant-tamas-detrich-in-diesem-studio-ist-der-geist-crankos-praesent.2a7c48e7-f62d-4edb-a98c-68c359dbf88e.html\" target=\"_blank\" rel=\"nofollow noopener\">Tamas Detrich<\/a> zur \u00dcberraschung des Publikums vor Beginn auf die B\u00fchne. Das Stuttgarter Ballett sei bedroht, sagte Detrich \u2013 und bat die Anwesenden um Unterst\u00fctzung. Wenige Stunden zuvor hatte die Staatstheater-Spitze ein Schreiben der Stadt erhalten. Darin wurden massive Einschnitte in die Kulturf\u00f6rderung angek\u00fcndigt. Diese Zeitung nennt seit Freitagabend die genaue H\u00f6he: 4,4 Millionen Euro (2026) und 4,6 Millionen Euro (2027) weniger will die Stadt in ihrer anteiligen 50 Prozent-Finanzierung an die Staatstheater \u00fcberweisen. Aus Sicht der Theaterschaffenden \u201eder Einstieg in eine rasante Abw\u00e4rtsspirale\u201c, wie am Samstag auf den G\u00e4ngen im Opernhaus immer wieder zu h\u00f6ren war. Es gehe um die Glaubw\u00fcrdigkeit des Bekenntnisses der Stadt Stuttgart zur Kulturf\u00f6rderung. <\/p>\n<p>  <img decoding=\"async\" loading=\"lazy\" src=\"https:\/\/www.europesays.com\/de\/wp-content\/uploads\/2025\/11\/media.media.61a77f40-c49f-497a-b15f-7c17b751fc5b.original1024.media.jpeg\"\/>     Die Staatstheater Stuttgart sammeln Unterschriften gegen die Zuschussk\u00fcrzungen der Stadt Stuttgart    Foto: Forstbauer    <\/p>\n<p>Auch bei der Wiederaufnahme von Edwards Clugs \u201eNussknacker\u201c blieb der Vorhang zun\u00e4chst zu. L<a href=\"https:\/\/www.stuttgarter-ballett.de\/compagnie\/lucy-van-cleef\/\" target=\"_blank\" rel=\"nofollow noopener\">ucy van Cleef<\/a>, seit der Spielzeit 2004\/25 Chefdramaturgin des Stuttgarter Balletts trat ins Scheinwerferlicht \u2013 und rief zum Protest auf. Van Cleef warb f\u00fcr eine <a href=\"https:\/\/www.stuttgarter-nachrichten.de\/thema\/Unterschriftenaktion\" title=\"Unterschriftenaktion\" class=\"art_thema\" rel=\"nofollow noopener\" target=\"_blank\">Unterschriftenaktion<\/a>. Und ihr freundliches \u201eWir m\u00f6chten Sie herzlich bitten, sich zu beteiligen und auch in ihrem Freundes- und Bekanntenkreis daf\u00fcr zu werben\u201c, sollte nicht t\u00e4uschen. Die von dieser Zeitung genannten Summen sorgen f\u00fcr h\u00f6chste Unruhe \u2013 umso mehr, als auch die f\u00fcr die anhaltend geplante Erweiterung und Sanierung des Staatstheater-Areals eingerichtete <a href=\"https:\/\/www.stuttgart.de\/organigramm\/beteilungsunternehmen\/prowst-projektgesellschaft-wuerttembergische-staatstheater-gmbh\" target=\"_blank\" rel=\"nofollow noopener\">Projektgesellschaft<\/a> nach Informationen dieser Zeitung deutliche Einschnitte signalisiert bekommen hat. <\/p>\n<p>Bei allen Vorstellungen von Staatsoper Stuttgart, Stuttgarter Ballett und Schauspiel Stuttgart liegen nun die Unterschriftenlisten aus \u2013 und am Samstagabend war auch erstmals in den aktuellen Spardebatten ein Aufhorchen des Publikums sp\u00fcrbar. In einem dieser Zeitung vorliegenden Brief an alle Mitarbeitenden der Staatstheater hei\u00dft es zum weiteren Vorgehen: \u201eDie gesammelten Unterschriften werden an die Vertreter der Stadt \u00fcbergeben, um unseren Protest gegen die geplanten K\u00fcrzungen im Kulturetat klar und geschlossen zu artikulieren.\u201c Bei einer Unterschriftenaktion d\u00fcrfte es indes kaum bleiben. Wenn Tamas Detrich warnend zum Mikrofon greift, kann man ahnen, wie gro\u00df die Anspannung bei den gemeinsam verantwortlichen Staatstheater-Intendanten Marc-Oliver Hendriks (Gesch\u00e4ftsf\u00fchrung), Viktor Schoner (Oper), Tamas Detrich (Ballett) und Burkhard Kosminski (Schauspiel) ist. Das Raunen auf den G\u00e4ngen galt denn auch nur einem Thema \u2013 der Rettung der Arbeitspl\u00e4tze. <\/p>\n","protected":false},"excerpt":{"rendered":"Stuttgarts Ballettintendant Tamas Detrich engagiert sich gegen die Zuschuss-K\u00fcrzungen der Stadt Stuttgart\u00a0Foto: Lichtgut\/Julian Rettig Mehr als vier Millionen&hellip;\n","protected":false},"author":2,"featured_media":612057,"comment_status":"","ping_status":"","sticky":false,"template":"","format":"standard","meta":{"footnotes":""},"categories":[1830],"tags":[1634,3364,29,8919,30,121570,80,145122,1441,145439,145440],"class_list":{"0":"post-612056","1":"post","2":"type-post","3":"status-publish","4":"format-standard","5":"has-post-thumbnail","7":"category-stuttgart","8":"tag-baden-wuerttemberg","9":"tag-de","10":"tag-deutschland","11":"tag-exklusiv","12":"tag-germany","13":"tag-haushalt-stuttgart","14":"tag-kultur","15":"tag-massive-kuerzungen","16":"tag-stuttgart","17":"tag-tamas-detrich","18":"tag-unterschriftenaktion"},"share_on_mastodon":{"url":"","error":""},"_links":{"self":[{"href":"https:\/\/www.europesays.com\/de\/wp-json\/wp\/v2\/posts\/612056","targetHints":{"allow":["GET"]}}],"collection":[{"href":"https:\/\/www.europesays.com\/de\/wp-json\/wp\/v2\/posts"}],"about":[{"href":"https:\/\/www.europesays.com\/de\/wp-json\/wp\/v2\/types\/post"}],"author":[{"embeddable":true,"href":"https:\/\/www.europesays.com\/de\/wp-json\/wp\/v2\/users\/2"}],"replies":[{"embeddable":true,"href":"https:\/\/www.europesays.com\/de\/wp-json\/wp\/v2\/comments?post=612056"}],"version-history":[{"count":0,"href":"https:\/\/www.europesays.com\/de\/wp-json\/wp\/v2\/posts\/612056\/revisions"}],"wp:featuredmedia":[{"embeddable":true,"href":"https:\/\/www.europesays.com\/de\/wp-json\/wp\/v2\/media\/612057"}],"wp:attachment":[{"href":"https:\/\/www.europesays.com\/de\/wp-json\/wp\/v2\/media?parent=612056"}],"wp:term":[{"taxonomy":"category","embeddable":true,"href":"https:\/\/www.europesays.com\/de\/wp-json\/wp\/v2\/categories?post=612056"},{"taxonomy":"post_tag","embeddable":true,"href":"https:\/\/www.europesays.com\/de\/wp-json\/wp\/v2\/tags?post=612056"}],"curies":[{"name":"wp","href":"https:\/\/api.w.org\/{rel}","templated":true}]}}