{"id":612109,"date":"2025-11-30T00:25:19","date_gmt":"2025-11-30T00:25:19","guid":{"rendered":"https:\/\/www.europesays.com\/de\/612109\/"},"modified":"2025-11-30T00:25:19","modified_gmt":"2025-11-30T00:25:19","slug":"hamburg-schleswig-holstein-nikola-bilyk-verlaesst-rekordmeister-thw-kiel","status":"publish","type":"post","link":"https:\/\/www.europesays.com\/de\/612109\/","title":{"rendered":"Hamburg &#038; Schleswig-Holstein: Nikola Bilyk verl\u00e4sst Rekordmeister THW Kiel"},"content":{"rendered":"<p>Hamburg &amp; Schleswig-HolsteinNikola Bilyk verl\u00e4sst Rekordmeister THW Kiel<img decoding=\"async\" class=\"Image_img__fQCi0 Image_Img_16_9__4BLfH\" loading=\"eager\" fetchpriority=\"high\" src=\"https:\/\/www.europesays.com\/de\/wp-content\/uploads\/2025\/11\/Nikola-Bilyk-wird-den-THW-Kiel-verlassen.webp.webp\" alt=\"Nikola-Bilyk-wird-den-THW-Kiel-verlassen\"\/>TeilenFolgen auf:<a href=\"https:\/\/www.whatsapp.com\/channel\/0029Va5cdVJD8SDp5YZgYF01\" title=\"Auf WhatsApp folgen\" target=\"_blank\" rel=\"nofollow noopener\"><img decoding=\"async\" src=\"https:\/\/www.n-tv.de\/socialIcons\/whatsapp.svg\" alt=\"whatsapp\" class=\"ArticleShare_icon__FsrC2\"\/><\/a><a href=\"https:\/\/news.google.com\/publications\/CAAiEPMdif5mpRNxiLOeUpHCwwsqFAgKIhDzHYn-ZqUTcYiznlKRwsML?hl=de&amp;gl=DE&amp;ceid=DE%3Ade\" title=\"Auf Google News folgen\" target=\"_blank\" rel=\"nofollow noopener\"><img decoding=\"async\" src=\"https:\/\/www.n-tv.de\/socialIcons\/google.svg\" alt=\"whatsapp\" class=\"ArticleShare_icon__FsrC2\"\/><\/a><\/p>\n<p class=\"Typography_text-m__XI0da Typography_weight-bold__uT6mq storyline_lead_text_leadtext__q_wg8\">Seit 2016 spielt Nikola Bilyk f\u00fcr die Kieler. Am Saisonende ist Schluss. Dann wechselt der \u00d6sterreicher zum HC Kriens-Luzern in die Schweiz.<\/p>\n<p class=\"Typography_text-default__P3otY Typography_weight-normal__pqUbH storyline_paragraph_p__qSR5N\">Kiel (dpa\/lno) &#8211; R\u00fcckraumspieler Nikola Bilyk verl\u00e4sst am Ende der laufenden Saison den Handball-Bundesligisten THW Kiel. Wie der Rekordmeister mitteilte, wechselt der \u00d6sterreicher zum HC Kriens-Luzern in die Schweiz.<\/p>\n<p class=\"Typography_text-default__P3otY Typography_weight-normal__pqUbH storyline_paragraph_p__qSR5N\">&#8222;Leider hatte er zuletzt viel mit Verletzungen zu k\u00e4mpfen, sodass er nicht mehr \u00fcber einen l\u00e4ngeren Zeitraum zeigen konnte, was in ihm steckt&#8220;, sagte THW-Gesch\u00e4ftsf\u00fchrer Viktor Szilagyi \u00fcber den 29-J\u00e4hrigen: &#8222;Deshalb haben wir uns entschieden, den Vertrag nicht zu verl\u00e4ngern.&#8220;<\/p>\n<p class=\"Typography_text-default__P3otY Typography_weight-normal__pqUbH storyline_paragraph_p__qSR5N\">Bilyk war 2016 von den Fivers Margareten aus der \u00f6sterreichischen Hauptstadt Wien nach Kiel gekommen. Mit dem THW gewann er unter anderem dreimal die deutsche Meisterschaft und einmal die Champions League.<\/p>\n<p class=\"Typography_text-s__wu_cm Typography_weight-normal__pqUbH Typography_color-darkgrey__sZEnP article-detail-footer_source__KslPc\">Quelle: dpa<\/p>\n","protected":false},"excerpt":{"rendered":"Hamburg &amp; Schleswig-HolsteinNikola Bilyk verl\u00e4sst Rekordmeister THW KielTeilenFolgen auf: Seit 2016 spielt Nikola Bilyk f\u00fcr die Kieler. Am&hellip;\n","protected":false},"author":2,"featured_media":612110,"comment_status":"","ping_status":"","sticky":false,"template":"","format":"standard","meta":{"footnotes":""},"categories":[1852],"tags":[3364,29,548,663,3934,30,13,4949,14,15,12,1971],"class_list":{"0":"post-612109","1":"post","2":"type-post","3":"status-publish","4":"format-standard","5":"has-post-thumbnail","7":"category-kiel","8":"tag-de","9":"tag-deutschland","10":"tag-eu","11":"tag-europa","12":"tag-europe","13":"tag-germany","14":"tag-headlines","15":"tag-kiel","16":"tag-nachrichten","17":"tag-news","18":"tag-schlagzeilen","19":"tag-schleswig-holstein"},"share_on_mastodon":{"url":"https:\/\/pubeurope.com\/@de\/115635810568165019","error":""},"_links":{"self":[{"href":"https:\/\/www.europesays.com\/de\/wp-json\/wp\/v2\/posts\/612109","targetHints":{"allow":["GET"]}}],"collection":[{"href":"https:\/\/www.europesays.com\/de\/wp-json\/wp\/v2\/posts"}],"about":[{"href":"https:\/\/www.europesays.com\/de\/wp-json\/wp\/v2\/types\/post"}],"author":[{"embeddable":true,"href":"https:\/\/www.europesays.com\/de\/wp-json\/wp\/v2\/users\/2"}],"replies":[{"embeddable":true,"href":"https:\/\/www.europesays.com\/de\/wp-json\/wp\/v2\/comments?post=612109"}],"version-history":[{"count":0,"href":"https:\/\/www.europesays.com\/de\/wp-json\/wp\/v2\/posts\/612109\/revisions"}],"wp:featuredmedia":[{"embeddable":true,"href":"https:\/\/www.europesays.com\/de\/wp-json\/wp\/v2\/media\/612110"}],"wp:attachment":[{"href":"https:\/\/www.europesays.com\/de\/wp-json\/wp\/v2\/media?parent=612109"}],"wp:term":[{"taxonomy":"category","embeddable":true,"href":"https:\/\/www.europesays.com\/de\/wp-json\/wp\/v2\/categories?post=612109"},{"taxonomy":"post_tag","embeddable":true,"href":"https:\/\/www.europesays.com\/de\/wp-json\/wp\/v2\/tags?post=612109"}],"curies":[{"name":"wp","href":"https:\/\/api.w.org\/{rel}","templated":true}]}}