{"id":612135,"date":"2025-11-30T00:41:11","date_gmt":"2025-11-30T00:41:11","guid":{"rendered":"https:\/\/www.europesays.com\/de\/612135\/"},"modified":"2025-11-30T00:41:11","modified_gmt":"2025-11-30T00:41:11","slug":"staedtetag-bittet-um-soforthilfe-radio-wuppertal","status":"publish","type":"post","link":"https:\/\/www.europesays.com\/de\/612135\/","title":{"rendered":"St\u00e4dtetag bittet um Soforthilfe &#8211; Radio Wuppertal"},"content":{"rendered":"<p>Berlin (dpa) &#8211; Die finanzielle Lage der Kommunen ist aus Sicht des Deutschen St\u00e4dtetags dramatisch. Pr\u00e4sident Burkhard Jung appelliert deshalb an Bund und L\u00e4nder, bei der Ministerpr\u00e4sidentenkonferenz an diesem Donnerstag eine finanzielle Soforthilfe f\u00fcr St\u00e4dte und Gemeinden zu beschlie\u00dfen.<\/p>\n<p>\u00abDie St\u00e4dte k\u00f6nnen nicht mehr. Die st\u00e4dtischen Haushalte kollabieren reihenweise, mittlerweile auch in den reicheren s\u00fcdlichen Bundesl\u00e4ndern\u00bb, sagte der Leipziger Oberb\u00fcrgermeister (SPD) der Funke-Mediengruppe. \u00abDie Kommunen brauchen daher eine finanzielle Soforthilfe von Bund und L\u00e4ndern, damit sie nicht fl\u00e4chendeckend in das Nothaushaltsrecht fallen.\u00bb<\/p>\n<p>Ohne Finanzspritze keine Zusch\u00fcsse f\u00fcr Stadtfest und Sportvereine<\/p>\n<p>Ansonsten k\u00f6nnten \u00abkeine Leistungen, die nicht gesetzlich oder vertraglich geschuldet sind, geleistet werden\u00bb, f\u00fchrte Jung aus. \u00abDas kann dann von der Sozialarbeit \u00fcber die Zusch\u00fcsse f\u00fcr Sportvereine bis zum Stadtfest reichen.\u00bb Die Menschen d\u00fcrften den Staat aber nicht nur noch als Mangelverwalter erleben.\u00a0<\/p>\n<p>Das Defizit der kommunalen Haushalte k\u00f6nnte nach Einsch\u00e4tzung Jungs in diesem Jahr \u00fcber 30 Milliarden Euro liegen. Die Kommunen leisteten etwa ein Viertel der gesamtstaatlichen Ausgaben, erhielten aber nur ein Siebtel der Steuereinnahmen.<\/p>\n","protected":false},"excerpt":{"rendered":"Berlin (dpa) &#8211; Die finanzielle Lage der Kommunen ist aus Sicht des Deutschen St\u00e4dtetags dramatisch. Pr\u00e4sident Burkhard Jung&hellip;\n","protected":false},"author":2,"featured_media":612136,"comment_status":"","ping_status":"","sticky":false,"template":"","format":"standard","meta":{"footnotes":""},"categories":[1840],"tags":[3364,29,1721,30,5027,1209,4418],"class_list":{"0":"post-612135","1":"post","2":"type-post","3":"status-publish","4":"format-standard","5":"has-post-thumbnail","7":"category-wuppertal","8":"tag-de","9":"tag-deutschland","10":"tag-finanzen","11":"tag-germany","12":"tag-kommune","13":"tag-nordrhein-westfalen","14":"tag-wuppertal"},"share_on_mastodon":{"url":"https:\/\/pubeurope.com\/@de\/115635872302822352","error":""},"_links":{"self":[{"href":"https:\/\/www.europesays.com\/de\/wp-json\/wp\/v2\/posts\/612135","targetHints":{"allow":["GET"]}}],"collection":[{"href":"https:\/\/www.europesays.com\/de\/wp-json\/wp\/v2\/posts"}],"about":[{"href":"https:\/\/www.europesays.com\/de\/wp-json\/wp\/v2\/types\/post"}],"author":[{"embeddable":true,"href":"https:\/\/www.europesays.com\/de\/wp-json\/wp\/v2\/users\/2"}],"replies":[{"embeddable":true,"href":"https:\/\/www.europesays.com\/de\/wp-json\/wp\/v2\/comments?post=612135"}],"version-history":[{"count":0,"href":"https:\/\/www.europesays.com\/de\/wp-json\/wp\/v2\/posts\/612135\/revisions"}],"wp:featuredmedia":[{"embeddable":true,"href":"https:\/\/www.europesays.com\/de\/wp-json\/wp\/v2\/media\/612136"}],"wp:attachment":[{"href":"https:\/\/www.europesays.com\/de\/wp-json\/wp\/v2\/media?parent=612135"}],"wp:term":[{"taxonomy":"category","embeddable":true,"href":"https:\/\/www.europesays.com\/de\/wp-json\/wp\/v2\/categories?post=612135"},{"taxonomy":"post_tag","embeddable":true,"href":"https:\/\/www.europesays.com\/de\/wp-json\/wp\/v2\/tags?post=612135"}],"curies":[{"name":"wp","href":"https:\/\/api.w.org\/{rel}","templated":true}]}}