{"id":612193,"date":"2025-11-30T01:14:12","date_gmt":"2025-11-30T01:14:12","guid":{"rendered":"https:\/\/www.europesays.com\/de\/612193\/"},"modified":"2025-11-30T01:14:12","modified_gmt":"2025-11-30T01:14:12","slug":"tourengeher-aus-stuttgart-in-alpen-geborgen-baden-wuerttemberg-2","status":"publish","type":"post","link":"https:\/\/www.europesays.com\/de\/612193\/","title":{"rendered":"Tourengeher aus Stuttgart in Alpen geborgen &#8211; Baden-W\u00fcrttemberg"},"content":{"rendered":"<p>Bezau (dpa\/lsw) &#8211; Ein erfahrener Tourengeher aus Stuttgart musste mit dem Hubschrauber gerettet werden. Wie die Polizei berichtete, kam der 58-J\u00e4hrige bei einer Skitour am Berlingersk\u00f6pfle im Kleinwalsertal vom geplanten Weg ab, k\u00f6nnte aber unverletzt im \u00f6sterreichischen Teil der Allg\u00e4uer Alpen geborgen worden.\u00a0<\/p>\n<p>Der Mann war allein mit guter Ausr\u00fcstung vom Parkplatz einer H\u00fctte aus zu einer Skitour mit geplanter Route aufgebrochen. Dann sei seine Brille beschlagen, er sei auf etwa<\/p>\n","protected":false},"excerpt":{"rendered":"Bezau (dpa\/lsw) &#8211; Ein erfahrener Tourengeher aus Stuttgart musste mit dem Hubschrauber gerettet werden. Wie die Polizei berichtete,&hellip;\n","protected":false},"author":2,"featured_media":612194,"comment_status":"","ping_status":"","sticky":false,"template":"","format":"standard","meta":{"footnotes":""},"categories":[1830],"tags":[7887,1634,3364,29,30,4823,4338,1433,5395,1441,7490],"class_list":{"0":"post-612193","1":"post","2":"type-post","3":"status-publish","4":"format-standard","5":"has-post-thumbnail","7":"category-stuttgart","8":"tag-alpen","9":"tag-baden-wuerttemberg","10":"tag-de","11":"tag-deutschland","12":"tag-germany","13":"tag-meldung","14":"tag-notfall","15":"tag-oesterreich","16":"tag-ski","17":"tag-stuttgart","18":"tag-vermischtes"},"share_on_mastodon":{"url":"https:\/\/pubeurope.com\/@de\/115636002384552969","error":""},"_links":{"self":[{"href":"https:\/\/www.europesays.com\/de\/wp-json\/wp\/v2\/posts\/612193","targetHints":{"allow":["GET"]}}],"collection":[{"href":"https:\/\/www.europesays.com\/de\/wp-json\/wp\/v2\/posts"}],"about":[{"href":"https:\/\/www.europesays.com\/de\/wp-json\/wp\/v2\/types\/post"}],"author":[{"embeddable":true,"href":"https:\/\/www.europesays.com\/de\/wp-json\/wp\/v2\/users\/2"}],"replies":[{"embeddable":true,"href":"https:\/\/www.europesays.com\/de\/wp-json\/wp\/v2\/comments?post=612193"}],"version-history":[{"count":0,"href":"https:\/\/www.europesays.com\/de\/wp-json\/wp\/v2\/posts\/612193\/revisions"}],"wp:featuredmedia":[{"embeddable":true,"href":"https:\/\/www.europesays.com\/de\/wp-json\/wp\/v2\/media\/612194"}],"wp:attachment":[{"href":"https:\/\/www.europesays.com\/de\/wp-json\/wp\/v2\/media?parent=612193"}],"wp:term":[{"taxonomy":"category","embeddable":true,"href":"https:\/\/www.europesays.com\/de\/wp-json\/wp\/v2\/categories?post=612193"},{"taxonomy":"post_tag","embeddable":true,"href":"https:\/\/www.europesays.com\/de\/wp-json\/wp\/v2\/tags?post=612193"}],"curies":[{"name":"wp","href":"https:\/\/api.w.org\/{rel}","templated":true}]}}