{"id":612275,"date":"2025-11-30T02:08:25","date_gmt":"2025-11-30T02:08:25","guid":{"rendered":"https:\/\/www.europesays.com\/de\/612275\/"},"modified":"2025-11-30T02:08:25","modified_gmt":"2025-11-30T02:08:25","slug":"trauer-um-den-wuppertaler-heinz-walter-mueller","status":"publish","type":"post","link":"https:\/\/www.europesays.com\/de\/612275\/","title":{"rendered":"Trauer um den Wuppertaler Heinz Walter M\u00fcller"},"content":{"rendered":"<p class=\"text_ohne_einzug richtext text-em-55 !leading-serif mx-6 desktop:mx-0\">Das Zupf-Ensemble Wuppertal 1919 trauert um seinen ehemaligen Vorsitzenden Heinz Walter M\u00fcller, der am 17. November nach langer Krankheit im Alter von 87 Jahren gestorben ist. Bereits als Jugendlicher zeigte M\u00fcller Interesse an der Musik. Er begann, im Chor zu singen, unter anderem in der Wuppertaler Kurrende und sp\u00e4ter im Bundesbahn M\u00e4nnerchor \u201eFl\u00fcgelrad\u201c. Nach der Konzertreise des Chores nach Montreux mit der damaligen Wuppertaler Mandolinen-Gesellschaft 1921\/22 (WMG) trat er 1978 in die WMG ein, verst\u00e4rkte damit die Gruppe der Gitarren und wurde bald zu ihrem Stimmf\u00fchrer. 1994 wurde er Vorsitzender der WMG.<\/p>\n","protected":false},"excerpt":{"rendered":"Das Zupf-Ensemble Wuppertal 1919 trauert um seinen ehemaligen Vorsitzenden Heinz Walter M\u00fcller, der am 17. November nach langer&hellip;\n","protected":false},"author":2,"featured_media":612276,"comment_status":"","ping_status":"","sticky":false,"template":"","format":"standard","meta":{"footnotes":""},"categories":[1840],"tags":[104423,8434,3364,29,44728,29137,30,27052,3248,1209,31257,45656,145461,4418,145460,145462],"class_list":{"0":"post-612275","1":"post","2":"type-post","3":"status-publish","4":"format-standard","5":"has-post-thumbnail","7":"category-wuppertal","8":"tag-104423","9":"tag-alter","10":"tag-de","11":"tag-deutschland","12":"tag-ehemaligen","13":"tag-ensemble","14":"tag-germany","15":"tag-heinz","16":"tag-mueller","17":"tag-nordrhein-westfalen","18":"tag-vorsitzenden","19":"tag-walter","20":"tag-wmg","21":"tag-wuppertal","22":"tag-zupf","23":"tag-zupforchester"},"share_on_mastodon":{"url":"https:\/\/pubeurope.com\/@de\/115636214469425116","error":""},"_links":{"self":[{"href":"https:\/\/www.europesays.com\/de\/wp-json\/wp\/v2\/posts\/612275","targetHints":{"allow":["GET"]}}],"collection":[{"href":"https:\/\/www.europesays.com\/de\/wp-json\/wp\/v2\/posts"}],"about":[{"href":"https:\/\/www.europesays.com\/de\/wp-json\/wp\/v2\/types\/post"}],"author":[{"embeddable":true,"href":"https:\/\/www.europesays.com\/de\/wp-json\/wp\/v2\/users\/2"}],"replies":[{"embeddable":true,"href":"https:\/\/www.europesays.com\/de\/wp-json\/wp\/v2\/comments?post=612275"}],"version-history":[{"count":0,"href":"https:\/\/www.europesays.com\/de\/wp-json\/wp\/v2\/posts\/612275\/revisions"}],"wp:featuredmedia":[{"embeddable":true,"href":"https:\/\/www.europesays.com\/de\/wp-json\/wp\/v2\/media\/612276"}],"wp:attachment":[{"href":"https:\/\/www.europesays.com\/de\/wp-json\/wp\/v2\/media?parent=612275"}],"wp:term":[{"taxonomy":"category","embeddable":true,"href":"https:\/\/www.europesays.com\/de\/wp-json\/wp\/v2\/categories?post=612275"},{"taxonomy":"post_tag","embeddable":true,"href":"https:\/\/www.europesays.com\/de\/wp-json\/wp\/v2\/tags?post=612275"}],"curies":[{"name":"wp","href":"https:\/\/api.w.org\/{rel}","templated":true}]}}