{"id":612354,"date":"2025-11-30T02:57:43","date_gmt":"2025-11-30T02:57:43","guid":{"rendered":"https:\/\/www.europesays.com\/de\/612354\/"},"modified":"2025-11-30T02:57:43","modified_gmt":"2025-11-30T02:57:43","slug":"konzert-in-berlin-setlist-im-ueberblick-5","status":"publish","type":"post","link":"https:\/\/www.europesays.com\/de\/612354\/","title":{"rendered":"Konzert in Berlin \u2013 Setlist im \u00dcberblick"},"content":{"rendered":"<ul class=\"[[data-group=summary]_&amp;]:my-0 my-10 [h3+&amp;]:mt-0 expressive-copy-lg\">\n<li>Am Abend tritt Kontra K in der Uber Arena in Berlin auf<\/li>\n<li>Das Konzert ist Abschluss einer vierfachen Show-Serie in der Hauptstadt<\/li>\n<li>Als Support ist die deutsche S\u00e4ngerin Anna Grey zu sehen<\/li>\n<\/ul>\n<p class=\"expressive-copy-lg-body\">Der Berliner Rapper Kontra K tritt Ende November gleich vier Mal in der <a href=\"https:\/\/www.morgenpost.de\/berlin\/uber-arena-berlin\/\" data-category-full-path=\"https:\/\/www.morgenpost.de\/berlin\/\" data-paid-status=\"free\" data-article-publish-date=\"1662233587\" rel=\"nofollow noopener\" target=\"_blank\">Uber Arena<\/a>  in <a href=\"https:\/\/www.morgenpost.de\/bezirke\/friedrichshain-kreuzberg\/\" target=\"_blank\" rel=\"nofollow noopener\">Friedrichshain<\/a> auf. Gibt es f\u00fcr die <a href=\"https:\/\/www.morgenpost.de\/kultur\/konzert\/\" data-category-full-path=\"https:\/\/www.morgenpost.de\/kultur\/\" data-paid-status=\"free\" data-article-publish-date=\"1631698663\" rel=\"nofollow noopener\" target=\"_blank\">Konzerte<\/a> noch Tickets? Wie ist der Zeitplan? Ein \u00dcberblick f\u00fcr alle Konzertbesucherinnen und -besucher.<\/p>\n<p class=\"expressive-copy-lg-body\">\u201eDer Rapper aus Berlin, der f\u00fcr Hits wie \u201aErfolg ist kein Gl\u00fcck\u2018 oder \u201aFollow\u2018 bekannt ist, ist eine feste Gr\u00f6\u00dfe des Deutschrap und bereits seit mehr als einem Jahrzehnt k\u00fcnstlerisch t\u00e4tig. Wir freuen uns sehr, ihn zum wiederholten Mal bei uns in der Arena zu begr\u00fc\u00dfen\u201c, werden die Shows angek\u00fcndigt.<\/p>\n<p>    <img decoding=\"async\" src=\"https:\/\/www.europesays.com\/de\/wp-content\/uploads\/2025\/11\/408709342_1743709009_v16_9_1200.jpeg\" class=\"block w-full object-cover relative z-10 aspect-[4\/3] \" alt=\"Zweimal Kontra K im Madame Tussauds Berlin: Rechts der echte Musiker, links die Nachbildung in schwarzer Brokat-Hose. \" title=\"Zweimal Kontra K im Madame Tussauds Berlin: Rechts der echte Musiker, links die Nachbildung in schwarzer Brokat-Hose. \" loading=\"lazy\"\/><\/p>\n<p class=\"expressive-copy-lg-body\">Tickets f\u00fcr die Konzerte von Kontra K sind in allen Kategorien noch verf\u00fcgbar. Die g\u00fcnstigste Karte gibt es f\u00fcr 74,50 Euro, der Premium-Sitzplatz kostet 129,50 Euro. Einen Stehplatz im Innenraum bekommt man f\u00fcr 89,50 Euro. Im Vorprogramm tritt die deutsche S\u00e4ngerin Anna Grey auf. <a href=\"https:\/\/www.morgenpost.de\/kultur\/article409967643\/anna-grey-rueckendeckung-der-musikindustrie-hatte-ich-nie.html\" data-category-full-path=\"https:\/\/www.morgenpost.de\/kultur\/\" data-paid-status=\"premium\" data-article-publish-date=\"1757918799\" rel=\"nofollow noopener\" target=\"_blank\">Unser Interview mit Anna Grey findet sich hier<\/a>.<\/p>\n<p>    <img decoding=\"async\" src=\"https:\/\/www.europesays.com\/de\/wp-content\/uploads\/2025\/11\/409967495_1757520101_v16_9_1200.jpeg\" class=\"block w-full object-cover relative z-10 aspect-[4\/3] md:aspect-[4\/3] lg:aspect-[4\/3] \" alt=\"Anna Grey\" title=\"Anna Grey tritt im Vorprogramm des Konzerts von Kontra K in Berlin auf.\" loading=\"lazy\"\/><\/p>\n<p>\n      Anna Grey tritt im Vorprogramm des Konzerts von Kontra K in Berlin auf.<br \/>\n      \u00a9 . | Anna Grey\n    <\/p>\n<tr>\n        VeranstaltungKontra K 2025 live in Berlin<br \/>\n      <\/tr>\n<tr class=\"border-t border-stroke-100 transition-all duration-100 hover:border-stroke-800 hover:text-copy-primary\">\n<td class=\"py-4 pr-4 last:pr-0\">Ort<\/td>\n<td class=\"py-4 pr-4 last:pr-0\">Uber Arena<\/td>\n<\/tr>\n<tr class=\"border-t border-stroke-100 transition-all duration-100 hover:border-stroke-800 hover:text-copy-primary\">\n<td class=\"py-4 pr-4 last:pr-0\">Termin<\/td>\n<td class=\"py-4 pr-4 last:pr-0\">Mo.\/Di.\/Mi.\/Do. (24.-27. November)<\/td>\n<\/tr>\n<tr class=\"border-t border-stroke-100 transition-all duration-100 hover:border-stroke-800 hover:text-copy-primary\">\n<td class=\"py-4 pr-4 last:pr-0\">Tickets<\/td>\n<td class=\"py-4 pr-4 last:pr-0\">verf\u00fcgbar<\/td>\n<\/tr>\n<tr class=\"border-t border-stroke-100 transition-all duration-100 hover:border-stroke-800 hover:text-copy-primary\">\n<td class=\"py-4 pr-4 last:pr-0\">Einlass<\/td>\n<td class=\"py-4 pr-4 last:pr-0\">16.30 Uhr<\/td>\n<\/tr>\n<tr class=\"border-t border-stroke-100 transition-all duration-100 hover:border-stroke-800 hover:text-copy-primary\">\n<td class=\"py-4 pr-4 last:pr-0\">Vorband\/Support<\/td>\n<td class=\"py-4 pr-4 last:pr-0\">Anna Grey<\/td>\n<\/tr>\n<p>  Kontra K 2025 in Berlin: Setlist im \u00dcberblick<\/p>\n<p class=\"expressive-copy-lg-body\">Welche Songs Kontra K bei seinen Shows in Berlin spielen wird, ist vorab nicht bekannt. Ein Blick in seine j\u00fcngere Tour-Statistik gibt aber Hinweise darauf, welche Klassiker und welche neuen Tracks bei seinen Konzerten eine Rolle spielen d\u00fcrften. Diese Songs spielte Kontra K Mitte November bei seinem Konzert in Hamburg.<\/p>\n<p>    <img decoding=\"async\" src=\"https:\/\/www.europesays.com\/de\/wp-content\/uploads\/2025\/11\/406680989_1763562244_v16_9_1200.jpeg\" class=\"block w-full object-cover relative z-10 aspect-[16\/9] md:aspect-[16\/9] lg:aspect-[16\/9] \" alt=\"Der Rapper Kontra K tritt Ende November in der Uber Arena in Berlin-Friedrichshain auf.\" title=\"Der Rapper Kontra K tritt Ende November in der Uber Arena in Berlin-Friedrichshain auf.\" loading=\"lazy\"\/><\/p>\n<p>\n      Der Rapper Kontra K tritt Ende November in der Uber Arena in Berlin-Friedrichshain auf.<br \/>\n      \u00a9 dpa | Daniel Vogl\n    <\/p>\n<ul class=\"[[data-group=summary]_&amp;]:my-0 my-10 [h3+&amp;]:mt-0 expressive-copy-lg\">\n<li>Die Besten Bleiben<\/li>\n<li>Letzte Tr\u00e4ne<\/li>\n<li>Power<\/li>\n<li>Warnung<\/li>\n<li>Blei<\/li>\n<li>Monster<\/li>\n<li>Weit weit weg<\/li>\n<li>Tollwut<\/li>\n<li>Kopf Gef*** (Intro)<\/li>\n<li>Nur f\u00fcr Dich<\/li>\n<li>Follow<\/li>\n<li>Tiefschwarz<\/li>\n<li>Das Gl\u00fcck<\/li>\n<li>Kampfgeist 6<\/li>\n<li>Boncuk<\/li>\n<li>Keine Helden<\/li>\n<li>Adrenalin<\/li>\n<li>Dreckig &amp; Gemein<\/li>\n<li>Summertime<\/li>\n<li>Bring mich nach Haus<\/li>\n<li>2 Meter tiefer<\/li>\n<li>Geboren um zu leben<\/li>\n<li>Erfolg ist kein Gl\u00fcck<\/li>\n<li>W\u00f6lfe<\/li>\n<\/ul>\n<p>    <img decoding=\"async\" src=\"https:\/\/www.europesays.com\/de\/wp-content\/uploads\/2025\/09\/409702497_1754649365_v16_9_1200.jpeg\" class=\"block w-full object-cover relative z-10 aspect-[4\/3] \" alt=\"Superstar Lady Gaga kommt im November nach Berlin.\" title=\"Superstar Lady Gaga kommt im November nach Berlin.\" loading=\"lazy\"\/><\/p>\n<p>  Uber Arena in Berlin: Wichtige Informationen zum Einlass<\/p>\n<p class=\"expressive-copy-lg-body\">In der Uber Arena sind Taschen und Rucks\u00e4cke verboten, wenn sie gr\u00f6\u00dfer als das DIN A4-Format (21,0 x 29,7 cm) sind. Dazu z\u00e4hlen auch Turn- oder Stoffbeutel sowie Plastikt\u00fcten.<\/p>\n<p class=\"expressive-copy-lg-body\">F\u00fcr gr\u00f6\u00dfere Taschen oder Rucks\u00e4cke, die unter dieses Verbot fallen, gibt es an der Arena begrenzte Aufbewahrungsm\u00f6glichkeiten f\u00fcr eine Geb\u00fchr von 6 Euro. Alternativ stehen Schlie\u00dff\u00e4cher am Ostbahnhof zur Verf\u00fcgung.<\/p>\n<p>   Der Wochenend-Newsletter der Berliner Morgenpost<\/p>\n<p class=\"text-body2 mt-2\">Bestellen Sie hier den w\u00f6chentlichen Newsletter mit Tipps zum Wochenende in Berlin<\/p>\n<p class=\"text-caption text-copy-secondary\">\n          Mit meiner Anmeldung zum Newsletter stimme ich der<br \/>\n          <a href=\"https:\/\/www.morgenpost.de\/service\/newsletter-adconsent\" class=\"text-overline text-copy-accent-negative dark:underline\" rel=\"nofollow noopener\" target=\"_blank\">Werbevereinbarung<\/a><br \/>\n          zu.\n        <\/p>\n<p class=\"expressive-copy-lg-body\">Besucherinnen und Besuchern wird empfohlen, fr\u00fchzeitig zur Arena zu kommen und die komplette Einlasszeit zu nutzen. Die genauen Zeiten f\u00fcr den Einlass sind auf der entsprechenden Eventseite zu finden.<\/p>\n<p rel=\"author\" class=\"text-brand\">bee<\/p>\n","protected":false},"excerpt":{"rendered":"Am Abend tritt Kontra K in der Uber Arena in Berlin auf Das Konzert ist Abschluss einer vierfachen&hellip;\n","protected":false},"author":2,"featured_media":612355,"comment_status":"","ping_status":"","sticky":false,"template":"","format":"standard","meta":{"footnotes":""},"categories":[1825],"tags":[1941,1939,296,1937,29,30,1940,1938],"class_list":{"0":"post-612354","1":"post","2":"type-post","3":"status-publish","4":"format-standard","5":"has-post-thumbnail","7":"category-berlin","8":"tag-aktuelle-nachrichten-aus-berlin","9":"tag-aktuelle-news-aus-berlin","10":"tag-berlin","11":"tag-berlin-news","12":"tag-deutschland","13":"tag-germany","14":"tag-nachrichten-aus-berlin","15":"tag-news-aus-berlin"},"share_on_mastodon":{"url":"https:\/\/pubeurope.com\/@de\/115636407954088082","error":""},"_links":{"self":[{"href":"https:\/\/www.europesays.com\/de\/wp-json\/wp\/v2\/posts\/612354","targetHints":{"allow":["GET"]}}],"collection":[{"href":"https:\/\/www.europesays.com\/de\/wp-json\/wp\/v2\/posts"}],"about":[{"href":"https:\/\/www.europesays.com\/de\/wp-json\/wp\/v2\/types\/post"}],"author":[{"embeddable":true,"href":"https:\/\/www.europesays.com\/de\/wp-json\/wp\/v2\/users\/2"}],"replies":[{"embeddable":true,"href":"https:\/\/www.europesays.com\/de\/wp-json\/wp\/v2\/comments?post=612354"}],"version-history":[{"count":0,"href":"https:\/\/www.europesays.com\/de\/wp-json\/wp\/v2\/posts\/612354\/revisions"}],"wp:featuredmedia":[{"embeddable":true,"href":"https:\/\/www.europesays.com\/de\/wp-json\/wp\/v2\/media\/612355"}],"wp:attachment":[{"href":"https:\/\/www.europesays.com\/de\/wp-json\/wp\/v2\/media?parent=612354"}],"wp:term":[{"taxonomy":"category","embeddable":true,"href":"https:\/\/www.europesays.com\/de\/wp-json\/wp\/v2\/categories?post=612354"},{"taxonomy":"post_tag","embeddable":true,"href":"https:\/\/www.europesays.com\/de\/wp-json\/wp\/v2\/tags?post=612354"}],"curies":[{"name":"wp","href":"https:\/\/api.w.org\/{rel}","templated":true}]}}