{"id":612454,"date":"2025-11-30T04:04:11","date_gmt":"2025-11-30T04:04:11","guid":{"rendered":"https:\/\/www.europesays.com\/de\/612454\/"},"modified":"2025-11-30T04:04:11","modified_gmt":"2025-11-30T04:04:11","slug":"bremer-weihnachtsmarkt-oeffnungszeiten-tipps-parksituation","status":"publish","type":"post","link":"https:\/\/www.europesays.com\/de\/612454\/","title":{"rendered":"Bremer Weihnachtsmarkt: \u00d6ffnungszeiten, Tipps, Parksituation"},"content":{"rendered":"<p>&#13;<br \/>\n            <strong>Weihnachtsmarkt in Bremen &#8211; Das sind die \u00d6ffnungszeiten:<\/strong>&#13;\n          <\/p>\n<p>Der Bremer Weihnachtsmarkt findet vom Montag, 24. November, bis Dienstag, 23. Dezember, statt. Ge\u00f6ffnet ist sonntags bis donnerstags von 11 bis 20.30 Uhr und freitags sowie samstags von 11 bis 21.30 Uhr. Unter der Woche sind die Besuchszeiten besonders angenehm, um den Markt in Ruhe zu erkunden.<\/p>\n<p>&#13;<br \/>\n            <strong>Eintrittspreise:<\/strong>&#13;\n          <\/p>\n<p>Der Eintritt ist frei.<\/p>\n<p>&#13;<br \/>\n            <strong>Programm 2025:<\/strong>&#13;\n          <\/p>\n<p>Rund um das historische Rathaus, den Roland und die Stadtmusikanten \u2013 alles UNESCO-Welterbe \u2013 laden \u00fcber 170 festlich geschm\u00fcckte St\u00e4nde zum Bummeln, Genie\u00dfen und St\u00f6bern ein. Besucher erwarten Kunsthandwerk, Bremer Spezialit\u00e4ten und nachhaltige Geschenkideen. Zus\u00e4tzlich sorgen weihnachtliche F\u00fchrungen, Stelzenl\u00e4ufer und ein Kinderkarussell f\u00fcr ein abwechslungsreiches Programm.<\/p>\n<p>Die historische Kulisse des Marktplatzes, die geschm\u00fcckten Buden und die stimmungsvolle Beleuchtung schaffen eine besondere Adventsatmosph\u00e4re. \u00dcberall liegt der Duft von gebrannten Mandeln, Lebkuchen und Gl\u00fchwein in der Luft. Ein beleuchteter Rundweg f\u00fchrt vom Markt entlang der Weser zur Schlachte-Promenade, wo der Schlachte-Zauber mit winterlichem, maritimem Flair auf die Besucher wartet.<\/p>\n<p>&#13;<br \/>\n            <strong>Anfahrt und Parken in Bremen:<\/strong>&#13;\n          <\/p>\n<p>Der Bremer Weihnachtsmarkt liegt zentral in der Innenstadt und ist leicht erreichbar: Haltestellen am Brill, an der Domsheide, Obernstra\u00dfe oder am Sch\u00fcsselkorb liegen direkt in der N\u00e4he. Wer mit dem Auto kommt, findet Parkm\u00f6glichkeiten in den Innenstadt-Parkh\u00e4usern oder an den Park-and-Ride-Pl\u00e4tzen. Auch der Bremer Hauptbahnhof liegt nur wenige Minuten entfernt. Mehr Infos finden Sie <a href=\"https:\/\/www.bremen.de\/tourismus\/kultur\/weihnachtsmarkt-und-schlachte-zauber\" target=\"_blank\" rel=\"noopener\" title=\"\">hier<\/a>.<\/p>\n","protected":false},"excerpt":{"rendered":"&#13; Weihnachtsmarkt in Bremen &#8211; Das sind die \u00d6ffnungszeiten:&#13; Der Bremer Weihnachtsmarkt findet vom Montag, 24. November, bis&hellip;\n","protected":false},"author":2,"featured_media":612455,"comment_status":"","ping_status":"","sticky":false,"template":"","format":"standard","meta":{"footnotes":""},"categories":[1824],"tags":[131210,2420,3364,29,30,79594,12289,140575],"class_list":{"0":"post-612454","1":"post","2":"type-post","3":"status-publish","4":"format-standard","5":"has-post-thumbnail","7":"category-bremen","8":"tag-weihnachtsmrkte","9":"tag-bremen","10":"tag-de","11":"tag-deutschland","12":"tag-germany","13":"tag-unesco-welterbe","14":"tag-weihnachten","15":"tag-weihnachten-2025"},"share_on_mastodon":{"url":"https:\/\/pubeurope.com\/@de\/115636670521351704","error":""},"_links":{"self":[{"href":"https:\/\/www.europesays.com\/de\/wp-json\/wp\/v2\/posts\/612454","targetHints":{"allow":["GET"]}}],"collection":[{"href":"https:\/\/www.europesays.com\/de\/wp-json\/wp\/v2\/posts"}],"about":[{"href":"https:\/\/www.europesays.com\/de\/wp-json\/wp\/v2\/types\/post"}],"author":[{"embeddable":true,"href":"https:\/\/www.europesays.com\/de\/wp-json\/wp\/v2\/users\/2"}],"replies":[{"embeddable":true,"href":"https:\/\/www.europesays.com\/de\/wp-json\/wp\/v2\/comments?post=612454"}],"version-history":[{"count":0,"href":"https:\/\/www.europesays.com\/de\/wp-json\/wp\/v2\/posts\/612454\/revisions"}],"wp:featuredmedia":[{"embeddable":true,"href":"https:\/\/www.europesays.com\/de\/wp-json\/wp\/v2\/media\/612455"}],"wp:attachment":[{"href":"https:\/\/www.europesays.com\/de\/wp-json\/wp\/v2\/media?parent=612454"}],"wp:term":[{"taxonomy":"category","embeddable":true,"href":"https:\/\/www.europesays.com\/de\/wp-json\/wp\/v2\/categories?post=612454"},{"taxonomy":"post_tag","embeddable":true,"href":"https:\/\/www.europesays.com\/de\/wp-json\/wp\/v2\/tags?post=612454"}],"curies":[{"name":"wp","href":"https:\/\/api.w.org\/{rel}","templated":true}]}}