{"id":612471,"date":"2025-11-30T04:15:20","date_gmt":"2025-11-30T04:15:20","guid":{"rendered":"https:\/\/www.europesays.com\/de\/612471\/"},"modified":"2025-11-30T04:15:20","modified_gmt":"2025-11-30T04:15:20","slug":"zwischen-plochingen-und-stuttgart-polizei-am-bahnhof-esslingen-im-einsatz-s-bahn-linie-s1-steht-kurzzeitig-still","status":"publish","type":"post","link":"https:\/\/www.europesays.com\/de\/612471\/","title":{"rendered":"Zwischen Plochingen und Stuttgart: Polizei am Bahnhof Esslingen im Einsatz \u2013 S-Bahn-Linie S1 steht kurzzeitig still"},"content":{"rendered":"<p>\t\t\t\t\t\t\t\t\t\t\t\t\t\t\t\t\t\t\t\t\t\t\t\t\t\t\t\t      \t\t            \t\t             \t\t\t\t   \t\t\t\t\t   <img decoding=\"async\" id=\"article-image\" fetchpriority=\"high\" alt=\"Zwischen Plochingen und Stuttgart: Polizei am Bahnhof Esslingen im Einsatz \u2013 S-Bahn-Linie S1 steht kurzzeitig still\" title=\"Zwischen Plochingen und Stuttgart: Polizei am Bahnhof Esslingen im Einsatz \u2013 S-Bahn-Linie S1 steht kurzzeitig still\" src=\"https:\/\/www.europesays.com\/de\/wp-content\/uploads\/2025\/11\/media.media.62409d7f-c0c2-4dfd-9b9f-72d87e7cb425.16x9_700.jpg\" data-linkto=\"https:\/\/www.stuttgarter-nachrichten.de\/javascript:void(0);\"\/>\t\t\t\t\t\t\t\t\t\t\t\t\t\t\t\t\t\t\t\t\t\t\t\tReisende, di mit der S-Bahn unterwegs waren, brauchten am Samstagabend rund um Esslingen Geduld. (Symbolfoto)\u00a0Foto: imago images\/Arnulf Hettrich\t\t\t<\/p>\n<p>Am Samstagabend muss die Polizei zu einem Einsatz am Esslinger Bahnhof ausr\u00fccken. Zwischen Plochingen und Bad Cannstatt stand die Linie S1 kurzzeitig still.<\/p>\n<p>Wegen eines Polizeieinsatzes im Bereich der Gleise am Bahnhof <a href=\"https:\/\/www.stuttgarter-nachrichten.de\/thema\/Esslingen\" title=\"Esslingen\" class=\"art_thema\" rel=\"nofollow noopener\" target=\"_blank\">Esslingen<\/a> mussten am Samstagabend S-Bahnen der Linie S1 kurzfristig stoppen. Wie ein Sprecher der <a href=\"https:\/\/www.stuttgarter-nachrichten.de\/thema\/Polizei\" title=\"Polizei\" class=\"art_thema\" rel=\"nofollow noopener\" target=\"_blank\">Polizei<\/a> unserer Redaktion auf Nachfrage sagt, habe die <a href=\"https:\/\/www.stuttgarter-nachrichten.de\/thema\/Bundespolizei\" title=\"Bundespolizei\" class=\"art_thema\" rel=\"nofollow noopener\" target=\"_blank\">Bundespolizei<\/a> den Bahnverkehr kurzzeitig gesperrt, weil Personen kontrolliert werden sollten. <\/p>\n<p>Diese h\u00e4tten sich dann auch in der Umgebung der Gleise aufgehalten. Bis die Ma\u00dfnahmen durchgef\u00fchrt worden waren, kam es daher auf der Linie S1 zwischen Plochingen und Bad Cannstatt zu Versp\u00e4tungen und Ausf\u00e4llen. <\/p>\n<p>Die <a href=\"https:\/\/www.stuttgarter-nachrichten.de\/thema\/S-Bahn_Stuttgart\" title=\"S-Bahn Stuttgart\" class=\"art_thema\" rel=\"nofollow noopener\" target=\"_blank\">S-Bahn Stuttgart<\/a> hatte zudem \u00fcber den Nachrichtendienst X \u00fcber die <a href=\"https:\/\/www.stuttgarter-nachrichten.de\/thema\/Sperrung\" title=\"Sperrung\" class=\"art_thema\" rel=\"nofollow noopener\" target=\"_blank\">Sperrung<\/a> berichtet. Nach Angaben der Polizei konnte der Verkehr aber nach kurzer Zeit wieder frei gegeben werden. <\/p>\n","protected":false},"excerpt":{"rendered":"Reisende, di mit der S-Bahn unterwegs waren, brauchten am Samstagabend rund um Esslingen Geduld. (Symbolfoto)\u00a0Foto: imago images\/Arnulf Hettrich&hellip;\n","protected":false},"author":2,"featured_media":611913,"comment_status":"","ping_status":"","sticky":false,"template":"","format":"standard","meta":{"footnotes":"","_share_on_mastodon":"0"},"categories":[1830],"tags":[1634,421,3364,29,3439,30,11532,3438,121,5721,17768,2224,1441],"class_list":["post-612471","post","type-post","status-publish","format-standard","has-post-thumbnail","category-stuttgart","tag-baden-wuerttemberg","tag-bundespolizei","tag-de","tag-deutschland","tag-esslingen","tag-germany","tag-kontrolle","tag-landkreis-esslingen","tag-polizei","tag-s-bahn-stuttgart","tag-s1","tag-sperrung","tag-stuttgart"],"share_on_mastodon":{"url":"https:\/\/pubeurope.com\/@de\/115636714487672204","error":""},"_links":{"self":[{"href":"https:\/\/www.europesays.com\/de\/wp-json\/wp\/v2\/posts\/612471","targetHints":{"allow":["GET"]}}],"collection":[{"href":"https:\/\/www.europesays.com\/de\/wp-json\/wp\/v2\/posts"}],"about":[{"href":"https:\/\/www.europesays.com\/de\/wp-json\/wp\/v2\/types\/post"}],"author":[{"embeddable":true,"href":"https:\/\/www.europesays.com\/de\/wp-json\/wp\/v2\/users\/2"}],"replies":[{"embeddable":true,"href":"https:\/\/www.europesays.com\/de\/wp-json\/wp\/v2\/comments?post=612471"}],"version-history":[{"count":0,"href":"https:\/\/www.europesays.com\/de\/wp-json\/wp\/v2\/posts\/612471\/revisions"}],"wp:featuredmedia":[{"embeddable":true,"href":"https:\/\/www.europesays.com\/de\/wp-json\/wp\/v2\/media\/611913"}],"wp:attachment":[{"href":"https:\/\/www.europesays.com\/de\/wp-json\/wp\/v2\/media?parent=612471"}],"wp:term":[{"taxonomy":"category","embeddable":true,"href":"https:\/\/www.europesays.com\/de\/wp-json\/wp\/v2\/categories?post=612471"},{"taxonomy":"post_tag","embeddable":true,"href":"https:\/\/www.europesays.com\/de\/wp-json\/wp\/v2\/tags?post=612471"}],"curies":[{"name":"wp","href":"https:\/\/api.w.org\/{rel}","templated":true}]}}