{"id":612511,"date":"2025-11-30T04:41:09","date_gmt":"2025-11-30T04:41:09","guid":{"rendered":"https:\/\/www.europesays.com\/de\/612511\/"},"modified":"2025-11-30T04:41:09","modified_gmt":"2025-11-30T04:41:09","slug":"mediamarkt-hat-samsung-galaxy-s25-ultra-gerade-im-angebot","status":"publish","type":"post","link":"https:\/\/www.europesays.com\/de\/612511\/","title":{"rendered":"MediaMarkt hat Samsung Galaxy S25 Ultra gerade im Angebot"},"content":{"rendered":"<p>Bei MediaMarkt und Saturn l\u00e4uft die Sparaktion des Jahres. Hunderte Artikel sind Montag (1.12.) g\u00fcnstig: Samsung Galaxy A56, S25 Ultra, Airpods, Fernseher.<\/p>\n<p>MediaMarkt\/Saturn \u2013 <b>Das ist die <\/b><a href=\"https:\/\/www.mediamarkt.de\/de\/campaign\/blackfriday?utm_source=TAG24&amp;utm_medium=NativeAd&amp;utm_campaign=AdTAG24\" target=\"_blank\" rel=\"noopener sponsored\" data-vars-href=\"https:\/\/www.mediamarkt.de\/de\/campaign\/blackfriday?utm_source=TAG24&amp;utm_medium=NativeAd&amp;utm_campaign=AdTAG24\" data-vars-identifier=\"1764097068553\" data-vars->Sparaktion des Jahres<\/a><b>! Am Montag (1.12.) sind bei <\/b><a href=\"https:\/\/www.mediamarkt.de?utm_source=TAG24&amp;utm_medium=NativeAd&amp;utm_campaign=AdTAG24\" target=\"_blank\" rel=\"noopener sponsored\" data-vars-href=\"https:\/\/www.mediamarkt.de?utm_source=TAG24&amp;utm_medium=NativeAd&amp;utm_campaign=AdTAG24\" data-vars-identifier=\"1727275608931\" data-vars->MediaMarkt<\/a><b> und <\/b><a href=\"https:\/\/www.saturn.de\/?utm_source=TAG24&amp;utm_medium=NativeAd&amp;utm_campaign=AdTAG24\" target=\"_blank\" rel=\"noopener sponsored\" data-vars-href=\"https:\/\/www.saturn.de\/?utm_source=TAG24&amp;utm_medium=NativeAd&amp;utm_campaign=AdTAG24\" data-vars-identifier=\"1727275608933\" data-vars->Saturn<\/a><b> im Rhein-Main-Saar-Gebiet hunderte Ger\u00e4te so g\u00fcnstig wie nie. <\/b><\/p>\n<p>Darunter <a href=\"https:\/\/www.mediamarkt.de\/de\/product\/_samsung-galaxy-a56-5g-256-gb-awesome-graphite-dual-sim-2980044.html?utm_source=TAG24&amp;utm_medium=NativeAd&amp;utm_campaign=AdTAG24\" target=\"_blank\" rel=\"noopener sponsored\" data-vars-href=\"https:\/\/www.mediamarkt.de\/de\/product\/_samsung-galaxy-a56-5g-256-gb-awesome-graphite-dual-sim-2980044.html?utm_source=TAG24&amp;utm_medium=NativeAd&amp;utm_campaign=AdTAG24\" data-vars-identifier=\"1764091714148\" data-vars->Samsung Galaxy A56<\/a> f\u00fcr <b>315 statt 529 Euro<\/b>, <a href=\"https:\/\/www.saturn.de\/de\/product\/_apple-airpods-4-mit-aktiver-gerauschunterdruckung-in-ear-kopfhorer-bluetooth-weiss-2954282.html?utm_source=TAG24&amp;utm_medium=NativeAd&amp;utm_campaign=AdTAG24\" target=\"_blank\" rel=\"noopener sponsored\" data-vars-identifier=\"1764091724474\" data-vars-href=\"https:\/\/www.saturn.de\/de\/product\/_apple-airpods-4-mit-aktiver-gerauschunterdruckung-in-ear-kopfhorer-bluetooth-weiss-2954282.html?utm_source=TAG24&amp;utm_medium=NativeAd&amp;utm_campaign=AdTAG24\" data-vars->Apple AirPods 4<\/a> f\u00fcr <b>139 statt 199 Euro<\/b> und <a href=\"https:\/\/www.mediamarkt.de\/de\/product\/_lg-oled55g56ls-oled-evo-tv-flat-55-zoll-139-cm-qled-4k-smart-tv-3005561.html?utm_source=TAG24&amp;utm_medium=NativeAd&amp;utm_campaign=AdTAG24\" target=\"_blank\" rel=\"noopener sponsored\" data-vars-href=\"https:\/\/www.mediamarkt.de\/de\/product\/_lg-oled55g56ls-oled-evo-tv-flat-55-zoll-139-cm-qled-4k-smart-tv-3005561.html?utm_source=TAG24&amp;utm_medium=NativeAd&amp;utm_campaign=AdTAG24\" data-vars-identifier=\"1764091772878\" data-vars->55-Zoll LG-Fernseher <\/a>f\u00fcr <b>1.199 statt 2.799 Euro<\/b>.<\/p>\n<p>Passend zum anstehenden Weihnachtsfest gibt&#8217;s auch Konsolen zum Sonderpreis, wie die <a href=\"https:\/\/www.saturn.de\/de\/product\/_sony-playstationr5-digital-edition-slim-825-gb-3012188.html?utm_source=TAG24&amp;utm_medium=NativeAd&amp;utm_campaign=AdTAG24\" target=\"_blank\" rel=\"noopener sponsored\" data-vars-href=\"https:\/\/www.saturn.de\/de\/product\/_sony-playstationr5-digital-edition-slim-825-gb-3012188.html?utm_source=TAG24&amp;utm_medium=NativeAd&amp;utm_campaign=AdTAG24\" data-vars-identifier=\"1764091837952\" data-vars->Sony PlayStation 5 Slim<\/a> f\u00fcr<b> 349 Euro <\/b>oder die <a href=\"https:\/\/www.mediamarkt.de\/de\/product\/_nintendo-switch-2-mario-kart-world-2989499.html?utm_source=TAG24&amp;utm_medium=NativeAd&amp;utm_campaign=AdTAG24\" target=\"_blank\" rel=\"noopener sponsored\" data-vars-href=\"https:\/\/www.mediamarkt.de\/de\/product\/_nintendo-switch-2-mario-kart-world-2989499.html?utm_source=TAG24&amp;utm_medium=NativeAd&amp;utm_campaign=AdTAG24\" data-vars-identifier=\"1764091869404\" data-vars->Nintendo Switch 2 <\/a>im Set f\u00fcr <b>489 Euro<\/b>.<\/p>\n<p><b>Wir haben alle Infos zur Aktion:<\/b><\/p>\n<p>    Angebote am Montag (1.12.) bei MediaMarkt und Saturn<\/p>\n<p>            <a href=\"https:\/\/www.mediamarkt.de\/de\/campaign\/blackfriday?utm_source=TAG24&amp;utm_medium=NativeAd&amp;utm_campaign=AdTAG24\" target=\"_blank\" data-vars-identifier=\"1727278665665\" rel=\"nofollow noopener sponsored\" data-vars-href=\"https:\/\/www.mediamarkt.de\/de\/campaign\/blackfriday?utm_source=TAG24&amp;utm_medium=NativeAd&amp;utm_campaign=AdTAG24\" data-vars-><br \/>\n            <img loading=\"lazy\" decoding=\"async\" class=\"article__img\" alt=\"Am Montag (1.12.) bekommt Ihr bei MediaMarkt und Saturn Technik so g\u00fcnstig wie nie!\" width=\"951\" height=\"634\" src=\"https:\/\/www.europesays.com\/de\/wp-content\/uploads\/2025\/11\/b1gtkcgcr97nixrdp4lwfhgqxxx1m8uv.jpg\"  \/><\/p>\n<p>            Am Montag (1.12.) bekommt Ihr bei MediaMarkt und Saturn Technik so g\u00fcnstig wie nie!\u00a0\u00a0\u00a9\u00a0MediaMarkt \/ Saturn<\/p>\n<p>            <\/a><\/p>\n<p>Egal, ob Smartphones, Fernseher, Haushaltsger\u00e4te, Saugroboter oder andere Ger\u00e4te, bei <a href=\"https:\/\/www.mediamarkt.de\/?utm_source=TAG24&amp;utm_medium=NativeAd&amp;utm_campaign=AdTAG24\" target=\"_blank\" rel=\"noopener sponsored\" data-vars-identifier=\"1764097085164\" data-vars-href=\"https:\/\/www.mediamarkt.de\/?utm_source=TAG24&amp;utm_medium=NativeAd&amp;utm_campaign=AdTAG24\" data-vars->MediaMarkt<\/a> und<b> <\/b><a href=\"https:\/\/www.saturn.de\/?utm_source=TAG24&amp;utm_medium=NativeAd&amp;utm_campaign=AdTAG24\" target=\"_blank\" rel=\"noopener sponsored\" data-vars-identifier=\"1764097085166\" data-vars-href=\"https:\/\/www.saturn.de\/?utm_source=TAG24&amp;utm_medium=NativeAd&amp;utm_campaign=AdTAG24\" data-vars->Saturn<\/a> (Liste siehe unten) sind hunderte Artikel bis Montag (1.12.) massiv im Preis gesenkt.<\/p>\n<p><b>Gegen\u00fcber der UVP spart Ihr auf viele Ger\u00e4te bis zu 70 Prozent!<\/b><\/p>\n<p>Und das Beste: Dank des verl\u00e4ngerten Umtauschrechts kann der Einkauf ganz ohne Risiko bis einschlie\u00dflich 31. Dezember zur\u00fcckgegeben werden\u2074. Sollte ein Weihnachtsgeschenk also nicht den Erwartungen entsprechen, ist ein unkomplizierter Umtausch problemlos m\u00f6glich.<\/p>\n<p>F\u00fcr Kunden im kostenlosen <a href=\"https:\/\/www.mediamarkt.de\/de\/myaccount\/loyalty-benefits?utm_source=TAG24&amp;utm_medium=NativeAd&amp;utm_campaign=AdTAG24\" target=\"_blank\" rel=\"noopener sponsored\" data-vars-href=\"https:\/\/www.mediamarkt.de\/de\/myaccount\/loyalty-benefits?utm_source=TAG24&amp;utm_medium=NativeAd&amp;utm_campaign=AdTAG24\" data-vars-identifier=\"1764242041589\" data-vars->myMediaMarkt<\/a>&#8211; oder <a href=\"https:\/\/www.saturn.de\/de\/myaccount\/loyalty-benefits?utm_source=TAG24&amp;utm_medium=NativeAd&amp;utm_campaign=AdTAG24\" target=\"_blank\" rel=\"noopener sponsored\" data-vars-href=\"https:\/\/www.saturn.de\/de\/myaccount\/loyalty-benefits?utm_source=TAG24&amp;utm_medium=NativeAd&amp;utm_campaign=AdTAG24\" data-vars-identifier=\"1764242052667\" data-vars->mySaturn<\/a>-Programm warten zus\u00e4tzliche Vorteile. So wird pro Einkauf die dreifache Punktzahl auf dem jeweiligen Kundenkonto gutgeschrieben\u1d56.<\/p>\n<p><b>Wir zeigen elf starke Sonderangebote.<\/b><\/p>\n<p>    Samsung Galaxy A56 f\u00fcr 315 statt 529 Euro<\/p>\n<p>            <a href=\"https:\/\/www.mediamarkt.de\/de\/product\/_samsung-galaxy-a56-5g-256-gb-awesome-graphite-dual-sim-2980044.html?utm_source=TAG24&amp;utm_medium=NativeAd&amp;utm_campaign=AdTAG24\" target=\"_blank\" data-vars-identifier=\"1764079468042\" rel=\"nofollow noopener sponsored\" data-vars-href=\"https:\/\/www.mediamarkt.de\/de\/product\/_samsung-galaxy-a56-5g-256-gb-awesome-graphite-dual-sim-2980044.html?utm_source=TAG24&amp;utm_medium=NativeAd&amp;utm_campaign=AdTAG24\" data-vars-><br \/>\n            <img decoding=\"async\" class=\"article__img\" alt=\"Samsung Galaxy A56 f\u00fcr 315 statt 529 Euro.\" width=\"951\" height=\"634\" loading=\"lazy\" src=\"https:\/\/www.europesays.com\/de\/wp-content\/uploads\/2025\/11\/30zwafhxhvr0h9evok0yinqvfyizyf0v.jpg\"  \/><\/p>\n<p>            Samsung Galaxy A56 f\u00fcr 315 statt 529 Euro.\u00a0\u00a0\u00a9\u00a0MediaMarkt \/ Saturn<\/p>\n<p>            <\/a><\/p>\n<p>Steht ein neues Smartphone auf der Weihnachtswunschliste, wartet dieses Angebot.<\/p>\n<p><b>Das <\/b><a href=\"https:\/\/www.saturn.de\/de\/product\/_samsung-galaxy-a56-5g-256-gb-awesome-graphite-dual-sim-2980044.html?utm_source=TAG24&amp;utm_medium=NativeAd&amp;utm_campaign=AdTAG24\" target=\"_blank\" rel=\"noopener sponsored\" data-vars-href=\"https:\/\/www.saturn.de\/de\/product\/_samsung-galaxy-a56-5g-256-gb-awesome-graphite-dual-sim-2980044.html?utm_source=TAG24&amp;utm_medium=NativeAd&amp;utm_campaign=AdTAG24\" data-vars-identifier=\"1764091471214\" data-vars->Samsung Galaxy A56 (256 GB)<\/a> <b>gibt&#8217;s f\u00fcr nur 315 statt 529 Euro.<\/b><\/p>\n<p>Das Modell aus Samsungs A-Reihe eignet sich f\u00fcr alle, die Wert auf hohe Geschwindigkeit, Effizienz und reibungsloses Multitasking legen. Daf\u00fcr sorgt der leistungsstarke Exynos 1580 (S5E8855) Prozessor.<\/p>\n<p>Die Triple-Kamera auf der R\u00fcckseite (50 + 12 + 5 MP) sowie die 12-MP-Frontkamera liefern hochwertige Fotos, detailreiche Weitwinkelaufnahmen und gestochen scharfe Selfies.<\/p>\n<p>Inhalte werden auf dem 6,7-Zoll-OLED-Display besonders kontrastreich, farbintensiv und gestochen scharf dargestellt.<\/p>\n<p>Zudem bietet das Galaxy A56 eine Vielzahl an KI-Funktionen, die den Alltag erleichtern \u2013 etwa das Entfernen st\u00f6render Objekte aus Fotos, die Reduzierung von Hintergrundger\u00e4uschen in Videos oder &#8222;Circle to Search&#8220; f\u00fcr schnelle Online-Recherchen.<\/p>\n<p>    Samsung Galaxy S25 Ultra f\u00fcr 49 Euro im Tarif\u00b9<\/p>\n<p>            <a href=\"https:\/\/www.mediamarkt.de\/de\/product\/_samsung-galaxy-s25-ultra-5g-256-gb-titanium-black-dual-sim-2972640.html?utm_source=TAG24&amp;utm_medium=NativeAd&amp;utm_campaign=AdTAG24\" target=\"_blank\" data-vars-identifier=\"1764079468043\" rel=\"nofollow noopener sponsored\" data-vars-href=\"https:\/\/www.mediamarkt.de\/de\/product\/_samsung-galaxy-s25-ultra-5g-256-gb-titanium-black-dual-sim-2972640.html?utm_source=TAG24&amp;utm_medium=NativeAd&amp;utm_campaign=AdTAG24\" data-vars-><br \/>\n            <img decoding=\"async\" class=\"article__img\" alt=\"Samsung Galaxy S25 Ultra f\u00fcr 49 Euro im Tarif.\" width=\"951\" height=\"634\" loading=\"lazy\" src=\"https:\/\/www.europesays.com\/de\/wp-content\/uploads\/2025\/11\/dgtiu59dc2t8d1rlquif2p9egho4f94x.jpg\"  \/><\/p>\n<p>            Samsung Galaxy S25 Ultra f\u00fcr 49 Euro im Tarif.\u00a0\u00a0\u00a9\u00a0MediaMarkt \/ Saturn<\/p>\n<p>            <\/a><\/p>\n<p>Oder Ihr holt Euch das <a href=\"https:\/\/www.saturn.de\/de\/product\/_samsung-galaxy-s25-ultra-5g-256-gb-titanium-black-dual-sim-2972640.html?utm_source=TAG24&amp;utm_medium=NativeAd&amp;utm_campaign=AdTAG24\" target=\"_blank\" rel=\"noopener sponsored\" data-vars-href=\"https:\/\/www.saturn.de\/de\/product\/_samsung-galaxy-s25-ultra-5g-256-gb-titanium-black-dual-sim-2972640.html?utm_source=TAG24&amp;utm_medium=NativeAd&amp;utm_campaign=AdTAG24\" data-vars-identifier=\"1764091485637\" data-vars->Samsung Galaxy S25 Ultra (256 GB)<\/a>.<\/p>\n<p><b>Daf\u00fcr zahlt Ihr einmalig nur 49 Euro<\/b>\u00b9<b>.<\/b><\/p>\n<p>Das gilt, wenn Ihr Euch f\u00fcr den o2-Tarif &#8222;Mobil L&#8220; entscheidet.<\/p>\n<p>F\u00fcr 39,99 Euro im Monat enthalten\u00b9:<\/p>\n<ul>\n<li>100GB+ (jedes Jahr 10 GB mtl. mehr)(300 MBit\/s)<\/li>\n<li>inklusive Flatrate f\u00fcr Minuten\/SMS in alle dt. Netze<\/li>\n<li>4G | LTE inklusive 5G (DL 300 MBit\/s, UL 50 MBit\/s)<\/li>\n<\/ul>\n<p>Das Topmodell von Samsung l\u00e4uft mit dem Snapdragon 8 Elite for Galaxy (SM8750) Prozessor, der speziell f\u00fcr leistungsintensive Aufgaben optimiert ist. Mit vielen KI-Funktionen wird es zum multifunktionalem Alltagsbegleiter.<\/p>\n<p>Besonders detailreiche Fotos sind mit der Quadcam (200 MP + 50 MP + 50 MP + 10 MP) und der 12-MP-Frontcam m\u00f6glich. <\/p>\n<p>    Google Pixel 10 Pro f\u00fcr 149 Euro im Tarif\u00b2<\/p>\n<p>            <a href=\"https:\/\/www.mediamarkt.de\/de\/product\/_google-pixel-10-pro-128-gb-obsidian-dual-sim-3002118.html?utm_source=TAG24&amp;utm_medium=NativeAd&amp;utm_campaign=AdTAG24\" target=\"_blank\" data-vars-identifier=\"1757535274462\" rel=\"nofollow noopener sponsored\" data-vars-href=\"https:\/\/www.mediamarkt.de\/de\/product\/_google-pixel-10-pro-128-gb-obsidian-dual-sim-3002118.html?utm_source=TAG24&amp;utm_medium=NativeAd&amp;utm_campaign=AdTAG24\" data-vars-><br \/>\n            <img decoding=\"async\" class=\"article__img\" alt=\"Google Pixel 10 Pro f\u00fcr 149 Euro im Tarif.\" width=\"951\" height=\"634\" loading=\"lazy\" src=\"https:\/\/www.europesays.com\/de\/wp-content\/uploads\/2025\/11\/fcndug32yjpn95f7vo158dyi9bc9m9ip.jpg\"  \/><\/p>\n<p>            Google Pixel 10 Pro f\u00fcr 149 Euro im Tarif.\u00a0\u00a0\u00a9\u00a0MediaMarkt \/ Saturn<\/p>\n<p>            <\/a><\/p>\n<p>Wahlweise k\u00f6nnt Ihr Euch f\u00fcr das coole <a href=\"https:\/\/www.saturn.de\/de\/product\/_google-pixel-10-pro-128-gb-obsidian-dual-sim-3002118.html?utm_source=TAG24&amp;utm_medium=NativeAd&amp;utm_campaign=AdTAG24\" target=\"_blank\" rel=\"noopener sponsored\" data-vars-href=\"https:\/\/www.saturn.de\/de\/product\/_google-pixel-10-pro-128-gb-obsidian-dual-sim-3002118.html?utm_source=TAG24&amp;utm_medium=NativeAd&amp;utm_campaign=AdTAG24\" data-vars-identifier=\"1764091496838\" data-vars->Google Pixel 10 Pro <\/a>entscheiden.<\/p>\n<p><b>Das Google-Smartphone gibt&#8217;s f\u00fcr nur 149 Euro<\/b>\u00b2<b>.<\/b><\/p>\n<p>Und zwar dann, wenn Ihr Euch vor Ort f\u00fcr den freenet-Tarif &#8222;Allnet Flat 30 GB&#8220; entscheidet.<\/p>\n<p>Der kostet monatlich nur 29,99 Euro und beinhaltet\u00b2:<\/p>\n<ul>\n<li>30GB Datenvolumen inkl. 5G<\/li>\n<li>Bis zu 50 Mbit\/s maximale Bandbreite<\/li>\n<li>Flat Telefonie und SMS in alle deutschen Netze<\/li>\n<\/ul>\n<p>Zahlreiche Innovationen gibt&#8217;s mit dem Smartphone, darunter den Pro\u202fRes\u202fZoom, der dank KI-gest\u00fctzter Verarbeitung faszinierende Details bis zu 100-fach digital heranholt.<\/p>\n<p>Mit der KI-Funktion Magic\u202fCue erkennt das Smartphone wichtige Informationen in Apps wie Gmail oder Kalender und schl\u00e4gt passende Antworten direkt vor.<\/p>\n<p>Zudem \u00fcberzeugt es mit einem extrem hellen Super\u202fActua\u2011OLED-Display, das auch bei Sonnenlicht hervorragend ablesbar ist. Dank Pixelsnap-Magneten und Qi2-Wireless-Laden wird kabelloses Laden besonders einfach.<\/p>\n<p>    Apple AirPods 4 f\u00fcr 139 statt 199 Euro<\/p>\n<p>            <a href=\"https:\/\/www.mediamarkt.de\/de\/product\/_apple-airpods-4-mit-aktiver-gerauschunterdruckung-in-ear-kopfhorer-bluetooth-weiss-2954282.html?utm_source=TAG24&amp;utm_medium=NativeAd&amp;utm_campaign=AdTAG24\" target=\"_blank\" data-vars-identifier=\"1764080803392\" rel=\"nofollow noopener sponsored\" data-vars-href=\"https:\/\/www.mediamarkt.de\/de\/product\/_apple-airpods-4-mit-aktiver-gerauschunterdruckung-in-ear-kopfhorer-bluetooth-weiss-2954282.html?utm_source=TAG24&amp;utm_medium=NativeAd&amp;utm_campaign=AdTAG24\" data-vars-><br \/>\n            <img decoding=\"async\" class=\"article__img\" alt=\"Apple AirPods 4 f\u00fcr 139 statt 199 Euro.\" width=\"951\" height=\"634\" loading=\"lazy\" src=\"https:\/\/www.europesays.com\/de\/wp-content\/uploads\/2025\/11\/qgx5wl2fkf4ff3rvxm2q9siu928bixps.jpg\"  \/><\/p>\n<p>            Apple AirPods 4 f\u00fcr 139 statt 199 Euro.\u00a0\u00a0\u00a9\u00a0MediaMarkt \/ Saturn<\/p>\n<p>            <\/a><\/p>\n<p>Auf die <a href=\"https:\/\/www.saturn.de\/de\/product\/_apple-airpods-4-mit-aktiver-gerauschunterdruckung-in-ear-kopfhorer-bluetooth-weiss-2954282.html?utm_source=TAG24&amp;utm_medium=NativeAd&amp;utm_campaign=AdTAG24\" target=\"_blank\" rel=\"noopener sponsored\" data-vars-href=\"https:\/\/www.saturn.de\/de\/product\/_apple-airpods-4-mit-aktiver-gerauschunterdruckung-in-ear-kopfhorer-bluetooth-weiss-2954282.html?utm_source=TAG24&amp;utm_medium=NativeAd&amp;utm_campaign=AdTAG24\" data-vars-identifier=\"1764091512230\" data-vars->Apple AirPods 4<\/a> wollt Ihr nicht mehr verzichten, wenn Ihr ein iPhone habt.<\/p>\n<p><b>Die nehmt Ihr Euch f\u00fcr nur 139 statt 199 Euro mit nach Hause.<\/b><\/p>\n<p>Sie verf\u00fcgen \u00fcber Aktive Ger\u00e4uschunterdr\u00fcckung (ANC), Adaptives Audio und einen Transparenzmodus, sodass sowohl ungest\u00f6rter Musikgenuss als auch das Wahrnehmen wichtiger Umgebungsger\u00e4usche \u2013 etwa Durchsagen \u2013 m\u00f6glich ist.<\/p>\n<p>Die AirPods sitzen besonders angenehm im Ohr und verursachen kein Druckgef\u00fchl. Durch einfaches Kopfneigen l\u00e4sst sich komfortabel mit Siri interagieren.<\/p>\n<p>Das kompakte Ladecase passt selbst in kleinste Taschen und unterst\u00fctzt kabelloses Qi-Laden. Sollte es einmal verlegt werden, l\u00e4sst es sich \u00fcber &#8222;Wo ist?&#8220; problemlos wiederfinden.<\/p>\n<p>    Garmin-Smartwatch f\u00fcr 399 statt 699,99 Euro<\/p>\n<p>            <a href=\"https:\/\/www.mediamarkt.de\/de\/product\/_garmin-fenix-7-pro-solar-smartwatch-silikon-125-208-mm-schwarzschiefergrau-2878884.html?utm_source=TAG24&amp;utm_medium=NativeAd&amp;utm_campaign=AdTAG24\" target=\"_blank\" data-vars-identifier=\"1758736926549\" rel=\"nofollow noopener sponsored\" data-vars-href=\"https:\/\/www.mediamarkt.de\/de\/product\/_garmin-fenix-7-pro-solar-smartwatch-silikon-125-208-mm-schwarzschiefergrau-2878884.html?utm_source=TAG24&amp;utm_medium=NativeAd&amp;utm_campaign=AdTAG24\" data-vars-><br \/>\n            <img decoding=\"async\" class=\"article__img\" alt=\"Garmin-Smartwatch f\u00fcr 399 statt 699,99 Euro.\" width=\"951\" height=\"634\" loading=\"lazy\" src=\"https:\/\/www.europesays.com\/de\/wp-content\/uploads\/2025\/11\/s7vxjpabwdwsy4crtk6nlfhf8u14c5kx.jpg\"  \/><\/p>\n<p>            Garmin-Smartwatch f\u00fcr 399 statt 699,99 Euro.\u00a0\u00a0\u00a9\u00a0MediaMarkt \/ Saturn<\/p>\n<p>            <\/a><\/p>\n<p>Ein echter Preisheld, also ein Produkt, dass Ihr garantiert nirgendwo anders g\u00fcnstig finden werdet, ist die <a href=\"https:\/\/www.saturn.de\/de\/product\/_garmin-fenix-7-pro-solar-smartwatch-silikon-125-208-mm-schwarzschiefergrau-2878884.html?utm_source=TAG24&amp;utm_medium=NativeAd&amp;utm_campaign=AdTAG24\" target=\"_blank\" rel=\"noopener sponsored\" data-vars-href=\"https:\/\/www.saturn.de\/de\/product\/_garmin-fenix-7-pro-solar-smartwatch-silikon-125-208-mm-schwarzschiefergrau-2878884.html?utm_source=TAG24&amp;utm_medium=NativeAd&amp;utm_campaign=AdTAG24\" data-vars-identifier=\"1764091524798\" data-vars->Garmin-Smartwatch Fenix 7 Pro Solar<\/a>.<\/p>\n<p><b>Die bekommt Ihr zum Aktionspreis von 399 statt 699,99 Euro. <\/b><\/p>\n<p>Dank Power Glass ist die Fenix 7 Pro Solar \u00e4u\u00dferst robust und damit ideal f\u00fcr Outdoor-Aktivit\u00e4ten wie Klettern oder Wandern. Kratzer oder St\u00f6\u00dfe steckt sie souver\u00e4n weg.<\/p>\n<p>\u00dcber mehr als 80 Apps stehen zahlreiche Funktionen zur Unterst\u00fctzung von Training und Freizeit zur Verf\u00fcgung.<\/p>\n<p>Zudem bietet die Smartwatch kontaktloses Bezahlen, integrierte Karten, sowie umfassende Informationen zu Trainingsbelastung, Erholung, Schlaf, Stress und weiteren Gesundheitsdaten \u2013 alles direkt am Handgelenk.<\/p>\n<p>Eine integrierte Taschenlampe erweitert den Funktionsumfang zus\u00e4tzlich.<\/p>\n<p>Besonders beeindruckend ist die Ausdauer: Im Smartwatch-Modus h\u00e4lt die Fenix 7 Pro Solar bis zu 37 Tage durch.<\/p>\n<p>    55-Zoll LG-Fernseher f\u00fcr 1.199 statt 2.799 Euro<\/p>\n<p>            <a href=\"https:\/\/www.mediamarkt.de\/de\/product\/_lg-oled55g56ls-oled-evo-tv-flat-55-zoll-139-cm-qled-4k-smart-tv-3005561.html?utm_source=TAG24&amp;utm_medium=NativeAd&amp;utm_campaign=AdTAG24\" target=\"_blank\" data-vars-identifier=\"1764091872792\" rel=\"nofollow noopener sponsored\" data-vars-href=\"https:\/\/www.mediamarkt.de\/de\/product\/_lg-oled55g56ls-oled-evo-tv-flat-55-zoll-139-cm-qled-4k-smart-tv-3005561.html?utm_source=TAG24&amp;utm_medium=NativeAd&amp;utm_campaign=AdTAG24\" data-vars-><br \/>\n            <img decoding=\"async\" class=\"article__img\" alt=\"55-Zoll LG-Fernseher f\u00fcr 1.199 statt 2.799 Euro.\" width=\"951\" height=\"634\" loading=\"lazy\" src=\"https:\/\/www.europesays.com\/de\/wp-content\/uploads\/2025\/11\/5j07zstjshnzxhjkpwwgaq3djnlwkrsv.jpg\"  \/><\/p>\n<p>            55-Zoll LG-Fernseher f\u00fcr 1.199 statt 2.799 Euro.\u00a0\u00a0\u00a9\u00a0MediaMarkt \/ Saturn<\/p>\n<p>            <\/a><\/p>\n<p>F\u00fcr Euer abendlichen TV-Programm hat MediaMarkt und Saturn viele Fernseher im Angebot.<\/p>\n<p><b>Der<\/b> <a href=\"https:\/\/www.saturn.de\/de\/product\/_lg-oled55g56ls-oled-evo-tv-flat-55-zoll-139-cm-qled-4k-smart-tv-3005561.html?utm_source=TAG24&amp;utm_medium=NativeAd&amp;utm_campaign=AdTAG24\" target=\"_blank\" rel=\"noopener sponsored\" data-vars-href=\"https:\/\/www.saturn.de\/de\/product\/_lg-oled55g56ls-oled-evo-tv-flat-55-zoll-139-cm-qled-4k-smart-tv-3005561.html?utm_source=TAG24&amp;utm_medium=NativeAd&amp;utm_campaign=AdTAG24\" data-vars-identifier=\"1764151615747\" data-vars->55 Zoll gro\u00dfe LG OLED55G56LS<\/a> <b>ist f\u00fcr 1.199 Euro statt 2.799 Euro erh\u00e4ltlich. Auch weitere Gr\u00f6\u00dfen dieser Serie sind deutlich im Preis gesenkt.<\/b><\/p>\n<p>Dank OLED-evo-Technologie \u00fcberzeugt das Modell mit herausragender Bildqualit\u00e4t \u2013 kontrastreich, brillant und so realit\u00e4tsnah, als bef\u00e4nde man sich direkt am Spielfeldrand.<\/p>\n<p>Neben einer hohen Maximalhelligkeit bietet der OLED55G56LS eine exzellente Farbwiedergabe und \u00e4u\u00dferst geringe Eingabeverz\u00f6gerung. Damit eignet er sich ideal f\u00fcr HDR-Inhalte (HDR10, HLG und Dolby Vision) oder den Einsatz als Gaming-Monitor.<\/p>\n<p>F\u00fcr die notwendige Rechenleistung sorgt der \u03b111 4K AI-Prozessor der 2. Generation, w\u00e4hrend Features wie Brightness Booster Ultimate ein besonders intensives und detailreiches Seherlebnis erm\u00f6glichen.<\/p>\n<p>Der Klang wird durch AI Sound Pro, 11.1.2 Surround Sound und Dolby Atmos beeindruckend r\u00e4umlich und kraftvoll wiedergegeben.<\/p>\n<p>    Nintendo Switch 2 + Mario Kart World + H\u00fclle f\u00fcr 489 Euro<\/p>\n<p>            <a href=\"https:\/\/www.mediamarkt.de\/de\/product\/_nintendo-switch-2-mario-kart-world-2989499.html?utm_source=TAG24&amp;utm_medium=NativeAd&amp;utm_campaign=AdTAG24\" target=\"_blank\" data-vars-identifier=\"1764091872793\" rel=\"nofollow noopener sponsored\" data-vars-href=\"https:\/\/www.mediamarkt.de\/de\/product\/_nintendo-switch-2-mario-kart-world-2989499.html?utm_source=TAG24&amp;utm_medium=NativeAd&amp;utm_campaign=AdTAG24\" data-vars-><br \/>\n            <img decoding=\"async\" class=\"article__img\" alt=\"Nintendo Switch 2 + Mario Kart World + H\u00fclle f\u00fcr 489 Euro.\" width=\"951\" height=\"634\" loading=\"lazy\" src=\"https:\/\/www.europesays.com\/de\/wp-content\/uploads\/2025\/11\/9zwymvc9yle0s9mmptks4kfa38v4jy58.jpg\"  \/><\/p>\n<p>            Nintendo Switch 2 + Mario Kart World + H\u00fclle f\u00fcr 489 Euro.\u00a0\u00a0\u00a9\u00a0MediaMarkt \/ Saturn<\/p>\n<p>            <\/a><\/p>\n<p>Ideal als Weihnachtsgeschenk: die Konsole. Denn die macht Freude bei Jung und Alt.<\/p>\n<p><b>Die <\/b><a href=\"https:\/\/www.saturn.de\/de\/product\/_nintendo-switch-2-mario-kart-world-2989499.html?utm_source=TAG24&amp;utm_medium=NativeAd&amp;utm_campaign=AdTAG24\" target=\"_blank\" rel=\"noopener sponsored\" data-vars-href=\"https:\/\/www.saturn.de\/de\/product\/_nintendo-switch-2-mario-kart-world-2989499.html?utm_source=TAG24&amp;utm_medium=NativeAd&amp;utm_campaign=AdTAG24\" data-vars-identifier=\"1764091563310\" data-vars->Nintendo Switch 2 inklusive Mario Kart World<\/a><b> plus <\/b><a href=\"https:\/\/www.mediamarkt.de\/de\/product\/_isy-ic-5025-nintendo-switch-2-hulle-schwarz-2985445.html\" target=\"_blank\" rel=\"noopener sponsored\" data-vars-identifier=\"1764151731589\" data-vars-href=\"https:\/\/www.mediamarkt.de\/de\/product\/_isy-ic-5025-nintendo-switch-2-hulle-schwarz-2985445.html\" data-vars->Games-Aufbewahrungsbox<\/a><b> kostet nur 489 Euro.<\/b><\/p>\n<p>Sie verf\u00fcgt \u00fcber einen gro\u00dfen 1080p-Bildschirm mit Unterst\u00fctzung f\u00fcr HDR sowie Bildfrequenzen von bis zu 120 fps.<\/p>\n<p>Die abnehmbaren Joy-Cons lassen sich \u00e4hnlich wie eine klassische Computermaus verwenden. In Kombination mit der integrierten Bewegungssteuerung er\u00f6ffnen sich dadurch voraussichtlich v\u00f6llig neue Gameplay-M\u00f6glichkeiten.<\/p>\n<p>Mit Mario Kart World steht au\u00dferdem ein Titel bereit, der spannende Renn-Action mit dem beliebten Klempner und seinem Team auf zahlreichen abwechslungsreichen Strecken bietet.<\/p>\n<p>Als myMediaMarkt- oder mySaturn-Mitglied gibt es zudem exklusive 20 Prozent Rabatt auf alle Games f\u00fcr die Switch und die Switch 2\u00b3.<\/p>\n<p>    Sony PlayStation 5 Slim f\u00fcr 349 statt 499,99 Euro<\/p>\n<p>            <a href=\"https:\/\/www.mediamarkt.de\/de\/product\/_sony-playstationr5-digital-edition-slim-825-gb-3012188.html?utm_source=TAG24&amp;utm_medium=NativeAd&amp;utm_campaign=AdTAG24\" target=\"_blank\" data-vars-identifier=\"1764091872794\" rel=\"nofollow noopener sponsored\" data-vars-href=\"https:\/\/www.mediamarkt.de\/de\/product\/_sony-playstationr5-digital-edition-slim-825-gb-3012188.html?utm_source=TAG24&amp;utm_medium=NativeAd&amp;utm_campaign=AdTAG24\" data-vars-><br \/>\n            <img decoding=\"async\" class=\"article__img\" alt=\"Sony PlayStation 5 Slim f\u00fcr 349 statt 499,99 Euro.\" width=\"951\" height=\"634\" loading=\"lazy\" src=\"https:\/\/www.europesays.com\/de\/wp-content\/uploads\/2025\/11\/azy9u984qpyoeiu7v9a4r8tqwyoj588g.jpg\"  \/><\/p>\n<p>            Sony PlayStation 5 Slim f\u00fcr 349 statt 499,99 Euro.\u00a0\u00a0\u00a9\u00a0MediaMarkt \/ Saturn<\/p>\n<p>            <\/a><\/p>\n<p>Oder Ihr holt Euch dieses Ger\u00e4t.<\/p>\n<p><b>Die <\/b><a href=\"https:\/\/www.saturn.de\/de\/product\/_sony-playstationr5-digital-edition-slim-825-gb-3012188.html?utm_source=TAG24&amp;utm_medium=NativeAd&amp;utm_campaign=AdTAG24\" target=\"_blank\" rel=\"noopener sponsored\" data-vars-href=\"https:\/\/www.saturn.de\/de\/product\/_sony-playstationr5-digital-edition-slim-825-gb-3012188.html?utm_source=TAG24&amp;utm_medium=NativeAd&amp;utm_campaign=AdTAG24\" data-vars-identifier=\"1764091587110\" data-vars->PlayStation 5 in der digitalen Edition<\/a><b> mit einem Speicher von 825 GB f\u00fcr nur 349 statt 499,99 Euro.<\/b><\/p>\n<p>Die Slim-Version der PS5 zeichnet sich durch ein besonders kompaktes und leichtes Design aus. Alle Spiele werden bequem online \u00fcber den PlayStation Store erworben.<\/p>\n<p>Dank der ultraschnellen SSD starten Games extrem schnell, sodass ohne Wartezeiten direkt ins Spielgeschehen eingestiegen werden kann. Die leistungsstarke Grafik sorgt zus\u00e4tzlich f\u00fcr ein beeindruckendes visuelles Erlebnis.<\/p>\n<p>Durch den Verzicht auf ein optisches Laufwerk ist die Konsole noch schlanker und f\u00fcgt sich m\u00fchelos in jedes Gaming-Setup ein.<\/p>\n<p>    Samsung-Notebook f\u00fcr 369 statt 799 Euro<\/p>\n<p>            <a href=\"https:\/\/www.mediamarkt.de\/de\/product\/_samsung-galaxy-book-4-notebook-mit-156-zoll-display-intelr-coretm-3-100u-prozessor-8-gb-ram-256-gb-ssd-intelr-coretm-onboard-graphics-gray-windows-11-home-64-bit-2915091.html?utm_source=TAG24&amp;utm_medium=NativeAd&amp;utm_campaign=AdTAG24\" target=\"_blank\" data-vars-identifier=\"1764091872795\" rel=\"nofollow noopener sponsored\" data-vars-href=\"https:\/\/www.mediamarkt.de\/de\/product\/_samsung-galaxy-book-4-notebook-mit-156-zoll-display-intelr-coretm-3-100u-prozessor-8-gb-ram-256-gb-ssd-intelr-coretm-onboard-graphics-gray-windows-11-home-64-bit-2915091.html?utm_source=TAG24&amp;utm_medium=NativeAd&amp;utm_campaign=AdTAG24\" data-vars-><br \/>\n            <img decoding=\"async\" class=\"article__img\" alt=\"Samsung-Notebook f\u00fcr 369 statt 799 Euro.\" width=\"951\" height=\"634\" loading=\"lazy\" src=\"https:\/\/www.europesays.com\/de\/wp-content\/uploads\/2025\/11\/1rsp0ola11mbpb7vftv405b3brk86ggi.jpg\"  \/><\/p>\n<p>            Samsung-Notebook f\u00fcr 369 statt 799 Euro.\u00a0\u00a0\u00a9\u00a0MediaMarkt \/ Saturn<\/p>\n<p>            <\/a><\/p>\n<p>Besonders g\u00fcnstig ist auch das <a href=\"https:\/\/www.saturn.de\/de\/product\/_samsung-galaxy-book-4-notebook-mit-156-zoll-display-intelr-coretm-3-100u-prozessor-8-gb-ram-256-gb-ssd-intelr-coretm-onboard-graphics-gray-windows-11-home-64-bit-2915091.html?utm_source=TAG24&amp;utm_medium=NativeAd&amp;utm_campaign=AdTAG24\" target=\"_blank\" rel=\"noopener sponsored\" data-vars-href=\"https:\/\/www.saturn.de\/de\/product\/_samsung-galaxy-book-4-notebook-mit-156-zoll-display-intelr-coretm-3-100u-prozessor-8-gb-ram-256-gb-ssd-intelr-coretm-onboard-graphics-gray-windows-11-home-64-bit-2915091.html?utm_source=TAG24&amp;utm_medium=NativeAd&amp;utm_campaign=AdTAG24\" data-vars-identifier=\"1764091599829\" data-vars->Samsung Galaxy Book4.<\/a><\/p>\n<p><b>Hier spart Ihr 430 Euro und zahlt nur 369 statt 799 Euro.<\/b><\/p>\n<p>F\u00fcr B\u00fcro oder Homeoffice eignet sich das Modell hervorragend. Im Aluminiumgeh\u00e4use arbeitet ein Intel Core 3 100U Prozessor (10M Cache, bis zu 4,7 GHz), kombiniert mit 8 GB RAM, 256 GB SSD-Speicher und einer integrierten Intel Graphics GPU. Damit sind t\u00e4gliche Aufgaben problemlos zu bew\u00e4ltigen.<\/p>\n<p>Mit einem Gewicht von lediglich 1,55 Kilogramm ist das Galaxy Book4 zudem besonders leicht und damit ideal f\u00fcr den mobilen Einsatz.<\/p>\n<p>Beim Anschauen von Filmen oder beim Gaming sorgt Dolby Atmos f\u00fcr ein beeindruckend r\u00e4umliches Klangerlebnis.<\/p>\n<p>    Meta-VR-Brille f\u00fcr 229 statt 329,99 Euro<\/p>\n<p>            <a href=\"https:\/\/www.mediamarkt.de\/de\/product\/_meta-quest-3s-128-gb-mit-batman-arkham-shadow-und-3-monatigem-meta-quest-probeabo-all-in-one-headset-vr-brille-2951180.html?utm_source=TAG24&amp;utm_medium=NativeAd&amp;utm_campaign=AdTAG24\" target=\"_blank\" data-vars-identifier=\"1764091872796\" rel=\"nofollow noopener sponsored\" data-vars-href=\"https:\/\/www.mediamarkt.de\/de\/product\/_meta-quest-3s-128-gb-mit-batman-arkham-shadow-und-3-monatigem-meta-quest-probeabo-all-in-one-headset-vr-brille-2951180.html?utm_source=TAG24&amp;utm_medium=NativeAd&amp;utm_campaign=AdTAG24\" data-vars-><br \/>\n            <img decoding=\"async\" class=\"article__img\" alt=\"Meta-VR-Brille f\u00fcr 229 statt 329,99 Euro.\" width=\"951\" height=\"634\" loading=\"lazy\" src=\"https:\/\/www.europesays.com\/de\/wp-content\/uploads\/2025\/11\/blob1myfsganvj5vxakb2fxptccu6dsx.jpg\"  \/><\/p>\n<p>            Meta-VR-Brille f\u00fcr 229 statt 329,99 Euro.\u00a0\u00a0\u00a9\u00a0MediaMarkt \/ Saturn<\/p>\n<p>            <\/a><\/p>\n<p>F\u00fcr ein immersives Erlebnis beim Anschauen von Filmen und Serien bietet sich das <a href=\"https:\/\/www.mediamarkt.de\/de\/product\/_meta-quest-3s-128-gb-mit-batman-arkham-shadow-und-3-monatigem-meta-quest-probeabo-all-in-one-headset-vr-brille-2951180.html?utm_source=TAG24&amp;utm_medium=NativeAd&amp;utm_campaign=AdTAG24\" target=\"_blank\" rel=\"noopener sponsored\" data-vars-href=\"https:\/\/www.mediamarkt.de\/de\/product\/_meta-quest-3s-128-gb-mit-batman-arkham-shadow-und-3-monatigem-meta-quest-probeabo-all-in-one-headset-vr-brille-2951180.html?utm_source=TAG24&amp;utm_medium=NativeAd&amp;utm_campaign=AdTAG24\" data-vars-identifier=\"1764152025435\" data-vars->VR-Headset Meta Quest 3S (128 GB<\/a>) an.<\/p>\n<p><b>Die Meta-VR-Brille gibt&#8217;s f\u00fcr 229 statt 329,99 Euro. Auch hier bekommt Ihr als Preisheld den garantiert g\u00fcnstigsten Preis!<\/b><\/p>\n<p>Die Meta Quest 3S erm\u00f6glicht v\u00f6llig neue Perspektiven \u2013 sei es beim Fernsehen, Gaming, Fitnesstraining oder im Arbeitsalltag.<\/p>\n<p>Durch den virtuellen Raum er\u00f6ffnet sich ein intensives Erlebnis, bei dem freie Bewegung im Zimmer m\u00f6glich ist. Das gestochen scharfe Bild und die reaktionsschnelle Steuerung sorgen f\u00fcr ein besonders realistisches Gef\u00fchl.<\/p>\n<p>Integrierte Sensoren und moderne Prozessoren gew\u00e4hrleisten eine pr\u00e4zise Bewegungsverfolgung und fl\u00fcssiges Gameplay \u2013 ganz ohne st\u00f6rende Kabel oder zus\u00e4tzliche Hardware.<\/p>\n<p>    Siemens-Trockner f\u00fcr 599 statt 1.249 Euro<\/p>\n<p>            <a href=\"https:\/\/www.mediamarkt.de\/de\/product\/_siemens-wq43g2d0em-warmepumpentrockner-iq500-90-kg-weiss-2998644.html?utm_source=TAG24&amp;utm_medium=NativeAd&amp;utm_campaign=AdTAG24\" target=\"_blank\" data-vars-identifier=\"1764091872797\" rel=\"nofollow noopener sponsored\" data-vars-href=\"https:\/\/www.mediamarkt.de\/de\/product\/_siemens-wq43g2d0em-warmepumpentrockner-iq500-90-kg-weiss-2998644.html?utm_source=TAG24&amp;utm_medium=NativeAd&amp;utm_campaign=AdTAG24\" data-vars-><br \/>\n            <img decoding=\"async\" class=\"article__img\" alt=\"Siemens-Trockner f\u00fcr 599 statt 1.249 Euro.\" width=\"951\" height=\"634\" loading=\"lazy\" src=\"https:\/\/www.europesays.com\/de\/wp-content\/uploads\/2025\/11\/v38kehd7smkj4fmqa57pv0sns49v7h2l.jpg\"  \/><\/p>\n<p>            Siemens-Trockner f\u00fcr 599 statt 1.249 Euro.\u00a0\u00a0\u00a9\u00a0MediaMarkt \/ Saturn<\/p>\n<p>            <\/a><\/p>\n<p>Massive Nachl\u00e4sse gibt&#8217;s auch auf Haushaltsger\u00e4te.<\/p>\n<p><b>So gibt&#8217;s den <\/b><a href=\"https:\/\/www.saturn.de\/de\/product\/_siemens-wq43g2d0em-warmepumpentrockner-iq500-90-kg-weiss-2998644.html?utm_source=TAG24&amp;utm_medium=NativeAd&amp;utm_campaign=AdTAG24\" target=\"_blank\" rel=\"noopener sponsored\" data-vars-href=\"https:\/\/www.saturn.de\/de\/product\/_siemens-wq43g2d0em-warmepumpentrockner-iq500-90-kg-weiss-2998644.html?utm_source=TAG24&amp;utm_medium=NativeAd&amp;utm_campaign=AdTAG24\" data-vars-identifier=\"1764091640959\" data-vars->Siemens-Trockner WQ43G2D0EM<\/a><b> f\u00fcr nur 599 statt 1.249 Euro (Ersparnis: 52 Prozent).<\/b><\/p>\n<p>Der W\u00e4rmepumpentrockner arbeitet deutlich energieeffizienter als herk\u00f6mmliche Modelle. Ein wiederholt erhitzter und gek\u00fchlter Luftstrom sorgt daf\u00fcr, dass kein Strom unn\u00f6tig verschwendet wird \u2013 das schont sowohl die Umwelt als auch das Portemonnaie.<\/p>\n<p>Die Trommel \u00e4ndert regelm\u00e4\u00dfig die Drehrichtung, sodass auch gro\u00dfe W\u00e4schest\u00fccke gleichm\u00e4\u00dfig getrocknet werden. Intelligente Sensoren gew\u00e4hrleisten einen schonenden, konstanten Trocknungsvorgang, w\u00e4hrend die autoDry-Technologie das Einlaufen der Kleidung zuverl\u00e4ssig verhindert.<\/p>\n<p>    Alle Angebote im Prospekt<\/p>\n<p>            <a href=\"https:\/\/download.tag24.de\/prospekt-black-friday-2025-mediamarkt-saturn.pdf\" target=\"_blank\" data-vars-identifier=\"1727278169366\" rel=\"nofollow noopener sponsored\" data-vars-href=\"https:\/\/download.tag24.de\/prospekt-black-friday-2025-mediamarkt-saturn.pdf\" data-vars-><br \/>\n                        <img decoding=\"async\" class=\"article__img\" alt=\"\" width=\"951\" height=\"634\" loading=\"lazy\" src=\"https:\/\/www.europesays.com\/de\/wp-content\/uploads\/2025\/11\/wqgwot6acscartqwrd48yx76fzjpkdff.jpg\"  \/><\/p>\n<p>            \u00a9\u00a0MediaMarkt \/ Saturn<\/p>\n<p>            <\/a><\/p>\n<p class=\"\"><b>Aber Achtung: <\/b>Die Angebote gelten nur bis Montag (1.12.) und nur solange der Vorrat reicht in den teilnehmenden M\u00e4rkten von <a href=\"http:\/\/mediamarkt.de\/?utm_source=TAG24&amp;utm_medium=NativeAd&amp;utm_campaign=AdTAG24\" target=\"_blank\" rel=\"noopener sponsored\" data-vars-href=\"http:\/\/mediamarkt.de\/?utm_source=TAG24&amp;utm_medium=NativeAd&amp;utm_campaign=AdTAG24\" data-vars-identifier=\"1757535249473\" data-vars->MediaMarkt <\/a>und<b> <\/b><a href=\"https:\/\/www.saturn.de\/?utm_source=TAG24&amp;utm_medium=NativeAd&amp;utm_campaign=AdTAG24\" target=\"_blank\" rel=\"noopener sponsored\" data-vars-href=\"https:\/\/www.saturn.de\/?utm_source=TAG24&amp;utm_medium=NativeAd&amp;utm_campaign=AdTAG24\" data-vars-identifier=\"1757535249475\" data-vars->Saturn<\/a>.\n<\/p>\n<p>    Hier findet Ihr die Angebote<\/p>\n<p>            <a href=\"https:\/\/www.mediamarkt.de\/de\/store\/alzey-252?utm_source=TAG24&amp;utm_medium=NativeAd&amp;utm_campaign=AdTAG24\" target=\"_blank\" data-vars-identifier=\"1727379152762\" rel=\"nofollow noopener sponsored\" data-vars-href=\"https:\/\/www.mediamarkt.de\/de\/store\/alzey-252?utm_source=TAG24&amp;utm_medium=NativeAd&amp;utm_campaign=AdTAG24\" data-vars-><br \/>\n            <img decoding=\"async\" class=\"article__img\" alt=\"MediaMarkt Alzey (im Rheinhessen-Center) auf der Karl-Heinz-Kipp-Stra\u00dfe 23.\" width=\"951\" height=\"634\" loading=\"lazy\" src=\"https:\/\/www.europesays.com\/de\/wp-content\/uploads\/2025\/11\/zzqcex8bstab8x4m9n0c77ddw520fekq.jpg\"  \/><\/p>\n<p>            MediaMarkt Alzey (im Rheinhessen-Center) auf der Karl-Heinz-Kipp-Stra\u00dfe 23.<\/p>\n<p>            <\/a><\/p>\n<p><b>MediaMarkt Alzey<\/b><br \/>(im Rheinhessen-Center)<br \/>Karl-Heinz-Kipp-Stra\u00dfe 23<br \/>55232 Alzey<\/p>\n<p>\u00d6ffnungszeiten:<br \/>Mo. &#8211; Sa.: 10 bis 19 Uhr<\/p>\n<p>            <a href=\"https:\/\/www.mediamarkt.de\/de\/store\/bad-kreuznach-551?utm_source=TAG24&amp;utm_medium=NativeAd&amp;utm_campaign=AdTAG24\" target=\"_blank\" data-vars-identifier=\"1727379152763\" rel=\"nofollow noopener sponsored\" data-vars-href=\"https:\/\/www.mediamarkt.de\/de\/store\/bad-kreuznach-551?utm_source=TAG24&amp;utm_medium=NativeAd&amp;utm_campaign=AdTAG24\" data-vars-><br \/>\n            <img decoding=\"async\" class=\"article__img\" alt=\"MediaMarkt Bad Kreuznach auf der W\u00f6llsteiner Stra\u00dfe 10.\" width=\"951\" height=\"634\" loading=\"lazy\" src=\"https:\/\/www.europesays.com\/de\/wp-content\/uploads\/2025\/11\/rce8o7kd8bugewxqirh5mg4tmbl5w9tw.jpg\"  \/><\/p>\n<p>            MediaMarkt Bad Kreuznach auf der W\u00f6llsteiner Stra\u00dfe 10.<\/p>\n<p>            <\/a><\/p>\n<p><b>MediaMarkt Bad Kreuznach<\/b><br \/>W\u00f6llsteiner Stra\u00dfe 10<br \/>55543 Bad Kreuznach<\/p>\n<p>\u00d6ffnungszeiten:<br \/>Mo. &#8211; Sa.: 10 bis 19 Uhr<\/p>\n<p>            <a href=\"https:\/\/www.mediamarkt.de\/de\/store\/bischofsheim-457?utm_source=TAG24&amp;utm_medium=NativeAd&amp;utm_campaign=AdTAG24\" target=\"_blank\" data-vars-identifier=\"1757539431087\" rel=\"nofollow noopener sponsored\" data-vars-href=\"https:\/\/www.mediamarkt.de\/de\/store\/bischofsheim-457?utm_source=TAG24&amp;utm_medium=NativeAd&amp;utm_campaign=AdTAG24\" data-vars-><br \/>\n            <img decoding=\"async\" class=\"article__img\" alt=\"MediaMarkt Bischofsheim - Neben dem M\u00fchlweg 4b.\" width=\"951\" height=\"634\" loading=\"lazy\" src=\"https:\/\/www.europesays.com\/de\/wp-content\/uploads\/2025\/11\/g6ii5jly6fmn1ilnix0edc0o9p7745sx.jpg\"  \/><\/p>\n<p>            MediaMarkt Bischofsheim &#8211; Neben dem M\u00fchlweg 4b.\u00a0\u00a0\u00a9\u00a0MediaMarkt \/ Saturn<\/p>\n<p>            <\/a><\/p>\n<p><b>MediaMarkt Bischofsheim<\/b><br \/>Neben dem M\u00fchlweg 4b<br \/>65474 Bischofsheim<\/p>\n<p>\u00d6ffnungszeiten:<br \/>Mo. &#8211; Sa.: 10 bis 19 Uhr<\/p>\n<p>            <a href=\"https:\/\/www.mediamarkt.de\/de\/store\/homburg-549?utm_source=TAG24&amp;utm_medium=NativeAd&amp;utm_campaign=AdTAG24\" target=\"_blank\" data-vars-identifier=\"1727379152766\" rel=\"nofollow noopener sponsored\" data-vars-href=\"https:\/\/www.mediamarkt.de\/de\/store\/homburg-549?utm_source=TAG24&amp;utm_medium=NativeAd&amp;utm_campaign=AdTAG24\" data-vars-><br \/>\n            <img decoding=\"async\" class=\"article__img\" alt=\"MediaMarkt Homburg (im Saarpfalz-Center) auf der Talstra\u00dfe 38d.\" width=\"951\" height=\"634\" loading=\"lazy\" src=\"https:\/\/www.europesays.com\/de\/wp-content\/uploads\/2025\/09\/vo1215nd5vy3r44crvvodl8li1vredqs.jpg\"  \/><\/p>\n<p>            MediaMarkt Homburg (im Saarpfalz-Center) auf der Talstra\u00dfe 38d.<\/p>\n<p>            <\/a><\/p>\n<p><b>MediaMarkt Homburg<\/b><br \/>(im Saarpfalz-Center)<br \/>Talstra\u00dfe 38d<br \/>66424 Homburg<\/p>\n<p>\u00d6ffnungszeiten:<br \/>Mo. &#8211; Sa.: 10 bis 19 Uhr<\/p>\n<p>            <a href=\"https:\/\/www.mediamarkt.de\/de\/store\/idar-oberstein-593?utm_source=TAG24&amp;utm_medium=NativeAd&amp;utm_campaign=AdTAG24\" target=\"_blank\" data-vars-identifier=\"1727379152767\" rel=\"nofollow noopener sponsored\" data-vars-href=\"https:\/\/www.mediamarkt.de\/de\/store\/idar-oberstein-593?utm_source=TAG24&amp;utm_medium=NativeAd&amp;utm_campaign=AdTAG24\" data-vars-><br \/>\n            <img decoding=\"async\" class=\"article__img\" alt=\"MediaMarkt Idar-Oberstein auf der John-F.-Kennedy Stra\u00dfe 1.\" width=\"951\" height=\"634\" loading=\"lazy\" src=\"https:\/\/www.europesays.com\/de\/wp-content\/uploads\/2025\/09\/gdit06gbztf8227ev6sk6w7k123nsb6s.jpg\"  \/><\/p>\n<p>            MediaMarkt Idar-Oberstein auf der John-F.-Kennedy Stra\u00dfe 1.<\/p>\n<p>            <\/a><\/p>\n<p><b>MediaMarkt Idar-Oberstein<\/b><br \/>(im Gewerbepark Nahetal)<br \/>John-F.-Kennedy Stra\u00dfe 1<br \/>55743 Idar-Oberstein<\/p>\n<p>\u00d6ffnungszeiten:<br \/>Mo. &#8211; Sa.: 10 bis 19 Uhr<\/p>\n<p>            <a href=\"https:\/\/www.mediamarkt.de\/de\/store\/kaiserslautern-420?utm_source=TAG24&amp;utm_medium=NativeAd&amp;utm_campaign=AdTAG24\" target=\"_blank\" data-vars-identifier=\"1727379152768\" rel=\"nofollow noopener sponsored\" data-vars-href=\"https:\/\/www.mediamarkt.de\/de\/store\/kaiserslautern-420?utm_source=TAG24&amp;utm_medium=NativeAd&amp;utm_campaign=AdTAG24\" data-vars-><br \/>\n            <img decoding=\"async\" class=\"article__img\" alt=\"MediaMarkt Kaiserslautern auf der Hohenecker Stra\u00dfe 26.\" width=\"951\" height=\"634\" loading=\"lazy\" src=\"https:\/\/www.europesays.com\/de\/wp-content\/uploads\/2025\/09\/4ckos245rdlox0kukzzb3seo799eojbi.jpg\"  \/><\/p>\n<p>            MediaMarkt Kaiserslautern auf der Hohenecker Stra\u00dfe 26.<\/p>\n<p>            <\/a><\/p>\n<p><b>MediaMarkt Kaiserslautern<\/b><br \/>Hohenecker Stra\u00dfe 26<br \/>67663 Kaiserslautern<\/p>\n<p>\u00d6ffnungszeiten:<br \/>Mo. &#8211; Sa.: 10 bis 19 Uhr<\/p>\n<p>            <a href=\"https:\/\/www.mediamarkt.de\/de\/store\/koblenz-465?utm_source=TAG24&amp;utm_medium=NativeAd&amp;utm_campaign=AdTAG24\" target=\"_blank\" data-vars-identifier=\"1727379152769\" rel=\"nofollow noopener sponsored\" data-vars-href=\"https:\/\/www.mediamarkt.de\/de\/store\/koblenz-465?utm_source=TAG24&amp;utm_medium=NativeAd&amp;utm_campaign=AdTAG24\" data-vars-><br \/>\n            <img decoding=\"async\" class=\"article__img\" alt=\"MediaMarkt Koblenz auf der Carl-Zeiss-Stra\u00dfe 8.\" width=\"951\" height=\"634\" loading=\"lazy\" src=\"https:\/\/www.europesays.com\/de\/wp-content\/uploads\/2025\/09\/3exmgub3cqup2ipgjrz8yb63th9uuyuz.jpg\"  \/><\/p>\n<p>            MediaMarkt Koblenz auf der Carl-Zeiss-Stra\u00dfe 8.<\/p>\n<p>            <\/a><\/p>\n<p><b>MediaMarkt Koblenz<\/b><br \/>Carl-Zeiss-Stra\u00dfe 8<br \/>56070 Koblenz<\/p>\n<p>\u00d6ffnungszeiten:<br \/>Mo. &#8211; Sa.: 10 bis 19 Uhr<\/p>\n<p>            <a href=\"https:\/\/www.mediamarkt.de\/de\/store\/koblenz-bubenheim-230?utm_source=TAG24&amp;utm_medium=NativeAd&amp;utm_campaign=AdTAG24\" target=\"_blank\" data-vars-identifier=\"1727379152790\" rel=\"nofollow noopener sponsored\" data-vars-href=\"https:\/\/www.mediamarkt.de\/de\/store\/koblenz-bubenheim-230?utm_source=TAG24&amp;utm_medium=NativeAd&amp;utm_campaign=AdTAG24\" data-vars-><br \/>\n            <img decoding=\"async\" class=\"article__img\" alt=\"MediaMarkt Koblenz-Bubenheim (bei Ikea) - An der R\u00f6mervilla 3.\" width=\"951\" height=\"634\" loading=\"lazy\" src=\"https:\/\/www.europesays.com\/de\/wp-content\/uploads\/2025\/11\/p1evq17ao6b71ld6paawfthfohlp5ek1.jpg\"  \/><\/p>\n<p>            MediaMarkt Koblenz-Bubenheim (bei Ikea) &#8211; An der R\u00f6mervilla 3.<\/p>\n<p>            <\/a><\/p>\n<p><b>MediaMarkt Koblenz-Bubenheim (bei Ikea)<\/b><br \/>An der R\u00f6mervilla 3<br \/>56070 Koblenz<\/p>\n<p>\u00d6ffnungszeiten:<br \/>Mo. &#8211; Sa. 10 bis 19 Uhr<\/p>\n<p>            <a href=\"https:\/\/www.mediamarkt.de\/de\/store\/landau-562?utm_source=TAG24&amp;utm_medium=NativeAd&amp;utm_campaign=AdTAG24\" target=\"_blank\" data-vars-identifier=\"1727379152770\" rel=\"nofollow noopener sponsored\" data-vars-href=\"https:\/\/www.mediamarkt.de\/de\/store\/landau-562?utm_source=TAG24&amp;utm_medium=NativeAd&amp;utm_campaign=AdTAG24\" data-vars-><br \/>\n            <img decoding=\"async\" class=\"article__img\" alt=\"MediaMarkt Landau auf der Klaus-von-Klitzing-Stra\u00dfe 5.\" width=\"951\" height=\"634\" loading=\"lazy\" src=\"https:\/\/www.europesays.com\/de\/wp-content\/uploads\/2025\/09\/1riob83ewpcoi9odusuy59cfwhqiztmh.jpg\"  \/><\/p>\n<p>            MediaMarkt Landau auf der Klaus-von-Klitzing-Stra\u00dfe 5.<\/p>\n<p>            <\/a><\/p>\n<p><b>MediaMarkt Landau<\/b><br \/>Klaus-von-Klitzing-Stra\u00dfe 5<br \/>76829 Landau<\/p>\n<p>\u00d6ffnungszeiten:<br \/>Mo. &#8211; Sa.: 10 bis 19 Uhr<\/p>\n<p>            <a href=\"https:\/\/www.mediamarkt.de\/de\/store\/ludwigshafen-410?utm_source=TAG24&amp;utm_medium=NativeAd&amp;utm_campaign=AdTAG24\" target=\"_blank\" data-vars-identifier=\"1727379152772\" rel=\"nofollow noopener sponsored\" data-vars-href=\"https:\/\/www.mediamarkt.de\/de\/store\/ludwigshafen-410?utm_source=TAG24&amp;utm_medium=NativeAd&amp;utm_campaign=AdTAG24\" data-vars-><br \/>\n            <img decoding=\"async\" class=\"article__img\" alt=\"MediaMarkt Ludwigshafen-Oggersheim (im Einkaufspark Oggersheim) auf dem Hedwig-Laudien-Ring 2.\" width=\"951\" height=\"634\" loading=\"lazy\" src=\"https:\/\/www.europesays.com\/de\/wp-content\/uploads\/2025\/09\/n4hd3vzyq9qlo8sskqgp259oi45pa7ac.jpg\"  \/><\/p>\n<p>            MediaMarkt Ludwigshafen-Oggersheim (im Einkaufspark Oggersheim) auf dem Hedwig-Laudien-Ring 2.<\/p>\n<p>            <\/a><\/p>\n<p><b>MediaMarkt Ludwigshafen-Oggersheim<\/b><br \/>(im Einkaufspark Oggersheim)<br \/>Hedwig-Laudien-Ring 2<br \/>67071 Ludwigshafen-Oggersheim<\/p>\n<p>\u00d6ffnungszeiten:<br \/>Mo. &#8211; Sa.: 10 bis 20 Uhr<\/p>\n<p>            <a href=\"https:\/\/www.mediamarkt.de\/de\/store\/mainz-418?utm_source=TAG24&amp;utm_medium=NativeAd&amp;utm_campaign=AdTAG24\" target=\"_blank\" data-vars-identifier=\"1727379152773\" rel=\"nofollow noopener sponsored\" data-vars-href=\"https:\/\/www.mediamarkt.de\/de\/store\/mainz-418?utm_source=TAG24&amp;utm_medium=NativeAd&amp;utm_campaign=AdTAG24\" data-vars-><br \/>\n            <img decoding=\"async\" class=\"article__img\" alt=\"MediaMarkt Mainz (im Gutenberg-Center) auf der Haifa Allee 1.\" width=\"951\" height=\"634\" loading=\"lazy\" src=\"https:\/\/www.europesays.com\/de\/wp-content\/uploads\/2025\/09\/bcrjogt2wygctg9ojni6lq0ezjch5o9w.jpg\"  \/><\/p>\n<p>            MediaMarkt Mainz (im Gutenberg-Center) auf der Haifa Allee 1.<\/p>\n<p>            <\/a><\/p>\n<p><b>MediaMarkt Mainz<br \/><\/b>(im Gutenberg-Center)<br \/>Haifa Allee 1<br \/>55128 Mainz<\/p>\n<p>\u00d6ffnungszeiten:<br \/>Mo. &#8211; Sa.: 10 bis 19 Uhr<\/p>\n<p>            <a href=\"https:\/\/www.mediamarkt.de\/de\/store\/mainz-city-202?utm_source=TAG24&amp;utm_medium=NativeAd&amp;utm_campaign=AdTAG24\" target=\"_blank\" data-vars-identifier=\"1727379152774\" rel=\"nofollow noopener sponsored\" data-vars-href=\"https:\/\/www.mediamarkt.de\/de\/store\/mainz-city-202?utm_source=TAG24&amp;utm_medium=NativeAd&amp;utm_campaign=AdTAG24\" data-vars-><br \/>\n            <img decoding=\"async\" class=\"article__img\" alt=\"MediaMarkt Mainz-City - Am Brand 41.\" width=\"951\" height=\"634\" loading=\"lazy\" src=\"https:\/\/www.europesays.com\/de\/wp-content\/uploads\/2025\/09\/sx9o0ibg8m7et8fgh8xgudiic3k7ufhe.jpg\"  \/><\/p>\n<p>            MediaMarkt Mainz-City &#8211; Am Brand 41.<\/p>\n<p>            <\/a><\/p>\n<p><b>MediaMarkt Mainz-City<\/b><br \/>Am Brand 41<br \/>55116 Mainz<\/p>\n<p>\u00d6ffnungszeiten:<br \/>Mo. &#8211; Sa.: 10 bis 19 Uhr<\/p>\n<p>            <a href=\"https:\/\/www.mediamarkt.de\/de\/store\/neunkirchen-99?utm_source=TAG24&amp;utm_medium=NativeAd&amp;utm_campaign=AdTAG24\" target=\"_blank\" data-vars-identifier=\"1727379152775\" rel=\"nofollow noopener sponsored\" data-vars-href=\"https:\/\/www.mediamarkt.de\/de\/store\/neunkirchen-99?utm_source=TAG24&amp;utm_medium=NativeAd&amp;utm_campaign=AdTAG24\" data-vars-><br \/>\n            <img decoding=\"async\" class=\"article__img\" alt=\"MediaMarkt Neunkirchen auf der Kirkeler Stra\u00dfe 50.\" width=\"951\" height=\"634\" loading=\"lazy\" src=\"https:\/\/www.europesays.com\/de\/wp-content\/uploads\/2025\/09\/zk062x3ndus4oa19k95h1we841mb0aqy.jpg\"  \/><\/p>\n<p>            MediaMarkt Neunkirchen auf der Kirkeler Stra\u00dfe 50.<\/p>\n<p>            <\/a><\/p>\n<p><b>MediaMarkt Neunkirchen<\/b><br \/>Kirkeler Stra\u00dfe 50<br \/>66538 Neunkirchen<\/p>\n<p>\u00d6ffnungszeiten:<br \/>Mo. &#8211; Sa.: 10 bis 19 Uhr<\/p>\n<p>            <a href=\"https:\/\/www.mediamarkt.de\/de\/store\/neustadt-268?utm_source=TAG24&amp;utm_medium=NativeAd&amp;utm_campaign=AdTAG24\" target=\"_blank\" data-vars-identifier=\"1727379152776\" rel=\"nofollow noopener sponsored\" data-vars-href=\"https:\/\/www.mediamarkt.de\/de\/store\/neustadt-268?utm_source=TAG24&amp;utm_medium=NativeAd&amp;utm_campaign=AdTAG24\" data-vars-><br \/>\n            <img decoding=\"async\" class=\"article__img\" alt=\"MediaMarkt Neustadt an der Weinstra\u00dfe auf der Chemnitzer Stra\u00dfe 33.\" width=\"951\" height=\"634\" loading=\"lazy\" src=\"https:\/\/www.europesays.com\/de\/wp-content\/uploads\/2025\/09\/j1yw55z9jifi15vh3gw4ucqqi1qtb4um.jpg\"  \/><\/p>\n<p>            MediaMarkt Neustadt an der Weinstra\u00dfe auf der Chemnitzer Stra\u00dfe 33.<\/p>\n<p>            <\/a><\/p>\n<p><b>MediaMarkt Neustadt an der Weinstra\u00dfe<\/b><br \/>Chemnitzer Stra\u00dfe 33<br \/>67433 Neustadt an der Weinstra\u00dfe<\/p>\n<p>\u00d6ffnungszeiten:<br \/>Mo. &#8211; Sa.: 10 bis 19 Uhr<\/p>\n<p>            <a href=\"https:\/\/www.mediamarkt.de\/de\/store\/neuwied-540?utm_source=TAG24&amp;utm_medium=NativeAd&amp;utm_campaign=AdTAG24\" target=\"_blank\" data-vars-identifier=\"1727379152777\" rel=\"nofollow noopener sponsored\" data-vars-href=\"https:\/\/www.mediamarkt.de\/de\/store\/neuwied-540?utm_source=TAG24&amp;utm_medium=NativeAd&amp;utm_campaign=AdTAG24\" data-vars-><br \/>\n            <img decoding=\"async\" class=\"article__img\" alt=\"MediaMarkt Neuwied auf der Langendorfer Stra\u00dfe 84-86.\" width=\"951\" height=\"634\" loading=\"lazy\" src=\"https:\/\/www.europesays.com\/de\/wp-content\/uploads\/2025\/09\/8rnitg1i0gwprvgcci5vlhk6stw5muau.jpg\"  \/><\/p>\n<p>            MediaMarkt Neuwied auf der Langendorfer Stra\u00dfe 84-86.<\/p>\n<p>            <\/a><\/p>\n<p><b>MediaMarkt Neuwied<\/b><br \/>Langendorfer Stra\u00dfe 84-86<br \/>56564 Neuwied<\/p>\n<p>\u00d6ffnungszeiten:<br \/>Mo. &#8211; Fr.: 10 bis 19 Uhr<br \/>Sa.: 10 bis 18 Uhr<\/p>\n<p>            <a href=\"https:\/\/www.mediamarkt.de\/de\/store\/pirmasens-443?utm_source=TAG24&amp;utm_medium=NativeAd&amp;utm_campaign=AdTAG24\" target=\"_blank\" data-vars-identifier=\"1727379152778\" rel=\"nofollow noopener sponsored\" data-vars-href=\"https:\/\/www.mediamarkt.de\/de\/store\/pirmasens-443?utm_source=TAG24&amp;utm_medium=NativeAd&amp;utm_campaign=AdTAG24\" data-vars-><br \/>\n            <img decoding=\"async\" class=\"article__img\" alt=\"MediaMarkt Pirmasens auf der Zweibr\u00fccker Stra\u00dfe 232.\" width=\"951\" height=\"634\" loading=\"lazy\" src=\"https:\/\/www.europesays.com\/de\/wp-content\/uploads\/2025\/09\/h7rntu0jqd45ijenlwymqwmvlrqhe3jl.jpg\"  \/><\/p>\n<p>            MediaMarkt Pirmasens auf der Zweibr\u00fccker Stra\u00dfe 232.<\/p>\n<p>            <\/a><\/p>\n<p><b>MediaMarkt Pirmasens<\/b><br \/>Zweibr\u00fccker Stra\u00dfe 232<br \/>66954 Pirmasens<\/p>\n<p>\u00d6ffnungszeiten:<br \/>Mo. &#8211; Sa.: 10 bis 19 Uhr<\/p>\n<p>            <a href=\"https:\/\/www.mediamarkt.de\/de\/store\/saarbruecken-saarbasar-458?utm_source=TAG24&amp;utm_medium=NativeAd&amp;utm_campaign=AdTAG24\" target=\"_blank\" data-vars-identifier=\"1727379152779\" rel=\"nofollow noopener sponsored\" data-vars-href=\"https:\/\/www.mediamarkt.de\/de\/store\/saarbruecken-saarbasar-458?utm_source=TAG24&amp;utm_medium=NativeAd&amp;utm_campaign=AdTAG24\" data-vars-><br \/>\n            <img decoding=\"async\" class=\"article__img\" alt=\"MediaMarkt Saarbr\u00fccken-Saarbasar auf der Breslauer Stra\u00dfe 1a.\" width=\"951\" height=\"634\" loading=\"lazy\" src=\"https:\/\/www.europesays.com\/de\/wp-content\/uploads\/2025\/09\/lzpau4ww54gw7gkozgjhobmsj0hapxd5.jpg\"  \/><\/p>\n<p>            MediaMarkt Saarbr\u00fccken-Saarbasar auf der Breslauer Stra\u00dfe 1a.<\/p>\n<p>            <\/a><\/p>\n<p><b>MediaMarkt Saarbr\u00fccken-Saarbasar<\/b><br \/>Breslauer Stra\u00dfe 1a<br \/>66121 Saarbr\u00fccken<\/p>\n<p>\u00d6ffnungszeiten:<br \/>Mo. &#8211; Sa.: 10 bis 20 Uhr<\/p>\n<p>            <a href=\"https:\/\/www.mediamarkt.de\/de\/store\/saarbruecken-auf-den-saarterrassen-573?utm_source=TAG24&amp;utm_medium=NativeAd&amp;utm_campaign=AdTAG24\" target=\"_blank\" data-vars-identifier=\"1727379152780\" rel=\"nofollow noopener sponsored\" data-vars-href=\"https:\/\/www.mediamarkt.de\/de\/store\/saarbruecken-auf-den-saarterrassen-573?utm_source=TAG24&amp;utm_medium=NativeAd&amp;utm_campaign=AdTAG24\" data-vars-><br \/>\n            <img decoding=\"async\" class=\"article__img\" alt=\"MediaMarkt Saarbr\u00fccken auf den Saarterrassen - Dr.-Tietz-Stra\u00dfe 13.\" width=\"951\" height=\"634\" loading=\"lazy\" src=\"https:\/\/www.europesays.com\/de\/wp-content\/uploads\/2025\/09\/htjk66o4urv24bevr7kfkq1iwsgclyxe.jpg\"  \/><\/p>\n<p>            MediaMarkt Saarbr\u00fccken auf den Saarterrassen &#8211; Dr.-Tietz-Stra\u00dfe 13.<\/p>\n<p>            <\/a><\/p>\n<p><b>MediaMarkt Saarbr\u00fccken auf den Saarterrassen<\/b><br \/>Dr.-Tietz-Stra\u00dfe 13<br \/>66115 Saarbr\u00fccken<\/p>\n<p>\u00d6ffnungszeiten:<br \/>Mo. &#8211; Sa.: 10 bis 19 Uhr<\/p>\n<p>            <a href=\"https:\/\/www.mediamarkt.de\/de\/store\/saarlouis-253?utm_source=TAG24&amp;utm_medium=NativeAd&amp;utm_campaign=AdTAG24\" target=\"_blank\" data-vars-identifier=\"1727379152781\" rel=\"nofollow noopener sponsored\" data-vars-href=\"https:\/\/www.mediamarkt.de\/de\/store\/saarlouis-253?utm_source=TAG24&amp;utm_medium=NativeAd&amp;utm_campaign=AdTAG24\" data-vars-><br \/>\n            <img decoding=\"async\" class=\"article__img\" alt=\"MediaMarkt Saarlouis (im Clubs-Center) auf der Dieselstra\u00dfe 1.\" width=\"951\" height=\"634\" loading=\"lazy\" src=\"https:\/\/www.europesays.com\/de\/wp-content\/uploads\/2025\/09\/kq22a8rqf76e8ggrx9dk9f3x9osx4m2q.jpg\"  \/><\/p>\n<p>            MediaMarkt Saarlouis (im Clubs-Center) auf der Dieselstra\u00dfe 1.<\/p>\n<p>            <\/a><\/p>\n<p><b>MediaMarkt Saarlouis<\/b><br \/>(im Globus-Center)<br \/>Dieselstra\u00dfe 1<br \/>66740 Saarlouis<\/p>\n<p>\u00d6ffnungszeiten:<br \/>Mo. &#8211; Sa.: 10 bis 19 Uhr<\/p>\n<p>            <a href=\"https:\/\/www.mediamarkt.de\/de\/store\/speyer-580?utm_source=TAG24&amp;utm_medium=NativeAd&amp;utm_campaign=AdTAG24\" target=\"_blank\" data-vars-identifier=\"1757539431088\" rel=\"nofollow noopener sponsored\" data-vars-href=\"https:\/\/www.mediamarkt.de\/de\/store\/speyer-580?utm_source=TAG24&amp;utm_medium=NativeAd&amp;utm_campaign=AdTAG24\" data-vars-><br \/>\n            <img decoding=\"async\" class=\"article__img\" alt=\"MediaMarkt Speyer auf der Wormser Landstra\u00dfe 94.\" width=\"951\" height=\"634\" loading=\"lazy\" src=\"https:\/\/www.europesays.com\/de\/wp-content\/uploads\/2025\/09\/1zbthz22gdagkv6ui6sx5xoavil5rtxe.jpg\"  \/><\/p>\n<p>            MediaMarkt Speyer auf der Wormser Landstra\u00dfe 94.\u00a0\u00a0\u00a9\u00a0MediaMarkt \/ Saturn<\/p>\n<p>            <\/a><\/p>\n<p><b>MediaMarkt Speyer<\/b><br \/>Wormser Landstra\u00dfe 94<br \/>67346 Speyer<\/p>\n<p>\u00d6ffnungszeiten:<br \/>Mo. &#8211; Sa.: 10 bis 19 Uhr<\/p>\n<p>            <a href=\"https:\/\/www.mediamarkt.de\/de\/store\/trier-554?utm_source=TAG24&amp;utm_medium=NativeAd&amp;utm_campaign=AdTAG24\" target=\"_blank\" data-vars-identifier=\"1727379152783\" rel=\"nofollow noopener sponsored\" data-vars-href=\"https:\/\/www.mediamarkt.de\/de\/store\/trier-554?utm_source=TAG24&amp;utm_medium=NativeAd&amp;utm_campaign=AdTAG24\" data-vars-><br \/>\n            <img decoding=\"async\" class=\"article__img\" alt=\"MediaMarkt Trier (Alleencenter direkt am Hbf) auf der Ostallee 3-5.\" width=\"951\" height=\"634\" loading=\"lazy\" src=\"https:\/\/www.europesays.com\/de\/wp-content\/uploads\/2025\/09\/9s2qpvofjklf2uekcfwx6sn3xb09nie9.jpg\"  \/><\/p>\n<p>            MediaMarkt Trier (Alleencenter direkt am Hbf) auf der Ostallee 3-5.<\/p>\n<p>            <\/a><\/p>\n<p><b>MediaMarkt Trier<\/b><br \/>(Alleencenter direkt am Hbf)<br \/>Ostallee 3-5<br \/>54290 Trier<\/p>\n<p>\u00d6ffnungszeiten:<br \/>Mo. &#8211; Sa.: 10 bis 19 Uhr<\/p>\n<p>            <a href=\"https:\/\/www.mediamarkt.de\/de\/store\/wiesbaden-aeppelallee-798?utm_source=TAG24&amp;utm_medium=NativeAd&amp;utm_campaign=AdTAG24\" target=\"_blank\" data-vars-identifier=\"1727379152784\" rel=\"nofollow noopener sponsored\" data-vars-href=\"https:\/\/www.mediamarkt.de\/de\/store\/wiesbaden-aeppelallee-798?utm_source=TAG24&amp;utm_medium=NativeAd&amp;utm_campaign=AdTAG24\" data-vars-><br \/>\n            <img decoding=\"async\" class=\"article__img\" alt=\"MediaMarkt Wiesbaden-\u00c4ppelallee auf der \u00c4ppelallee 69.\" width=\"951\" height=\"634\" loading=\"lazy\" src=\"https:\/\/www.europesays.com\/de\/wp-content\/uploads\/2025\/09\/na49vnanot5u76g7hjqqa09psqfbpcmh.jpg\"  \/><\/p>\n<p>            MediaMarkt Wiesbaden-\u00c4ppelallee auf der \u00c4ppelallee 69.<\/p>\n<p>            <\/a><\/p>\n<p><b>MediaMarkt Wiesbaden-\u00c4ppelallee<\/b><br \/>\u00c4ppelallee 69<br \/>65203 Wiesbaden<\/p>\n<p>\u00d6ffnungszeiten:<br \/>Mo. &#8211; Sa.: 10 bis 20 Uhr<\/p>\n<p>            <a href=\"https:\/\/www.mediamarkt.de\/de\/store\/wiesbaden-hasengarten-576?utm_source=TAG24&amp;utm_medium=NativeAd&amp;utm_campaign=AdTAG24\" target=\"_blank\" data-vars-identifier=\"1727379152785\" rel=\"nofollow noopener sponsored\" data-vars-href=\"https:\/\/www.mediamarkt.de\/de\/store\/wiesbaden-hasengarten-576?utm_source=TAG24&amp;utm_medium=NativeAd&amp;utm_campaign=AdTAG24\" data-vars-><br \/>\n            <img decoding=\"async\" class=\"article__img\" alt=\"MediaMarkt Wiesbaden-Hasengarten auf der Hasengartenstra\u00dfe 25.\" width=\"951\" height=\"634\" loading=\"lazy\" src=\"https:\/\/www.europesays.com\/de\/wp-content\/uploads\/2025\/09\/alhbzwapqe0bku1fkhlssp769ndygklc.jpg\"  \/><\/p>\n<p>            MediaMarkt Wiesbaden-Hasengarten auf der Hasengartenstra\u00dfe 25.<\/p>\n<p>            <\/a><\/p>\n<p><b>MediaMarkt Wiesbaden-Hasengarten<\/b><br \/>Hasengartenstra\u00dfe 25<br \/>65189 Wiesbaden<\/p>\n<p>\u00d6ffnungszeiten:<br \/>Mo. &#8211; Sa.: 10 bis 19 Uhr<\/p>\n<p>            <a href=\"https:\/\/www.saturn.de\/de\/store\/kaiserslautern-207?utm_source=TAG24&amp;utm_medium=NativeAd&amp;utm_campaign=AdTAG24\" target=\"_blank\" data-vars-identifier=\"1727379152789\" rel=\"nofollow noopener sponsored\" data-vars-href=\"https:\/\/www.saturn.de\/de\/store\/kaiserslautern-207?utm_source=TAG24&amp;utm_medium=NativeAd&amp;utm_campaign=AdTAG24\" data-vars-><br \/>\n            <img decoding=\"async\" class=\"article__img\" alt=\"Saturn Kaiserslautern auf der Merkurstra\u00dfe 62-64.\" width=\"951\" height=\"634\" loading=\"lazy\" src=\"https:\/\/www.europesays.com\/de\/wp-content\/uploads\/2025\/09\/j5sb428rzdl0iir6ku6nunj1bh61z7t0.jpg\"  \/><\/p>\n<p>            Saturn Kaiserslautern auf der Merkurstra\u00dfe 62-64.<\/p>\n<p>            <\/a><\/p>\n<p><b>Saturn Kaiserslautern<\/b><br \/>Merkurstra\u00dfe 62-64<br \/>67663 Kaiserslautern<\/p>\n<p>\u00d6ffnungszeiten:<br \/>Mo. &#8211; Sa.: 10 bis 19 Uhr<\/p>\n<p>            <a href=\"https:\/\/www.saturn.de\/de\/store\/koblenz-forum-mittelrhein-18\" target=\"_blank\" data-vars-identifier=\"1727379152791\" rel=\"nofollow noopener sponsored\" data-vars-href=\"https:\/\/www.saturn.de\/de\/store\/koblenz-forum-mittelrhein-18\" data-vars-><br \/>\n            <img decoding=\"async\" class=\"article__img\" alt=\"Saturn Koblenz Forum Mittelrhein auf dem Zentralplatz 2.\" width=\"951\" height=\"634\" loading=\"lazy\" src=\"https:\/\/www.europesays.com\/de\/wp-content\/uploads\/2025\/09\/0fdvimdij9cr7et7z0bgjs0qsryf2rer.jpg\"  \/><\/p>\n<p>            Saturn Koblenz Forum Mittelrhein auf dem Zentralplatz 2.<\/p>\n<p>            <\/a><\/p>\n<p><b>Saturn Koblenz Forum Mittelrhein<\/b><br \/>Zentralplatz 2<br \/>56068 Koblenz<\/p>\n<p>\u00d6ffnungszeiten:<br \/>Mo. &#8211; Sa.: 10 bis 19 Uhr<\/p>\n<p>            <a href=\"https:\/\/www.saturn.de\/de\/store\/ludwigshafen-94?utm_source=TAG24&amp;utm_medium=NativeAd&amp;utm_campaign=AdTAG24\" target=\"_blank\" data-vars-identifier=\"1727379152792\" rel=\"nofollow noopener sponsored\" data-vars-href=\"https:\/\/www.saturn.de\/de\/store\/ludwigshafen-94?utm_source=TAG24&amp;utm_medium=NativeAd&amp;utm_campaign=AdTAG24\" data-vars-><br \/>\n            <img decoding=\"async\" class=\"article__img\" alt=\"Saturn Ludwigshafen - Im Zollhof 4.\" width=\"951\" height=\"634\" loading=\"lazy\" src=\"https:\/\/www.europesays.com\/de\/wp-content\/uploads\/2025\/09\/oo70wdzov4lct0unx165szqz0bel37z3.jpg\"  \/><\/p>\n<p>            Saturn Ludwigshafen &#8211; Im Zollhof 4.<\/p>\n<p>            <\/a><\/p>\n<p><b>Saturn Ludwigshafen<\/b><br \/>Im Zollhof 4<br \/>67061 Ludwigshafen<\/p>\n<p>\u00d6ffnungszeiten:<br \/>Mo. &#8211; Sa.: 10 bis 19 Uhr<\/p>\n<p>            <a href=\"https:\/\/www.saturn.de\/de\/store\/saarbruecken-209?utm_source=TAG24&amp;utm_medium=NativeAd&amp;utm_campaign=AdTAG24\" target=\"_blank\" data-vars-identifier=\"1727379152795\" rel=\"nofollow noopener sponsored\" data-vars-href=\"https:\/\/www.saturn.de\/de\/store\/saarbruecken-209?utm_source=TAG24&amp;utm_medium=NativeAd&amp;utm_campaign=AdTAG24\" data-vars-><br \/>\n            <img decoding=\"async\" class=\"article__img\" alt=\"Saturn Saarbr\u00fccken (in der Europa-Galerie) auf der Triererstra\u00dfe 1.\" width=\"951\" height=\"634\" loading=\"lazy\" src=\"https:\/\/www.europesays.com\/de\/wp-content\/uploads\/2025\/09\/pvilti1ph9lugnry93lkbafwga330dah.jpg\"  \/><\/p>\n<p>            Saturn Saarbr\u00fccken (in der Europa-Galerie) auf der Triererstra\u00dfe 1.<\/p>\n<p>            <\/a><\/p>\n<p><b>Saturn Saarbr\u00fccken<br \/><\/b>(in der Europa-Galerie)<br \/>Triererstra\u00dfe 1<br \/>66111 Saarbr\u00fccken<\/p>\n<p>\u00d6ffnungszeiten:<br \/>Mo. &#8211; Sa.: 10 bis 20 Uhr<\/p>\n<p>            <a href=\"https:\/\/www.saturn.de\/de\/store\/wiesbaden-1196?utm_source=TAG24&amp;utm_medium=NativeAd&amp;utm_campaign=AdTAG24\" target=\"_blank\" data-vars-identifier=\"1727379152796\" rel=\"nofollow noopener sponsored\" data-vars-href=\"https:\/\/www.saturn.de\/de\/store\/wiesbaden-1196?utm_source=TAG24&amp;utm_medium=NativeAd&amp;utm_campaign=AdTAG24\" data-vars-><br \/>\n            <img decoding=\"async\" class=\"article__img\" alt=\"Saturn Wiesbaden (im Luisen Forum) auf der Kirchgasse 6.\" width=\"951\" height=\"634\" loading=\"lazy\" src=\"https:\/\/www.europesays.com\/de\/wp-content\/uploads\/2025\/09\/j48qxwbxvbvlr6wmu7eckrd4csn4nyq7.jpg\"  \/><\/p>\n<p>            Saturn Wiesbaden (im Luisen Forum) auf der Kirchgasse 6.<\/p>\n<p>            <\/a><\/p>\n<p><b>Saturn Wiesbaden<br \/><\/b>(im Luisen Forum)<br \/>Kirchgasse 6<br \/>65185 Wiesbaden<\/p>\n<p>\u00d6ffnungszeiten:<br \/>Mo. &#8211; Sa.: 10 bis 19 Uhr<\/p>\n<p>p) Beim Kauf eines oder mehrerer gekennzeichneter Artikel aus der \u201eBlack Friday\u201c-Aktion zwischen dem 27.11.2025, 20:00 Uhr und 01.12.2025, 8:59 Uhr erhalten myMediaMarkt-Kunden beim Kauf in einem MediaMarkt in Deutschland oder im MediaMarkt Onlineshop unter mediamarkt.de (K\u00e4ufe bei Drittanbietern ausgenommen) bzw. mySaturn-Kunden beim Kauf in einem SATURN-Markt in Deutschland oder im SATURN-Onlineshop unter saturn.de (K\u00e4ufe bei Drittanbietern ausgenommen) 15 Punkte je \u20ac 1.- des jeweiligen Verkaufspreises des Produkts statt 5 Punkte je \u20ac 1.-. Presale f\u00fcr gekennzeichnete Artikel aus der \u201eBlack Friday\u201c-Aktion in der App am 27.11. von 9:00 Uhr bis 19:59 Uhr und zus\u00e4tzlich f\u00fcr myMediaMarkt-, bzw. mySaturn-Kunden in einem MediaMarkt oder Saturn-Markt in Deutschland. Ausgenommen sind Vertr\u00e4ge u. Verk\u00e4ufe mit\/von Drittanbietern, Refurbished-Artikeln, Gutschein(-karten\/- boxen), Prepaidkarten\/-Services, E-Books\/B\u00fccher, Zusatzgarantien, von MediaMarkt bzw. SATURN angebotene oder vermittelte Services und Dienstleistungen, Versandkosten, Lebensmittel und Tchibo Cafissimo Produkte. Die Gutschrift der (Extra-)Punkte erfolgt nur nach Vorzeigen der myMediaMarkt-Karte bzw. mySaturn-Karte an der Kasse im Markt oder bei Onlinekauf als eingeloggter myMediaMarkt-Kunde bzw. mySaturn-Kunde. Extra-Punkte werden dem Konto fr\u00fchestens nach einer Frist von 30 Tagen gutgeschrieben. Abgabe nur in haushalts\u00fcblichen Mengen. Nur solange der Vorrat reicht. Keine Mitnahmegarantie.<\/p>\n<p>1) Einmaliger Anschlusspreis 39,99 \u20ac. Mindestvertragslaufzeit 24 Monate. Pro Abrechnungsmonat sind enthalten: nationale Gespr\u00e4che (au\u00dfer Sonderrufnummern, Rufumleitungen) u. SMS in alle dt. Netze sowie 300 GB Datenvolumen f\u00fcr mobiles Surfen im dt. o2 Mobilfunknetz mit bis zu 300 MBit\/s im Download und bis zu 50 MBit\/s im Upload (im Durchschnitt: im 5G Netz\t221,7 MBit\/s im Down- und 35,3 MBit\/s im Upload; im 4G\/ LTE-Netz 69,3 MBit\/s im Down- und 28,4 MBit\/s im Upload). Das monatliche Inklusiv-Datenvolumen erh\u00f6ht sich erstmalig nach 1 Jahr alle 12 Monate automatisch um jeweils 10 GB, maximal aber f\u00fcr 20 Jahre bis 500 GB. Der\/die Kund:in wird per SMS \u00fcber die Erh\u00f6hung des Inklusiv-Datenvolumens informiert. Nach Verbrauch des enthaltenen Datenvolumens f\u00fcr den Rest des Abrechnungsmonats bis zu 32 KBit\/s. Vertragspartner der Hardware bei Kauf im Onlineshop Media Markt oder Saturn Tarifwelt: S-KON eKontor 24 GmbH, Gasstrasse<\/p>\n<p>2) Gilt bei gleichzeitigem Abschluss eines Mobilfunkvertrags im Tarif Allnet Flat 30GB im Mobilfunknetz der Vodafone. Mit Online-Rechnung, 24 Monate Mindestvertragslaufzeit, Anschlusspreis \u20ac39,99. Der monatliche Paketpreis betr\u00e4gt \u20ac29,99. Die Internet Flat enth\u00e4lt eine max. Bandbreite von 50 MBit\/s. Nach Verbrauch eines Datenvolumens von 30GB in einem Abrechnungszeitraum wird die Bandbreite auf max. 64 kbit\/s (Download) und 64 kbit\/s (Upload) beschr\u00e4nkt. Alle Preise inkl. gesetzl. MwSt. Anbieter: freenet DLS GmbH, Hollerstr. 126, 24782 B\u00fcdelsdorf. Vertragspartner der Hardware bei Kauf im Onlineshop Media Markt Tarifwelt: S-KON eKontor 24 GmbH, Gasstrasse 4c, 22761 Hamburg. Tarif-Angebot Online powered by S-KON.<\/p>\n<p>3) Beim Kauf eines neuen, vorr\u00e4tigen \/ sofort verf\u00fcgbaren Spiels f\u00fcr die Nintendo Switch oder Nintendo Switch 2 (reine Digitalprodukte\/Downloadcodes f\u00fcr Spiele ausgenommen) in der Zeit vom 27.11., 9 Uhr, bis zum 1.12.25, 8:59 Uhr, in einem MediaMarkt \/ Saturn-Markt in Deutschland oder im MediaMarkt- \/ Saturn-Onlineshop unter mediamarkt.de \/ saturn.de (K\u00e4ufe bei Drittanbietern ausgenommen) erhalten myMediaMarkt- bzw. mySaturn-Kunden einen 20%-Rabatt auf den ausgewiesenen Kaufpreis. Der Rabatt wird bei Onlinekauf als eingeloggter Kunde im dargestellten Preis ber\u00fccksichtigt und final im Warenkorb abgezogen. Im Markt erfolgt der Abzug direkt an der Kasse durch Vorlage der myMediaMarkt- \/ mySaturn-Karte und Vorzeigen des Coupons. Keine Barauszahlung. Nicht kombinierbar mit anderen (Rabatt-) Aktionen.<\/p>\n<p>4) F\u00fcr zwischen dem 28.10.25 und 16.12.25 gekaufte Ware (gilt nicht f\u00fcr K\u00e4ufe bei Dritt-anbietern) gew\u00e4hren wir ein freiwilliges, verl\u00e4ngertes Widerrufs- bzw. Umtauschrecht bis einschlie\u00dflich 31.12.2025. Voraussetzung des verl\u00e4ngerten, freiwilligen Widerrufs- bzw. Umtauschrechts ist, dass die Ware vollst\u00e4ndig und ohne durch Sie verursachte Besch\u00e4digung in der Originalverpackung bis zum 31.12.2025 zur\u00fcckgeschickt (recht-zeitige Absendung gen\u00fcgt) oder zur\u00fcckgegeben wird. Die Aktion gilt nicht f\u00fcr Rubbelkarten jeglicher Art. Bestehende gesetzliche Rechte (insbesondere Widerrufsrecht, Gew\u00e4hrleistungsanspr\u00fcche) bleiben hiervon unber\u00fchrt. Bei Umtausch\/Kaufr\u00fcckabwicklung von Produkten, die mit einer Zugabe angeboten worden sind, ist die Produktzugabe zur\u00fcckzugeben bzw. zu erstatten.<\/p>\n","protected":false},"excerpt":{"rendered":"Bei MediaMarkt und Saturn l\u00e4uft die Sparaktion des Jahres. Hunderte Artikel sind Montag (1.12.) g\u00fcnstig: Samsung Galaxy A56,&hellip;\n","protected":false},"author":2,"featured_media":612512,"comment_status":"","ping_status":"","sticky":false,"template":"","format":"standard","meta":{"footnotes":""},"categories":[135],"tags":[29,30,190,189,194,191,193,192],"class_list":{"0":"post-612511","1":"post","2":"type-post","3":"status-publish","4":"format-standard","5":"has-post-thumbnail","7":"category-wissenschaft-technik","8":"tag-deutschland","9":"tag-germany","10":"tag-science","11":"tag-science-technology","12":"tag-technik","13":"tag-technology","14":"tag-wissenschaft","15":"tag-wissenschaft-technik"},"share_on_mastodon":{"url":"https:\/\/pubeurope.com\/@de\/115636818214139954","error":""},"_links":{"self":[{"href":"https:\/\/www.europesays.com\/de\/wp-json\/wp\/v2\/posts\/612511","targetHints":{"allow":["GET"]}}],"collection":[{"href":"https:\/\/www.europesays.com\/de\/wp-json\/wp\/v2\/posts"}],"about":[{"href":"https:\/\/www.europesays.com\/de\/wp-json\/wp\/v2\/types\/post"}],"author":[{"embeddable":true,"href":"https:\/\/www.europesays.com\/de\/wp-json\/wp\/v2\/users\/2"}],"replies":[{"embeddable":true,"href":"https:\/\/www.europesays.com\/de\/wp-json\/wp\/v2\/comments?post=612511"}],"version-history":[{"count":0,"href":"https:\/\/www.europesays.com\/de\/wp-json\/wp\/v2\/posts\/612511\/revisions"}],"wp:featuredmedia":[{"embeddable":true,"href":"https:\/\/www.europesays.com\/de\/wp-json\/wp\/v2\/media\/612512"}],"wp:attachment":[{"href":"https:\/\/www.europesays.com\/de\/wp-json\/wp\/v2\/media?parent=612511"}],"wp:term":[{"taxonomy":"category","embeddable":true,"href":"https:\/\/www.europesays.com\/de\/wp-json\/wp\/v2\/categories?post=612511"},{"taxonomy":"post_tag","embeddable":true,"href":"https:\/\/www.europesays.com\/de\/wp-json\/wp\/v2\/tags?post=612511"}],"curies":[{"name":"wp","href":"https:\/\/api.w.org\/{rel}","templated":true}]}}