{"id":612515,"date":"2025-11-30T04:43:14","date_gmt":"2025-11-30T04:43:14","guid":{"rendered":"https:\/\/www.europesays.com\/de\/612515\/"},"modified":"2025-11-30T04:43:14","modified_gmt":"2025-11-30T04:43:14","slug":"russlands-wirtschaft-empfindlich-getroffen-putins-oeltanker-brennen","status":"publish","type":"post","link":"https:\/\/www.europesays.com\/de\/612515\/","title":{"rendered":"Russlands Wirtschaft empfindlich getroffen: Putins \u00d6ltanker brennen"},"content":{"rendered":"<ol class=\"id-DonaldBreadcrumb lp_west_breadcrumb id-DonaldBreadcrumb--default\" data-k5a-pos=\"west_breadcrumb\">\n<li class=\"id-Breadcrumb-item\"><a href=\"https:\/\/www.fr.de\/\" class=\"id-Breadcrumb-link\" data-id-ec=\"{\" shn=\"\" textlink=\"\" data-k5a-pos=\"1_startseite\" rel=\"nofollow noopener\" target=\"_blank\">Startseite<\/a><\/li>\n<li class=\"id-Breadcrumb-item\"><a href=\"https:\/\/www.fr.de\/politik\/\" class=\"id-Breadcrumb-link\" data-id-ec=\"{\" shn=\"\" textlink=\"\" data-k5a-pos=\"2_politik\" rel=\"nofollow noopener\" target=\"_blank\">Politik<\/a><\/li>\n<\/ol>\n<p class=\"id-Story-timestamp id-Story-timestamp--default\">Stand: 30.11.2025, 04:52 Uhr<\/p>\n<p class=\"id-Story-authors id-Story-authors--default\">Von: <a class=\"id-Story-authors-link lp_west_author\" href=\"https:\/\/www.fr.de\/autor\/felix-busjaeger-jg7g167cp.html\" title=\"Zur Autorenseite von Felix Busjaeger\" data-id-ec=\"{\" shn=\"\" author-link=\"\" busjaeger=\"\" data-k5a-pos=\"west_author\" rel=\"nofollow noopener\" target=\"_blank\">Felix Busjaeger<\/a><\/p>\n<p class=\"id-Story-interactionBar id-Story-interactionBar--default\">DruckenTeilen<\/p>\n<p class=\"id-StoryElement-leadText\">W\u00e4hrend des Ukraine-Kriegs soll Russlands Wirtschaft mit Sanktionen und gezielten Drohnenattacken einged\u00e4mmt werden. Jetzt brennen Putins Schattentanker.<\/p>\n<p class=\"id-StoryElement-paragraph\">Kiew\/Moskau \u2013 Angesichts der russischen \u00dcbermacht im <a href=\"https:\/\/www.fr.de\/politik\/ukraine-konflikt-sti1524391\/\" class=\"id-import-Link\" title=\"Ukraine-Krieg\" data-id-ec=\"{&quot;sht&quot;:&quot;Container&quot;,&quot;shn&quot;:&quot;Story&quot;,&quot;p&quot;:{&quot;containerType&quot;:&quot;Paragraph&quot;,&quot;displayType&quot;:&quot;Paragraph InlineLink&quot;,&quot;type&quot;:&quot;INLINE_LINK&quot;,&quot;value&quot;:&quot;Ukraine-Krieg&quot;,&quot;variant&quot;:&quot;standardLink&quot;,&quot;sponsored&quot;:false,&quot;linkHref&quot;:&quot;https:\/\/www.fr.de\/politik\/ukraine-konflikt-sti1524391\/&quot;,&quot;storyElementPosition&quot;:8,&quot;storyElementCount&quot;:28}}\" rel=\"nofollow noopener\" target=\"_blank\">Ukraine-Krieg<\/a> setzt Kiew seit Ausbruch der K\u00e4mpfe vor knapp vier Jahren immer wieder gezielte Attacken, die Russland im Konflikt regelm\u00e4\u00dfig empfindliche Verluste zuf\u00fcgen. Seit einigen Monaten sind Angriffe auf Russlands Wirtschaft Kern dieser Strategie. Wie ukrainische Vertreter betonten, zielen die <a href=\"https:\/\/www.fr.de\/politik\/russlands-oel-raffinerie-in-flammen-strategischer-angriff-trifft-putins-wirtschaft-zum-fuenften-mal-94060482.html\" class=\"id-import-Link\" data-id-ec=\"{&quot;sht&quot;:&quot;Container&quot;,&quot;shn&quot;:&quot;Story&quot;,&quot;p&quot;:{&quot;containerType&quot;:&quot;Paragraph&quot;,&quot;displayType&quot;:&quot;Paragraph InlineLink&quot;,&quot;type&quot;:&quot;INLINE_LINK&quot;,&quot;value&quot;:&quot;Drohnenattacken auf &#xD6;l-Raffinerien, Energieinfrastrukture&quot;,&quot;variant&quot;:&quot;standardLink&quot;,&quot;sponsored&quot;:false,&quot;linkHref&quot;:&quot;https:\/\/www.fr.de\/politik\/russlands-oel-raffinerie-in-flammen-strategischer-angriff-trifft-putins-wirtschaft-zum-fuenften-mal-94060482.html&quot;,&quot;storyElementPosition&quot;:8,&quot;storyElementCount&quot;:28}}\" rel=\"nofollow noopener\" target=\"_blank\">Drohnenattacken auf \u00d6l-Raffinerien, Energieinfrastrukture<\/a>n oder Nachschublinien darauf ab, Wladimir <a href=\"https:\/\/www.fr.de\/politik\/konflikt-friendsplan-ukraine-krieg-aktuell-news-ticker-selenskyj-putin-ende-zr-94059244.html\" class=\"id-import-Link\" data-id-ec=\"{&quot;sht&quot;:&quot;Container&quot;,&quot;shn&quot;:&quot;Story&quot;,&quot;p&quot;:{&quot;containerType&quot;:&quot;Paragraph&quot;,&quot;displayType&quot;:&quot;Paragraph InlineLink&quot;,&quot;type&quot;:&quot;INLINE_LINK&quot;,&quot;value&quot;:&quot;Putins Handlungsspielraum im Ukraine-Krieg&quot;,&quot;variant&quot;:&quot;standardLink&quot;,&quot;sponsored&quot;:false,&quot;linkHref&quot;:&quot;https:\/\/www.fr.de\/politik\/konflikt-friendsplan-ukraine-krieg-aktuell-news-ticker-selenskyj-putin-ende-zr-94059244.html&quot;,&quot;storyElementPosition&quot;:8,&quot;storyElementCount&quot;:28}}\" rel=\"nofollow noopener\" target=\"_blank\">Putins Handlungsspielraum im Ukraine-Krieg<\/a> weiter einzuschr\u00e4nken.<\/p>\n<p><img decoding=\"async\" class=\"id-RatioPlaceholder-element wv_story_el_image\" src=\"https:\/\/www.europesays.com\/de\/wp-content\/uploads\/2025\/11\/40635403-russlands-praesident-putin-bei-gipfeltreffen-in-kirgistan-2NOh4EVWhIBG.jpg\" loading=\"lazy\"   height=\"733\" width=\"1100\" alt=\"Russlands Pr&#xE4;sident Putin bei Gipfeltreffen in Kirgistan.\"\/>Russlands Pr\u00e4sident Wladimir Putin. Zwei Tanker seiner Schattenflotte wurden nun auf dem Schwarzen Meer besch\u00e4digt. (Archivbild) \u00a9\u00a0Alexander Kazakov\/dpa<\/p>\n<p class=\"id-StoryElement-paragraph\">W\u00e4hrend US-Pr\u00e4sident <a href=\"https:\/\/www.fr.de\/politik\/donald-trump-per32650\/\" class=\"id-import-Link\" title=\"Donald Trump\" data-id-ec=\"{&quot;sht&quot;:&quot;Container&quot;,&quot;shn&quot;:&quot;Story&quot;,&quot;p&quot;:{&quot;containerType&quot;:&quot;Paragraph&quot;,&quot;displayType&quot;:&quot;Paragraph InlineLink&quot;,&quot;type&quot;:&quot;INLINE_LINK&quot;,&quot;value&quot;:&quot;Donald Trump&quot;,&quot;variant&quot;:&quot;standardLink&quot;,&quot;sponsored&quot;:false,&quot;linkHref&quot;:&quot;https:\/\/www.fr.de\/politik\/donald-trump-per32650\/&quot;,&quot;storyElementPosition&quot;:11,&quot;storyElementCount&quot;:28}}\" rel=\"nofollow noopener\" target=\"_blank\">Donald Trump<\/a> zuletzt mit seinem Friedensplan einen Vorsto\u00df gewagt hat, der ein Ende des Ukraine-Kriegs erreichen soll, setzt Kiew im Kampf gegen Russland weiter auf gezielte Attacken. Zuletzt brannte es auf der <a href=\"https:\/\/www.fr.de\/politik\/krim-bevoelkerung-geschichte-bedeutung-ukraine-konflikt-91908855.html\" class=\"id-import-Link\" data-id-ec=\"{&quot;sht&quot;:&quot;Container&quot;,&quot;shn&quot;:&quot;Story&quot;,&quot;p&quot;:{&quot;containerType&quot;:&quot;Paragraph&quot;,&quot;displayType&quot;:&quot;Paragraph InlineLink&quot;,&quot;type&quot;:&quot;INLINE_LINK&quot;,&quot;value&quot;:&quot;Krim&quot;,&quot;variant&quot;:&quot;standardLink&quot;,&quot;sponsored&quot;:false,&quot;linkHref&quot;:&quot;https:\/\/www.fr.de\/politik\/krim-bevoelkerung-geschichte-bedeutung-ukraine-konflikt-91908855.html&quot;,&quot;storyElementPosition&quot;:11,&quot;storyElementCount&quot;:28}}\" rel=\"nofollow noopener\" target=\"_blank\">Krim<\/a>: Eine \u00d6l-Raffinerie war wiederholt zum Ziel geworden. Doch nun gibt es Berichte, wonach auch zwei \u00d6ltanker im Schwarzen Meer in Brand geraten sind. Die Hintergr\u00fcnde der Vorf\u00e4lle sind noch unklar. Die russische Agentur TASS schrieb unter Berufung auf t\u00fcrkische Medien, dass es sich bei den Vorf\u00e4llen um Drohnenangriffe gehandelt haben k\u00f6nnte.<\/p>\n<p>Putins Schattenflotte brennt: Wichtiger Arm von Russlands Wirtschaft getroffen<\/p>\n<p class=\"id-StoryElement-paragraph\">Nach Angaben t\u00fcrkischer Beh\u00f6rden hei\u00dft es hingegen, dass die Br\u00e4nde aus unbekannten Gr\u00fcnden ausgebrochen seien. Wie ntv berichtet, ereignete sich der Vorfall nahe der t\u00fcrkischen K\u00fcste. An Bord der Schiffe befanden sich 45 Besatzungsmitglieder, die gerettet werden konnten. Der Tanker \u201eKairos\u201c meldete den Informationen nach einen externen Aufprall, der das Feuer verursacht haben soll. Das Schiff sei auf dem Weg in den russischen Hafen Noworossijsk gewesen. Der zweite \u00d6ltanker, die \u201eVirat\u201c, habe gemeldet, \u201egetroffen\u201c worden zu sein, teilte die\u00a0t\u00fcrkische Meeresbeh\u00f6rde DGM mit. Sie machte keine Angaben dazu, um welche Art Treffer es gehe.<\/p>\n<p class=\"id-StoryElement-paragraph\">Beide Schiffe werden Putins Schattenflotte zugerechnet und sind damit ein wichtiges Instrument f\u00fcr Russlands Wirtschaft. Nach Angaben von OpenSanctions steht die \u201eVirat\u201c seit Januar 2025 auf den Sanktionslisten der Amerikaner und anderen Staaten. Die \u201eKairos\u201c wird durch die <a href=\"https:\/\/www.fr.de\/politik\/eu-europaeische-union-mitgliedstaaten-laender-gruendung-von-der-leyen-ziele-91385429.html\" class=\"id-import-Link\" data-id-ec=\"{&quot;sht&quot;:&quot;Container&quot;,&quot;shn&quot;:&quot;Story&quot;,&quot;p&quot;:{&quot;containerType&quot;:&quot;Paragraph&quot;,&quot;displayType&quot;:&quot;Paragraph InlineLink&quot;,&quot;type&quot;:&quot;INLINE_LINK&quot;,&quot;value&quot;:&quot;EU&quot;,&quot;variant&quot;:&quot;standardLink&quot;,&quot;sponsored&quot;:false,&quot;linkHref&quot;:&quot;https:\/\/www.fr.de\/politik\/eu-europaeische-union-mitgliedstaaten-laender-gruendung-von-der-leyen-ziele-91385429.html&quot;,&quot;storyElementPosition&quot;:15,&quot;storyElementCount&quot;:28}}\" rel=\"nofollow noopener\" target=\"_blank\">EU<\/a> seit Juli sanktioniert, gefolgt vom Vereinigten K\u00f6nigreich und der Schweiz. Beide \u00d6ltanker fuhren nach Angaben der Webseite Vesselfinder unter gambischer Flagge.<\/p>\n<p>Putins Verb\u00fcndete: Diese L\u00e4nder stehen im Ukraine-Krieg an der Seite Russlands<img decoding=\"async\" class=\"id-RatioPlaceholder-element wv_story_el_interstitialImage\" src=\"https:\/\/www.europesays.com\/de\/wp-content\/uploads\/2025\/08\/1756487111_335_39235312-russlands-praesident-wladimir-putin-bei-einem-treffen-der-gemeinschaft-unabhaengiger-staate.jpeg\" loading=\"lazy\"   height=\"2468\" width=\"4000\" alt=\"Russlands Pr&#xE4;sident Wladimir Putin bei einem Treffen der Gemeinschaft unabh&#xE4;ngiger Staaten\"\/><a href=\"https:\/\/www.fr.de\/politik\/der-seite-russlands-putins-verbuendete-diese-laender-stehen-im-ukraine-krieg-an-zr-93907380.html\" class=\"id-StoryElement-intestitialLink-link\" data-id-ec=\"{\" shn=\"\" ansehen=\"\" data-k5a-pos=\"west_story_16_photoGalleryLink\" title=\"Zur Fotostrecke: Putins Verb&#xFC;ndete: Diese L&#xE4;nder stehen im Ukraine-Krieg an der Seite Russlands\" rel=\"nofollow noopener\" target=\"_blank\">Fotostrecke ansehen<\/a><\/p>\n<p class=\"id-StoryElement-paragraph\">Seit Beginn des Ukraine-Kriegs sind immer wieder Seeminen im Schwarzen Meer entdeckt und zerst\u00f6rt worden. Die Minen, die von Streitkr\u00e4ften zum Schutz ihrer K\u00fcsten genutzt werden, sind in den vergangenen Jahren insbesondere durch St\u00fcrme abgetrieben. Angesichts der Gefahr durch die Seeminen richteten die T\u00fcrkei, Bulgarien und Rum\u00e4nien, drei <a href=\"https:\/\/www.merkur.de\/politik\/nato-org27480\/\" class=\"id-import-Link id-pageApi-Link--externalDomain\" title=\"NATO\" data-id-ec=\"{&quot;sht&quot;:&quot;Container&quot;,&quot;shn&quot;:&quot;Story&quot;,&quot;p&quot;:{&quot;containerType&quot;:&quot;Paragraph&quot;,&quot;displayType&quot;:&quot;Paragraph InlineLink&quot;,&quot;type&quot;:&quot;INLINE_LINK&quot;,&quot;value&quot;:&quot;Nato&quot;,&quot;variant&quot;:&quot;standardLink&quot;,&quot;sponsored&quot;:false,&quot;linkHref&quot;:&quot;https:\/\/www.merkur.de\/politik\/nato-org27480\/&quot;,&quot;storyElementPosition&quot;:18,&quot;storyElementCount&quot;:28}}\" rel=\"nofollow noopener\" target=\"_blank\">Nato<\/a>-L\u00e4nder, die am Schwarzen Meer liegen, im Jahr 2024 eine Marineeinheit zur Bek\u00e4mpfung der Minen in dem Gew\u00e4sser ein.<\/p>\n<p>Russlands Wirtschaft im Visier: Putin umgeht Sanktionen mit Schattenflotte<\/p>\n<p class=\"id-StoryElement-paragraph\">Putins Schattenflotte hat sich seit Ausbruch des Ukraine-Kriegs zum effektiven Mittel entwickelt, um westliche Sanktionen zu umgehen. Wie Geopolitical Monitor schreibt, ist das Ziel des sogenannten Schattenflotten-Systems, internationale Kontrollen und Beschr\u00e4nkungen zu umgehen. Hierf\u00fcr werden die Schiffe unter fremdl\u00e4ndischen Flaggen registriert. Russland kann in der Folge \u00d6lpreisobergrenze\u00a0umgehen und den Geldfluss in das Land aufrechterhalten. Nach Einsch\u00e4tzung des Mediums hat <a href=\"https:\/\/www.fr.de\/politik\/wladimir-putin-per42970\/\" class=\"id-import-Link\" title=\"Wladimir Putin\" data-id-ec=\"{&quot;sht&quot;:&quot;Container&quot;,&quot;shn&quot;:&quot;Story&quot;,&quot;p&quot;:{&quot;containerType&quot;:&quot;Paragraph&quot;,&quot;displayType&quot;:&quot;Paragraph InlineLink&quot;,&quot;type&quot;:&quot;INLINE_LINK&quot;,&quot;value&quot;:&quot;Putin&quot;,&quot;variant&quot;:&quot;standardLink&quot;,&quot;sponsored&quot;:false,&quot;linkHref&quot;:&quot;https:\/\/www.fr.de\/politik\/wladimir-putin-per42970\/&quot;,&quot;storyElementPosition&quot;:21,&quot;storyElementCount&quot;:28}}\" rel=\"nofollow noopener\" target=\"_blank\">Putin<\/a> trotz internationaler Sanktionen die Schattenflotte ausgebaut und zu einer bedeutenden Einnahmequelle f\u00fcr Russlands Wirtschaft entwickelt.<\/p>\n<p class=\"id-StoryElement-paragraph\">Im Fr\u00fchjahr 2025 hie\u00df es laut\u00a0Daten\u00a0der Kyiv School of Economics (KSE), dass Russland seit 2022 Milliardensummen in den Ausbau dieser Flotte investiert hat, die mittlerweile sch\u00e4tzungsweise \u00fcber 400 Schiffe umfasst. Im Herbst 2024 kam ein Briefing des Europ\u00e4ischen Parlaments zu dem Schluss, dass die Schattentanker 66 Prozent des russischen See\u00f6ls transportieren w\u00fcrden. Russlands Wirtschaft soll im gro\u00dfen Stil von diesen Mechanismen profitieren.<\/p>\n<p>Putins Schattenflotte: Neue Sanktionen geplant<\/p>\n<p class=\"id-StoryElement-paragraph\">F\u00fcr Wladimir Putin scheint die Schattenflotte ein effektives <a href=\"https:\/\/www.fr.de\/politik\/trump-selenskyj-putin-ukraine-friedensplan-kiew-sieht-drei-grosse-streitpunkte-zr-94057614.html\" class=\"id-import-Link\" data-id-ec=\"{&quot;sht&quot;:&quot;Container&quot;,&quot;shn&quot;:&quot;Story&quot;,&quot;p&quot;:{&quot;containerType&quot;:&quot;Paragraph&quot;,&quot;displayType&quot;:&quot;Paragraph InlineLink&quot;,&quot;type&quot;:&quot;INLINE_LINK&quot;,&quot;value&quot;:&quot;Mittel, um den Ukraine-Krieg&quot;,&quot;variant&quot;:&quot;standardLink&quot;,&quot;sponsored&quot;:false,&quot;linkHref&quot;:&quot;https:\/\/www.fr.de\/politik\/trump-selenskyj-putin-ukraine-friedensplan-kiew-sieht-drei-grosse-streitpunkte-zr-94057614.html&quot;,&quot;storyElementPosition&quot;:25,&quot;storyElementCount&quot;:28}}\" rel=\"nofollow noopener\" target=\"_blank\">Mittel, um den Ukraine-Krieg<\/a> finanzieren zu k\u00f6nnen. Aufgrund des Ausma\u00dfes hat die EU bereits in der Vergangenheit gezielte Sanktionen gegen diese Strukturen von Russlands Wirtschaft hervorgebracht. Gegenw\u00e4rtig wird \u00fcber ein 20. Sanktionspaket gegen Russland debattiert. Dabei geht es insbesondere um das weitere Vorgehen gegen die Schattenflotte.<\/p>\n<p class=\"id-StoryElement-paragraph\">Doch nicht nur die wirtschaftlichen Folgen sorgen immer wieder f\u00fcr Probleme. Die Vielzahl der Tanker gilt als alt und marode. 2024 kam es im Schwarzen Meer zu einer Umweltkatastrophe, nachdem das Frachtschiff \u201eVolgoneft-212\u201c in einem Sturm vor der K\u00fcste der Krim zerbrochen war. Ein zweiter Tanker, die \u201eVolgoneft-239\u201c, geriet laut Guardian im selben Gebiet in Seenot und lief schlie\u00dflich nahe dem Hafen von Taman am s\u00fcdlichen Ende der Stra\u00dfe von Kertsch auf Grund. <\/p>\n<p class=\"id-StoryElement-paragraph\">Ein Berater von <a href=\"https:\/\/www.fr.de\/politik\/wolodymyr-selenskyj-ukraine-praesident-konflikt-krieg-tv-star-tanzshow-schauspieler-91382339.html\" class=\"id-import-Link\" data-id-ec=\"{&quot;sht&quot;:&quot;Container&quot;,&quot;shn&quot;:&quot;Story&quot;,&quot;p&quot;:{&quot;containerType&quot;:&quot;Paragraph&quot;,&quot;displayType&quot;:&quot;Paragraph InlineLink&quot;,&quot;type&quot;:&quot;INLINE_LINK&quot;,&quot;value&quot;:&quot;Wolodymyr Selenskyj&quot;,&quot;variant&quot;:&quot;standardLink&quot;,&quot;sponsored&quot;:false,&quot;linkHref&quot;:&quot;https:\/\/www.fr.de\/politik\/wolodymyr-selenskyj-ukraine-praesident-konflikt-krieg-tv-star-tanzshow-schauspieler-91382339.html&quot;,&quot;storyElementPosition&quot;:28,&quot;storyElementCount&quot;:28}}\" rel=\"nofollow noopener\" target=\"_blank\">Wolodymyr Selenskyj<\/a> erkl\u00e4rte damals: \u201eDie Unf\u00e4lle zweier rostiger Schiffe in der Stra\u00dfe von Kertsch f\u00fchrten zu einer weiteren gro\u00dffl\u00e4chigen Umweltkatastrophe unseres Krieges. Tausende Tonnen Schwer\u00f6l liefen aus und verursachten tragische Sch\u00e4den an den \u00d6kosystemen des Asowschen und des Schwarzen Meeres.\u201c Die meisten Boote seien \u201ehoffnungslos veraltet\u201c, sagte Podalyak weiter und behauptete, sie h\u00e4tten \u201efiktive Versicherungen\u201c und w\u00fcrden ihre wahren Besitzer\u00a0verschleiern. (Quellen: afp, Guardian, ntv, Kyiv School of Economics, Geopolitical Monitor) (fbu)<\/p>\n","protected":false},"excerpt":{"rendered":"Startseite Politik Stand: 30.11.2025, 04:52 Uhr Von: Felix Busjaeger DruckenTeilen W\u00e4hrend des Ukraine-Kriegs soll Russlands Wirtschaft mit Sanktionen&hellip;\n","protected":false},"author":2,"featured_media":612386,"comment_status":"","ping_status":"","sticky":false,"template":"","format":"standard","meta":{"footnotes":""},"categories":[3],"tags":[13,14,15,12,10,8,9,11,103,104],"class_list":{"0":"post-612515","1":"post","2":"type-post","3":"status-publish","4":"format-standard","5":"has-post-thumbnail","7":"category-welt","8":"tag-headlines","9":"tag-nachrichten","10":"tag-news","11":"tag-schlagzeilen","12":"tag-top-news","13":"tag-top-meldungen","14":"tag-topmeldungen","15":"tag-topnews","16":"tag-welt","17":"tag-world"},"share_on_mastodon":{"url":"","error":""},"_links":{"self":[{"href":"https:\/\/www.europesays.com\/de\/wp-json\/wp\/v2\/posts\/612515","targetHints":{"allow":["GET"]}}],"collection":[{"href":"https:\/\/www.europesays.com\/de\/wp-json\/wp\/v2\/posts"}],"about":[{"href":"https:\/\/www.europesays.com\/de\/wp-json\/wp\/v2\/types\/post"}],"author":[{"embeddable":true,"href":"https:\/\/www.europesays.com\/de\/wp-json\/wp\/v2\/users\/2"}],"replies":[{"embeddable":true,"href":"https:\/\/www.europesays.com\/de\/wp-json\/wp\/v2\/comments?post=612515"}],"version-history":[{"count":0,"href":"https:\/\/www.europesays.com\/de\/wp-json\/wp\/v2\/posts\/612515\/revisions"}],"wp:featuredmedia":[{"embeddable":true,"href":"https:\/\/www.europesays.com\/de\/wp-json\/wp\/v2\/media\/612386"}],"wp:attachment":[{"href":"https:\/\/www.europesays.com\/de\/wp-json\/wp\/v2\/media?parent=612515"}],"wp:term":[{"taxonomy":"category","embeddable":true,"href":"https:\/\/www.europesays.com\/de\/wp-json\/wp\/v2\/categories?post=612515"},{"taxonomy":"post_tag","embeddable":true,"href":"https:\/\/www.europesays.com\/de\/wp-json\/wp\/v2\/tags?post=612515"}],"curies":[{"name":"wp","href":"https:\/\/api.w.org\/{rel}","templated":true}]}}