{"id":612517,"date":"2025-11-30T04:45:26","date_gmt":"2025-11-30T04:45:26","guid":{"rendered":"https:\/\/www.europesays.com\/de\/612517\/"},"modified":"2025-11-30T04:45:26","modified_gmt":"2025-11-30T04:45:26","slug":"russische-kampfjets-naehern-sich-nato-luftraum","status":"publish","type":"post","link":"https:\/\/www.europesays.com\/de\/612517\/","title":{"rendered":"Russische Kampfjets n\u00e4hern sich Nato-Luftraum"},"content":{"rendered":"<p>Alarm ausgel\u00f6st <\/p>\n<p>Russische Jets n\u00e4hern sich wohl polnischem Luftraum<\/p>\n<p>Aktualisiert am 29.11.2025 &#8211; 23:04 UhrLesedauer: 2 Min.<\/p>\n<p><a href=\"#focus-0\" class=\"transition-colors duration-200 block text-current relative\" data-sctrack=\"FocusGalleryImage.Reference\"><img fetchpriority=\"high\" data-testid=\"Opener.Image\" style=\"--lqipURL:url('https:\/\/images.t-online.de\/2025\/11\/TXhSUjUYuTyR\/0x148:2048x1152\/fit-in\/150x0\/filters:blur(25)\/russland-ein-mikoyan-mig-31-abfangjaeger-der-russischen-luftwaffe-fliegt-bei-der-russischen-militaerparade-zum-tag-des-sieges.jpg')\"   loading=\"eager\" src=\"https:\/\/www.europesays.com\/de\/wp-content\/uploads\/2025\/11\/russland-ein-mikoyan-mig-31-abfangjaeger-der-russischen-luftwaffe-fliegt-bei-der-russischen-militaer.jpeg\" alt=\"Russland: Ein Mikoyan MiG-31 Abfangj\u00e4ger der russischen Luftwaffe fliegt bei der russischen Milit\u00e4rparade zum Tag des Sieges.\" title=\"Russland: Ein Mikoyan MiG-31 Abfangj\u00e4ger der russischen Luftwaffe fliegt bei der russischen Milit\u00e4rparade zum Tag des Sieges.\" width=\"2048\" height=\"1152\" class=\"bg-[url:var(--lqipURL)] bg-cover bg-center flex h-full w-full max-w-full\" decoding=\"async\"\/><img style=\"--width:32;--height:32\" loading=\"lazy\" src=\"https:\/\/www.t-online.de\/s\/paper\/_next\/static\/media\/zoom-in.f7dae02f.svg\" alt=\"Vergr\u00f6\u00dfern des Bildes\" title=\"Vergr\u00f6\u00dfern des Bildes\" class=\"block h-[calc(var(--height)_\/_16_*_1rem)] w-[calc(var(--width)_\/_16_*_1rem)] max-w-none absolute bottom-8 right-8 rounded-4 bg-snow p-8\" decoding=\"async\"\/><\/a><\/p>\n<p>Eine MiG-31 der russischen Luftwaffe. (Archivfoto) (Quelle: Pavel Golovkin)<\/p>\n<p class=\"font-bold text-18 leading-17\">Russische Kampfjets l\u00f6sen Alarm in Polen aus. Ein Sprecher der polnischen Luftwaffe best\u00e4tigte den Vorfall.<\/p>\n<p class=\"text-18 leading-17\">Russlands Streitkr\u00e4fte setzen ihre Serie gezielter Provokationen an der Nato-Ostflanke vor. So l\u00f6sten russische Kampfjets vom Typ MiG-31 am Freitag Alarm in <a class=\"transition-colors duration-200 cursor-pointer text-inherit no-underline text-salemsfur md:hover:text-magenta md:hover:border-magenta md:focus:text-magenta border-current border-b border-solid break-words\" href=\"https:\/\/www.t-online.de\/themen\/polen\/\" data-sctrack=\"BodyAnchor\" target=\"_blank\" rel=\"noopener\">Polen<\/a> aus, wie die &#8222;Bild&#8220;-Zeitung am Samstag berichtete. Demnach war auch die deutsche <a class=\"transition-colors duration-200 cursor-pointer text-inherit no-underline text-salemsfur md:hover:text-magenta md:hover:border-magenta md:focus:text-magenta border-current border-b border-solid break-words\" href=\"https:\/\/www.t-online.de\/themen\/luftwaffe\/\" data-sctrack=\"BodyAnchor\" target=\"_blank\" rel=\"noopener\">Luftwaffe<\/a> an der Gegenreaktion beteiligt. Dem Bericht nach wurden Patriot-Abwehrsysteme scharf gestellt. Die Kampfjets hatten sich der russischen Westgrenze gen\u00e4hert.<\/p>\n<p class=\"text-18 leading-17\">Sowohl der russische Langstreckenbomber \u00fcber der Ostsee als auch der Kampfjet \u00fcber Polen waren mit Hyperschallraketen ausgestattet.<\/p>\n<p class=\"text-18 leading-17\">Piloten von Zivilflugzeugen berichten zudem von gezielten St\u00f6rsendern, die die GPS-Ortung der Maschinen beeinflussten. Auch in der Schifffahrt in der Ostsee werden solche Man\u00f6ver beobachtet. Im Oktober 2023 war eine F\u00e4hre vor der schwedischen K\u00fcste nach einem St\u00f6rman\u00f6ver auf Grund gelaufen. Verletzt wurde bei dem Zwischenfall niemand.<\/p>\n<p class=\"text-18 leading-17\">Polen ist ein entschiedener Unterst\u00fctzer der <a class=\"transition-colors duration-200 cursor-pointer text-inherit no-underline text-salemsfur md:hover:text-magenta md:hover:border-magenta md:focus:text-magenta border-current border-b border-solid break-words\" href=\"https:\/\/www.t-online.de\/themen\/ukraine\/\" data-sctrack=\"BodyAnchor\" target=\"_blank\" rel=\"noopener\">Ukraine<\/a> bei der Verteidigung gegen den russischen Angriffskrieg und ein wichtiges Drehkreuz f\u00fcr Hilfs- und Waffenlieferungen in die Ukraine. Das EU- und Nato-Mitgliedsland hat Grenzen zur Ukraine, zu Russlands Verb\u00fcndetem <a class=\"transition-colors duration-200 cursor-pointer text-inherit no-underline text-salemsfur md:hover:text-magenta md:hover:border-magenta md:focus:text-magenta border-current border-b border-solid break-words\" href=\"https:\/\/www.t-online.de\/themen\/belarus\/\" data-sctrack=\"BodyAnchor\" target=\"_blank\" rel=\"noopener\">Belarus<\/a> und zur russischen Exklave Kaliningrad. Auch EU- und Nato-L\u00e4nder wie Estland oder <a class=\"transition-colors duration-200 cursor-pointer text-inherit no-underline text-salemsfur md:hover:text-magenta md:hover:border-magenta md:focus:text-magenta border-current border-b border-solid break-words\" href=\"https:\/\/www.t-online.de\/themen\/rumaenien\/\" data-sctrack=\"BodyAnchor\" target=\"_blank\" rel=\"noopener\">Rum\u00e4nien<\/a> meldeten bereits das Eindringen russischer Drohnen oder Milit\u00e4rflugzeuge in ihren Luftraum.<\/p>\n","protected":false},"excerpt":{"rendered":"Alarm ausgel\u00f6st Russische Jets n\u00e4hern sich wohl polnischem Luftraum Aktualisiert am 29.11.2025 &#8211; 23:04 UhrLesedauer: 2 Min. Eine&hellip;\n","protected":false},"author":2,"featured_media":612518,"comment_status":"","ping_status":"","sticky":false,"template":"","format":"standard","meta":{"footnotes":""},"categories":[5],"tags":[326,26198,749,9492,1478,13,33685,1480,14,1159,15,2852,3917,307,12,6375,10,8,9,11,317],"class_list":{"0":"post-612517","1":"post","2":"type-post","3":"status-publish","4":"format-standard","5":"has-post-thumbnail","7":"category-nachrichten","8":"tag-326","9":"tag-alarm","10":"tag-archivfoto","11":"tag-bild-zeitung","12":"tag-drohne","13":"tag-headlines","14":"tag-kampfjet","15":"tag-luftwaffe","16":"tag-nachrichten","17":"tag-nato","18":"tag-news","19":"tag-ostsee","20":"tag-polen","21":"tag-russland","22":"tag-schlagzeilen","23":"tag-streitkraefte","24":"tag-top-news","25":"tag-top-meldungen","26":"tag-topmeldungen","27":"tag-topnews","28":"tag-ukraine"},"share_on_mastodon":{"url":"https:\/\/pubeurope.com\/@de\/115636832801320867","error":""},"_links":{"self":[{"href":"https:\/\/www.europesays.com\/de\/wp-json\/wp\/v2\/posts\/612517","targetHints":{"allow":["GET"]}}],"collection":[{"href":"https:\/\/www.europesays.com\/de\/wp-json\/wp\/v2\/posts"}],"about":[{"href":"https:\/\/www.europesays.com\/de\/wp-json\/wp\/v2\/types\/post"}],"author":[{"embeddable":true,"href":"https:\/\/www.europesays.com\/de\/wp-json\/wp\/v2\/users\/2"}],"replies":[{"embeddable":true,"href":"https:\/\/www.europesays.com\/de\/wp-json\/wp\/v2\/comments?post=612517"}],"version-history":[{"count":0,"href":"https:\/\/www.europesays.com\/de\/wp-json\/wp\/v2\/posts\/612517\/revisions"}],"wp:featuredmedia":[{"embeddable":true,"href":"https:\/\/www.europesays.com\/de\/wp-json\/wp\/v2\/media\/612518"}],"wp:attachment":[{"href":"https:\/\/www.europesays.com\/de\/wp-json\/wp\/v2\/media?parent=612517"}],"wp:term":[{"taxonomy":"category","embeddable":true,"href":"https:\/\/www.europesays.com\/de\/wp-json\/wp\/v2\/categories?post=612517"},{"taxonomy":"post_tag","embeddable":true,"href":"https:\/\/www.europesays.com\/de\/wp-json\/wp\/v2\/tags?post=612517"}],"curies":[{"name":"wp","href":"https:\/\/api.w.org\/{rel}","templated":true}]}}