{"id":612529,"date":"2025-11-30T04:53:36","date_gmt":"2025-11-30T04:53:36","guid":{"rendered":"https:\/\/www.europesays.com\/de\/612529\/"},"modified":"2025-11-30T04:53:36","modified_gmt":"2025-11-30T04:53:36","slug":"gemischte-gefuehlslage-bei-borussia-moenchengladbach","status":"publish","type":"post","link":"https:\/\/www.europesays.com\/de\/612529\/","title":{"rendered":"Gemischte Gef\u00fchlslage bei Borussia M\u00f6nchengladbach"},"content":{"rendered":"<p class=\"tagStyle_z4kqwb-o_O-style_1tcxgp3-o_O-style_1pinbx1-o_O-style_48hmcm\" data-mm-id=\"_zx7i34rzv\"><a class=\"tagStyle_z4kqwb-o_O-style_10eod42\" href=\"https:\/\/www.90min.de\/teams\/gladbach\" target=\"_blank\" rel=\"noopener\">Borussia M\u00f6nchengladbach<\/a> konnte am Freitagabend unter den n\u00e4chsten Punktgewinn Neu-Trainer Eugen Polanski einfahren. Damit steht der fr\u00fchere Gladbach-Profi nach seinen ersten zehn Pflichtspielen in der Verantwortung an der Seitenlinie der Gladbacher nun mit vier Siegen (einer davon im DFB-Pokal), drei Unentschieden und drei Niederlagen recht ordentlich da. Gegen <a class=\"tagStyle_z4kqwb-o_O-style_10eod42\" href=\"https:\/\/www.90min.de\/teams\/rasenballsport-leipzig\" target=\"_blank\" rel=\"noopener\">RB Leipzig<\/a> w\u00e4re letztlich wom\u00f6glich sogar noch etwas mehr drin gewesen, doch die Fohlen haderten unter anderem mit dem VAR und der eigenen Kreativit\u00e4t in Sachen Torgef\u00e4hrlichkeit und Chancenerspielung.<\/p>\n<p>Am Ende zeigte man sich auf Seiten der Fohlen dennoch nicht unzufrieden mit dem torlosen Unentschieden gegen das auserkorene &#8222;Top-Top-Team&#8220; aus Sachsen.<\/p>\n<p class=\"tagStyle_z4kqwb-o_O-style_1tcxgp3-o_O-style_1pinbx1-o_O-style_48hmcm\" data-mm-id=\"_by5aga5yw\">F\u00fcr Aufsehen sorgte am gestrigen Freitagabend vor allem der zur\u00fcckgenommene Treffer der Gladbacher kurz nach der Pause: Franck Honorat besorgte in der 47. Minute den vermeintlichen F\u00fchrungstreffer, der aber vom VAR aberkannt wurde, da der Franzose wohl minimal im Abseits stand.<\/p>\n<p>BMG-Coach Polanski zufrieden<\/p>\n<p class=\"tagStyle_z4kqwb-o_O-style_1tcxgp3-o_O-style_1pinbx1-o_O-style_48hmcm\" data-mm-id=\"_aksv7wrai\">Nach Abpfiff zeigte sich Fohlen-Coach Eugen Polanski zufrieden mit der Leistung seiner Mannschaft. Er konnte sich auch \u00fcber den Punktgewinn gegen das von ihm selbst betitelte &#8222;Top-Top-Team\u201d aus dem Freistaat Sachsen freuen.<\/p>\n<p><img class=\"base_1emrqjj-o_O-initial_fzbddc-o_O-style_1a1csmw\" alt=\"Versuchte seine Mannschaft nach vorne zu treiben doch ein Treffer gelang den Fohlen nicht: Eugen Polanski\" title=\"Versuchte seine Mannschaft nach vorne zu treiben doch ein Treffer gelang den Fohlen nicht: Eugen Polanski\"\/><\/p>\n<p>Versuchte seine Mannschaft nach vorne zu treiben doch ein Treffer gelang den Fohlen nicht: Eugen Polanski \/ Rene Nijhuis\/MB Media\/GettyImages<\/p>\n<blockquote data-mm-id=\"_one0whltv\" class=\"wrapper_7zg6tl-o_O-style_48hmcm\">\n<p class=\"text_1it3tez-o_O-tagStyle_1igopqi\">&#8222;Den Punkt gegen Leipzig nehmen wir gerne mit [&#8230;]  das hatte sich die Mannschaft durch sehr harte Arbeit auch verdient.&#8220;<\/p>\n<p>&#8211;\u00a0BMG-Coach Eugen Polanski<\/p><\/blockquote>\n<p class=\"tagStyle_z4kqwb-o_O-style_1tcxgp3-o_O-style_1pinbx1-o_O-style_48hmcm\" data-mm-id=\"_lsdusu4gr\"><strong>Eugen Polanski: <\/strong>&#8222;Den Punkt gegen Leipzig nehmen wir gerne mit. Nat\u00fcrlich h\u00e4tten wir das Spiel gerne gewonnen, aber wenn man ber\u00fccksichtigt, dass wir gegen den Tabellenzweiten gespielt haben, k\u00f6nnen wir mit der Leistung sowie der Art und Weise, wie wir aufgetreten sind, auf jeden Fall zufrieden sein. In der Defensive haben wir sehr wenig zugelassen. Im Spiel mit Ball haben wir es phasenweise gut gemacht, aber oftmals nicht die richtige Positionierung gefunden. In der Schlussphase hat Leipzig den Druck noch einmal erh\u00f6ht, da hatten wir auch Gl\u00fcck beim Pfostentreffer. Aber das hatte sich die Mannschaft durch sehr harte Arbeit auch verdient.&#8220;<\/p>\n<p>Mittelfeldstar Rocco Reitz erkennt Saison-Fortschritt<\/p>\n<p class=\"tagStyle_z4kqwb-o_O-style_1tcxgp3-o_O-style_1pinbx1-o_O-style_48hmcm\" data-mm-id=\"_o3e1l4qd7\">Auch Mittelfeldstar Rocco Reitz konnte sich \u00fcber den Punkt gegen den Favoriten aus Leipzig freuen. Er sah viele positive Ans\u00e4tze und Entwicklungen, mit denen sich im weiteren Saisonverlauf arbeiten l\u00e4sst.<\/p>\n<blockquote data-mm-id=\"_0roju9048\" class=\"wrapper_7zg6tl-o_O-style_48hmcm\">\n<p class=\"text_1it3tez-o_O-tagStyle_1igopqi\">&#8222;Wir haben gezeigt, dass wir auch in der Lage sind, gegen ein Top-Team zu punkten.&#8220;<\/p>\n<p>&#8211;\u00a0Rocco Reitz<\/p><\/blockquote>\n<p><img class=\"base_1emrqjj-o_O-initial_fzbddc-o_O-style_1a1csmw\" alt=\"Mittelfeldstar Rocco Reitz\" title=\"Mittelfeldstar Rocco Reitz\"\/><\/p>\n<p>Mittelfeldstar Rocco Reitz \/ Rene Nijhuis\/MB Media\/GettyImages<\/p>\n<p class=\"tagStyle_z4kqwb-o_O-style_1tcxgp3-o_O-style_1pinbx1-o_O-style_48hmcm\" data-mm-id=\"_n6j2y77if\"><strong>Rocco Reitz: <\/strong>&#8222;Wir haben gezeigt, dass wir auch in der Lage sind, gegen ein Top-Team zu punkten. Unsere Basis war die gute Defensivarbeit. Wir haben versucht, die R\u00e4ume so eng wie m\u00f6glich zu machen. Leipzig ist individuell sehr stark besetzt und ist deshalb auch zu dem einen oder anderen Abschluss gekommen. Aber wenn wir unsere Angriffe konsequenter zu Ende gespielt h\u00e4tten, h\u00e4tten wir auch noch die eine oder andere Chance mehr haben k\u00f6nnen. Im Endeffekt k\u00f6nnen wir mit dem Punkt aber zufrieden sein.&#8220;<\/p>\n<p>Auch Jens Castrop attestiert den Fohlen eine gute Leistung<\/p>\n<p class=\"tagStyle_z4kqwb-o_O-style_1tcxgp3-o_O-style_1pinbx1-o_O-style_48hmcm\" data-mm-id=\"_d5qelns4t\">\u00c4hnlich wie Rocco Reitz sah auch sein Teamkollege Jens Castrop die Partie. der Mittelfeldspieler sieht den Punktgewinn gegen RB Leipzig als Erfolg und deutlichen Fingerzeig in die richtige Richtung Allerdings d\u00e4mpfte die strittige VAR-Entscheidung um den nicht gegebenen Gladbacher Treffer durch Franck Honorat etwas die Stimmung bei Castrop.<\/p>\n<blockquote data-mm-id=\"_bg3qgft3n\" class=\"wrapper_7zg6tl-o_O-style_48hmcm\">\n<p class=\"text_1it3tez-o_O-tagStyle_1igopqi\">&#8222;Es war ein ausgeglichenes Spiel, in dem wir gegen den Tabellenzweiten eine gute Leistung gezeigt haben [&#8230;] Wir k\u00f6nnen auf jeden Fall Selbstvertrauen daraus ziehen, dass wir gegen ein Top-Team mitgehalten und phasenweise sogar das Spiel gemacht haben.&#8220;<\/p>\n<\/blockquote>\n<p><img class=\"base_1emrqjj-o_O-initial_fzbddc-o_O-style_1a1csmw\" alt=\"Jens Castrop\" title=\"Jens Castrop\"\/><\/p>\n<p>Jens Castrop \/ Rene Nijhuis\/MB Media\/GettyImages<\/p>\n<p class=\"tagStyle_z4kqwb-o_O-style_1tcxgp3-o_O-style_1pinbx1-o_O-style_48hmcm\" data-mm-id=\"_tqiqtp2en\"><strong>Jens Castrop:<\/strong> &#8222;Es war ein ausgeglichenes Spiel, in dem wir gegen den Tabellenzweiten eine gute Leistung gezeigt haben. Es war etwas bitter, dass unser Tor nicht gegeben wurde. Franck stand ja wirklich nur minimal im Abseits. Aber \u00fcber das Spiel gesehen haben wir verdient einen Punkt geholt, mit dem wir gut leben k\u00f6nnen. Wir k\u00f6nnen auf jeden Fall Selbstvertrauen daraus ziehen, dass wir gegen ein Top-Team mitgehalten und phasenweise sogar das Spiel gemacht haben. Wir haben eine Entwicklung, die nach oben geht. Darauf k\u00f6nnen wir aufbauen.&#8220;<\/p>\n<p><img class=\"base_1emrqjj-o_O-initial_fzbddc-o_O-style_1a1csmw\" alt=\"Nach Ansicht der Videobilder z\u00e4hlte der Gladbacher Treffer zum 1:0 kurz nach der Pause nicht\" title=\"Nach Ansicht der Videobilder z\u00e4hlte der Gladbacher Treffer zum 1:0 kurz nach der Pause nicht\"\/><\/p>\n<p>Nach Ansicht der Videobilder z\u00e4hlte der Gladbacher Treffer zum 1:0 kurz nach der Pause nicht \/ Rene Nijhuis\/MB Media\/GettyImages<\/p>\n<p class=\"tagStyle_z4kqwb-o_O-style_1tcxgp3-o_O-style_1pinbx1-o_O-style_48hmcm\" data-mm-id=\"_4a8eqdfsc\"><strong>Weitere Gladbach-News lesen:<\/strong><\/p>\n","protected":false},"excerpt":{"rendered":"Borussia M\u00f6nchengladbach konnte am Freitagabend unter den n\u00e4chsten Punktgewinn Neu-Trainer Eugen Polanski einfahren. Damit steht der fr\u00fchere Gladbach-Profi&hellip;\n","protected":false},"author":2,"featured_media":612530,"comment_status":"","ping_status":"","sticky":false,"template":"","format":"standard","meta":{"footnotes":""},"categories":[1849],"tags":[3364,29,548,663,3934,30,13,4455,14,15,1209,12],"class_list":{"0":"post-612529","1":"post","2":"type-post","3":"status-publish","4":"format-standard","5":"has-post-thumbnail","7":"category-moenchengladbach","8":"tag-de","9":"tag-deutschland","10":"tag-eu","11":"tag-europa","12":"tag-europe","13":"tag-germany","14":"tag-headlines","15":"tag-moenchengladbach","16":"tag-nachrichten","17":"tag-news","18":"tag-nordrhein-westfalen","19":"tag-schlagzeilen"},"share_on_mastodon":{"url":"https:\/\/pubeurope.com\/@de\/115636863302253222","error":""},"_links":{"self":[{"href":"https:\/\/www.europesays.com\/de\/wp-json\/wp\/v2\/posts\/612529","targetHints":{"allow":["GET"]}}],"collection":[{"href":"https:\/\/www.europesays.com\/de\/wp-json\/wp\/v2\/posts"}],"about":[{"href":"https:\/\/www.europesays.com\/de\/wp-json\/wp\/v2\/types\/post"}],"author":[{"embeddable":true,"href":"https:\/\/www.europesays.com\/de\/wp-json\/wp\/v2\/users\/2"}],"replies":[{"embeddable":true,"href":"https:\/\/www.europesays.com\/de\/wp-json\/wp\/v2\/comments?post=612529"}],"version-history":[{"count":0,"href":"https:\/\/www.europesays.com\/de\/wp-json\/wp\/v2\/posts\/612529\/revisions"}],"wp:featuredmedia":[{"embeddable":true,"href":"https:\/\/www.europesays.com\/de\/wp-json\/wp\/v2\/media\/612530"}],"wp:attachment":[{"href":"https:\/\/www.europesays.com\/de\/wp-json\/wp\/v2\/media?parent=612529"}],"wp:term":[{"taxonomy":"category","embeddable":true,"href":"https:\/\/www.europesays.com\/de\/wp-json\/wp\/v2\/categories?post=612529"},{"taxonomy":"post_tag","embeddable":true,"href":"https:\/\/www.europesays.com\/de\/wp-json\/wp\/v2\/tags?post=612529"}],"curies":[{"name":"wp","href":"https:\/\/api.w.org\/{rel}","templated":true}]}}