{"id":612666,"date":"2025-11-30T06:20:14","date_gmt":"2025-11-30T06:20:14","guid":{"rendered":"https:\/\/www.europesays.com\/de\/612666\/"},"modified":"2025-11-30T06:20:14","modified_gmt":"2025-11-30T06:20:14","slug":"kulturhauptstadt-a-d-rave-und-bergparade-zum-finale-3","status":"publish","type":"post","link":"https:\/\/www.europesays.com\/de\/612666\/","title":{"rendered":"Kulturhauptstadt a. D.: Rave und Bergparade zum Finale"},"content":{"rendered":"<p class=\"Paragraph_paragraph__exhQA Paragraph_paragraph--default-lg-default__8QZrI articleParagraph\">Mit einer Bergparade und einem Rave unter freiem Himmel ist in Chemnitz das Jahr als Kulturhauptstadt Europas zu Ende gegangen. \u201e\u00dcber 2.000 Veranstaltungen haben die Stadt zu einem internationalen Magneten gemacht\u201c, res\u00fcmierte Programmgesch\u00e4ftsf\u00fchrer Stefan Schmidtke am Abschlusstag. Es sei darum gegangen, Kunst und Kultur f\u00fcr viele Menschen zug\u00e4nglich zu machen. \u201eChemnitz hat Kulturgeschichte geschrieben\u201c, schrieb Sachsens Ministerpr\u00e4sident Michael Kretschmer (CDU) auf Facebook.<\/p>\n<p class=\"Paragraph_paragraph__exhQA Paragraph_paragraph--default-lg-default__8QZrI articleParagraph\">Das Finale wurde mit einer gro\u00dfen Bergparade eingel\u00e4utet. Dabei zogen mehr als 1.000 Teilnehmer in traditionellem Habit der Bergleute begleitet von Musikkapellen durch die Innenstadt.<\/p>\n<p class=\"Paragraph_paragraph__exhQA Paragraph_paragraph--default-lg-default__8QZrI articleParagraph\">Beim Abschlusszeremoniell vor dem Opernhaus wurde mit den Zuschauern das Steigerlied angestimmt. Das Lied z\u00e4hlt ebenso wie die Bergparaden selbst zum immateriellen Kulturerbe. Zudem kamen mehrere Tausend Menschen zu einem gemeinsamen Weihnachtssingen vor das Opernhaus.<\/p>\n<p>Die Bergparade zum Abschluss des Kulturhauptstadtjahres zieht am Chemnitzer Karl-Marx-Monument vorbei.\u00a0Foto: Hendrik Schmidt\/dpa<\/p>\n<p class=\"Paragraph_paragraph__exhQA Paragraph_paragraph--default-lg-default__8QZrI articleParagraph\">Mit einem B\u00fchnenprogramm unter dem Titel \u201eFeierabend!\u201c wurde am Abend am Karl-Marx-Monument R\u00fcckblick auf das Kulturjahr gehalten. Danach begann ein Rave unter freiem Himmel. Laut Polizei verlief der Abschlusstag st\u00f6rungsfrei.<\/p>\n<p>Kulturprogramm lockt mehr als zwei Millionen Besucher<\/p>\n<p class=\"Paragraph_paragraph__exhQA Paragraph_paragraph--default-lg-default__8QZrI articleParagraph\">Am 18. Januar war das Kulturhauptstadtjahr mit einer gro\u00dfen Show am Marx-Monument eingel\u00e4utet worden. Ausgehend von anfangs 72 Ideen im Bewerbungsbuch seien am Ende 260 Projekte umgesetzt worden, berichtete Schmidtke. Mit Freunden in West- und Osteuropa sei verhandelt worden, was Kultur und Europa uns heute und in der Zukunft bedeuten, erg\u00e4nzte Kretschmer. \u201eEuropa ist durch diese Kulturhauptstadt zusammengewachsen, enger geworden, hat wieder mehr Gemeinsamkeit.\u201c<\/p>\n<p class=\"Paragraph_paragraph__exhQA Paragraph_paragraph--default-lg-default__8QZrI articleParagraph\">Den Angaben zufolge hat das Programm sch\u00e4tzungsweise mehr als zwei Millionen Besucher angelockt. Es gab hochkar\u00e4tige Ausstellungen, Tanz, Theater und Oper, Festivals und Konzerte sowie Sportveranstaltungen wie den Kulturhauptstadt-Marathon und den European Peace Ride.<\/p>\n<p>Zum Abschluss des Kulturhauptstadtjahres in Chemnitz ziehen Teilnehmer der Bergparade im traditionellen Habit am Karl-Marx-Monument vorbei.\u00a0Foto: Hendrik Schmidt\/dpa<\/p>\n<p class=\"Paragraph_paragraph__exhQA Paragraph_paragraph--default-lg-default__8QZrI articleParagraph\">Es sei ein Jahr \u201evoller Erlebnisse, Emotionen, Begegnungen, Ideen und Stolz\u201c gewesen, sagte Oberb\u00fcrgermeister Sven Schulze (SPD). Das Kulturhauptstadtjahr sei f\u00fcr Chemnitz wie ein Lottogewinn. Neben den vielen Kulturangeboten wurden auch Millionenbetr\u00e4ge in fr\u00fchere Industriebrachen und Infrastruktur investiert.<\/p>\n<p>Kulturhauptstadttitel anfangs ein \u201espinnerten Traum\u201c<\/p>\n<p class=\"Paragraph_paragraph__exhQA Paragraph_paragraph--default-lg-default__8QZrI articleParagraph\">Dass Chemnitz Kulturhauptstadt Europas sein w\u00fcrde, sei anfangs \u201eein spinnerter Traum\u201c von wenigen Menschen gewesen, sagte Barbara Ludwig (SPD), die als Schulzes Amtsvorg\u00e4ngerin die Bewerbung auf den Weg gebracht hatte. In der Endrunde um den Titel hatte sich die s\u00e4chsische Industriestadt gegen N\u00fcrnberg, Hannover, Hildesheim und Magdeburg durchgesetzt.<\/p>\n<p class=\"Paragraph_paragraph__exhQA Paragraph_paragraph--default-lg-default__8QZrI articleParagraph\">Mit Chemnitz war zum vierten Mal eine deutsche Stadt Kulturhauptstadt Europas &#8211; nach West-Berlin (1988), Weimar (1999) und Essen mit dem Ruhrgebiet (2010).<\/p>\n<p>Standing Ovations f\u00fcr die Wegbereiterin: Der Chemnitzer Oberb\u00fcrgermeister Sven Schulze (SPD) dankt beim Abschluss-Empfang seiner Amtsvorg\u00e4ngerin Barbara Ludwig (SPD).\u00a0Foto: Hendrik Schmidt\/dpa<\/p>\n<p>Staffelstab\u00fcbergabe an Oulu und Tren\u010d\u00edn<\/p>\n<p class=\"Paragraph_paragraph__exhQA Paragraph_paragraph--default-lg-default__8QZrI articleParagraph\">Chemnitz hat den Kulturhauptstadttitel dieses Jahr zusammen mit dem St\u00e4dtepaar Nova Gorica (Slowenien) und Gorizia (Italien) getragen. Dort soll kommende Woche der Staffelstab an die Nachfolger \u00fcbergeben werden: 2026 sind Oulu in Finnland und Tren\u010d\u00edn in der Slowakei Kulturhauptstadt Europas.<\/p>\n<ul class=\"gallery_slider__dYx8I\">\n<li class=\"gallery_slide__e05Ek\">\n<p>Mehr als 1.000 Teilnehmer einer Bergparade ziehen zum Abschluss des Kulturhauptstadtjahres durch Chemnitz.\u00a0Foto: Hendrik Schmidt\/dpa<\/p>\n<\/li>\n<li class=\"gallery_slide__e05Ek\">\n<p>F\u00fcr Oberb\u00fcrgermeister Sven Schulze (SPD) war das Kulturhauptstadtjahr ein Jahr voller Erlebnisse, Emotionen und Begegnungen.\u00a0Foto: Hendrik Schmidt\/dpa<\/p>\n<\/li>\n<li class=\"gallery_slide__e05Ek\">\n<p>Das Finale des Kulturhauptstadtjahres in Chemnitz wird mit einem Empfang im Industriemuseum eingeleitet.\u00a0Foto: Hendrik Schmidt\/dpa<\/p>\n<\/li>\n<li class=\"gallery_slide__e05Ek\">\n<p>Programmgesch\u00e4ftsf\u00fchrer Stefan Schmidtke: \u201e\u00dcber 2.000 Veranstaltungen haben die Stadt zu einem internationalen Magneten gemacht.\u201c\u00a0Foto: Hendrik Schmidt\/dpa<\/p>\n<\/li>\n<li class=\"gallery_slide__e05Ek\">\n<p>Zum Abschluss des Kulturhauptstadtjahres beteiligen sich Tausende Menschen auf dem Chemnitzer Theaterplatz am Weihnachtssingen.\u00a0Foto: Hendrik Schmidt\/dpa<\/p>\n<\/li>\n<li class=\"gallery_slide__e05Ek\">\n<p>Zum Abschluss wird gemeinsam gesungen: In Chemnitz ist am Samstag das Kulturhauptstadtjahr offiziell verabschiedet worden.\u00a0Foto: Hendrik Schmidt\/dpa<\/p>\n<\/li>\n<li class=\"gallery_slide__e05Ek\">\n<p>Eine Bergparade l\u00e4utet in Chemnitz das Kulturhauptstadt-Finale ein.\u00a0Foto: Hendrik Schmidt\/dpa<\/p>\n<\/li>\n<\/ul>\n","protected":false},"excerpt":{"rendered":"Mit einer Bergparade und einem Rave unter freiem Himmel ist in Chemnitz das Jahr als Kulturhauptstadt Europas zu&hellip;\n","protected":false},"author":2,"featured_media":612667,"comment_status":"","ping_status":"","sticky":false,"template":"","format":"standard","meta":{"footnotes":""},"categories":[1851],"tags":[2770,3364,29,548,663,3934,30,13,14,15,859,12],"class_list":{"0":"post-612666","1":"post","2":"type-post","3":"status-publish","4":"format-standard","5":"has-post-thumbnail","7":"category-chemnitz","8":"tag-chemnitz","9":"tag-de","10":"tag-deutschland","11":"tag-eu","12":"tag-europa","13":"tag-europe","14":"tag-germany","15":"tag-headlines","16":"tag-nachrichten","17":"tag-news","18":"tag-sachsen","19":"tag-schlagzeilen"},"share_on_mastodon":{"url":"https:\/\/pubeurope.com\/@de\/115637205343334200","error":""},"_links":{"self":[{"href":"https:\/\/www.europesays.com\/de\/wp-json\/wp\/v2\/posts\/612666","targetHints":{"allow":["GET"]}}],"collection":[{"href":"https:\/\/www.europesays.com\/de\/wp-json\/wp\/v2\/posts"}],"about":[{"href":"https:\/\/www.europesays.com\/de\/wp-json\/wp\/v2\/types\/post"}],"author":[{"embeddable":true,"href":"https:\/\/www.europesays.com\/de\/wp-json\/wp\/v2\/users\/2"}],"replies":[{"embeddable":true,"href":"https:\/\/www.europesays.com\/de\/wp-json\/wp\/v2\/comments?post=612666"}],"version-history":[{"count":0,"href":"https:\/\/www.europesays.com\/de\/wp-json\/wp\/v2\/posts\/612666\/revisions"}],"wp:featuredmedia":[{"embeddable":true,"href":"https:\/\/www.europesays.com\/de\/wp-json\/wp\/v2\/media\/612667"}],"wp:attachment":[{"href":"https:\/\/www.europesays.com\/de\/wp-json\/wp\/v2\/media?parent=612666"}],"wp:term":[{"taxonomy":"category","embeddable":true,"href":"https:\/\/www.europesays.com\/de\/wp-json\/wp\/v2\/categories?post=612666"},{"taxonomy":"post_tag","embeddable":true,"href":"https:\/\/www.europesays.com\/de\/wp-json\/wp\/v2\/tags?post=612666"}],"curies":[{"name":"wp","href":"https:\/\/api.w.org\/{rel}","templated":true}]}}