{"id":612793,"date":"2025-11-30T07:38:14","date_gmt":"2025-11-30T07:38:14","guid":{"rendered":"https:\/\/www.europesays.com\/de\/612793\/"},"modified":"2025-11-30T07:38:14","modified_gmt":"2025-11-30T07:38:14","slug":"unbeabsichtigter-hoehenverlust-software-panne-bei-airbus-flugzeugen-airlines-streichen-hunderte-fluege","status":"publish","type":"post","link":"https:\/\/www.europesays.com\/de\/612793\/","title":{"rendered":"Unbeabsichtigter H\u00f6henverlust: Software-Panne bei Airbus-Flugzeugen: Airlines streichen Hunderte Fl\u00fcge"},"content":{"rendered":"<p>Unbeabsichtigter H\u00f6henverlustSoftware-Panne bei Airbus-Flugzeugen: Airlines streichen Hunderte Fl\u00fcge<img decoding=\"async\" class=\"Image_img__fQCi0 Image_Img_16_9__4BLfH widget-picture-inline_maximizable__t_E7h\" loading=\"eager\" fetchpriority=\"high\" src=\"https:\/\/www.europesays.com\/de\/wp-content\/uploads\/2025\/11\/April-26-2024-Richmond-British-Columbia-Canada-A-jetBlue-Airways-Airbus-A320-jetliner-N768JB-painted.webp\" alt=\"April-26-2024-Richmond-British-Columbia-Canada-A-jetBlue-Airways-Airbus-A320-jetliner-N768JB-painted-in-their-Spotlight-livery-on-final-approach-for-landing-at-Vancouver-International-Airport\"\/>Ende Oktober verlor eine JetBlue-Maschine pl\u00f6tzlich an H\u00f6he. (Foto: picture alliance \/ ZUMAPRESS.com)TeilenFolgen auf:<a href=\"https:\/\/www.whatsapp.com\/channel\/0029Va5cdVJD8SDp5YZgYF01\" title=\"Auf WhatsApp folgen\" target=\"_blank\" rel=\"nofollow noopener\"><img decoding=\"async\" src=\"https:\/\/www.n-tv.de\/socialIcons\/whatsapp.svg\" alt=\"whatsapp\" class=\"ArticleShare_icon__FsrC2\"\/><\/a><a href=\"https:\/\/news.google.com\/publications\/CAAiEPMdif5mpRNxiLOeUpHCwwsqFAgKIhDzHYn-ZqUTcYiznlKRwsML?hl=de&amp;gl=DE&amp;ceid=DE%3Ade\" title=\"Auf Google News folgen\" target=\"_blank\" rel=\"nofollow noopener\"><img decoding=\"async\" src=\"https:\/\/www.n-tv.de\/socialIcons\/google.svg\" alt=\"whatsapp\" class=\"ArticleShare_icon__FsrC2\"\/><\/a><\/p>\n<p class=\"Typography_text-m__XI0da Typography_weight-bold__uT6mq storyline_lead_text_leadtext__q_wg8\">Eine Airbus-Maschine vom Typ A320 verliert pl\u00f6tzlich an H\u00f6he &#8211; urs\u00e4chlich ist offenbar eine Software-Panne. 6000 Flugzeuge ben\u00f6tigen daraufhin ein Not-Update. Was zun\u00e4chst rasch erledigt schien, f\u00fchrt nun doch zu Chaos im Luftverkehr. <\/p>\n<p class=\"Typography_text-default__P3otY Typography_weight-normal__pqUbH storyline_paragraph_p__qSR5N\">Eine Software-Panne bei Airbus-Flugzeugen hat am Wochenende nun doch zu gr\u00f6\u00dferen Flugausf\u00e4llen in den USA gef\u00fchrt. Die US-Fluggesellschaft JetBlue strich nach eigenen Angaben Dutzende geplante Fl\u00fcge. Zuvor hatte US-Verkehrsminister Sean Duffy noch erkl\u00e4rt, Reisende sollten keine gr\u00f6\u00dferen St\u00f6rungen erwarten. Weltweit arbeiteten Fluggesellschaften mit Hochdruck daran, das Problem bei den Jets vom Typ A320 zu beheben, nachdem die Aufsichtsbeh\u00f6rden eine Reparatur vor der Wiederaufnahme des Flugbetriebs angeordnet hatten.<\/p>\n<p class=\"Typography_text-default__P3otY Typography_weight-normal__pqUbH storyline_paragraph_p__qSR5N\">Ausl\u00f6ser der R\u00fcckrufaktion war ein unbeabsichtigter H\u00f6henverlust bei einem JetBlue-Flug am 30. Oktober, bei dem zehn Passagiere verletzt wurden. Dies teilte die franz\u00f6sische Flugunfalluntersuchungsbeh\u00f6rde BEA mit, die den Vorfall untersucht. Airbus-Chef Guillaume Faury entschuldigte sich bei den Fluggesellschaften und Passagieren. Von dem R\u00fcckruf sind mehr als 6000 Flugzeuge betroffen, was \u00fcber der H\u00e4lfte der weltweiten A320-Flotte entspricht. Diese hat k\u00fcrzlich die Boeing 737 als meistverkauftes Modell der Branche abgel\u00f6st.<\/p>\n<p class=\"Typography_text-default__P3otY Typography_weight-normal__pqUbH storyline_paragraph_p__qSR5N\">W\u00e4hrend zahlreiche Fluggesellschaften wie American Airlines, United Airlines und die ungarische Wizz Air die notwendigen Software-Aktualisierungen nach eigenen Angaben vom Samstag bereits abgeschlossen hatten, kam es andernorts zu erheblichen St\u00f6rungen. In Japan strich ANA Holdings am Samstag 95 Fl\u00fcge, wovon 13.500 Reisende betroffen waren. Die Warnung traf die Fluggesellschaften in den USA mitten am Tag vor dem Wochenende mit hohem Reiseaufkommen nach Thanksgiving, w\u00e4hrend sie in Europa und Asien in die Nachtstunden mit weniger Flugbetrieb fiel.<\/p>\n<p class=\"Typography_text-default__P3otY Typography_weight-normal__pqUbH storyline_paragraph_p__qSR5N\">Bei der Reparatur, die zwei bis drei Stunden pro Flugzeug dauert, wird eine fr\u00fchere Software-Version aufgespielt. In einigen F\u00e4llen muss auch die Hardware selbst ausgetauscht werden. Als m\u00f6gliche Ursache f\u00fcr den urspr\u00fcnglichen Vorfall bei JetBlue wird die Strahlung einer Sonneneruption untersucht. Der Vorfall wird von den franz\u00f6sischen Ermittlern als St\u00f6rfall eingestuft, der niedrigsten von drei Kategorien f\u00fcr potenzielle Sicherheitsnotf\u00e4lle. <\/p>\n<p class=\"Typography_text-s__wu_cm Typography_weight-normal__pqUbH Typography_color-darkgrey__sZEnP article-detail-footer_source__KslPc\">Quelle: ntv.de, spl\/rts<\/p>\n","protected":false},"excerpt":{"rendered":"Unbeabsichtigter H\u00f6henverlustSoftware-Panne bei Airbus-Flugzeugen: Airlines streichen Hunderte Fl\u00fcgeEnde Oktober verlor eine JetBlue-Maschine pl\u00f6tzlich an H\u00f6he. (Foto: picture alliance&hellip;\n","protected":false},"author":2,"featured_media":612794,"comment_status":"","ping_status":"","sticky":false,"template":"","format":"standard","meta":{"footnotes":""},"categories":[134],"tags":[7100,175,170,169,29,841,30,171,174,173,172,55],"class_list":{"0":"post-612793","1":"post","2":"type-post","3":"status-publish","4":"format-standard","5":"has-post-thumbnail","7":"category-unternehmen-maerkte","8":"tag-airbus-group","9":"tag-business","10":"tag-companies","11":"tag-companies-markets","12":"tag-deutschland","13":"tag-flugzeuge","14":"tag-germany","15":"tag-markets","16":"tag-maerkte","17":"tag-unternehmen","18":"tag-unternehmen-maerkte","19":"tag-wirtschaft"},"share_on_mastodon":{"url":"https:\/\/pubeurope.com\/@de\/115637513129172192","error":""},"_links":{"self":[{"href":"https:\/\/www.europesays.com\/de\/wp-json\/wp\/v2\/posts\/612793","targetHints":{"allow":["GET"]}}],"collection":[{"href":"https:\/\/www.europesays.com\/de\/wp-json\/wp\/v2\/posts"}],"about":[{"href":"https:\/\/www.europesays.com\/de\/wp-json\/wp\/v2\/types\/post"}],"author":[{"embeddable":true,"href":"https:\/\/www.europesays.com\/de\/wp-json\/wp\/v2\/users\/2"}],"replies":[{"embeddable":true,"href":"https:\/\/www.europesays.com\/de\/wp-json\/wp\/v2\/comments?post=612793"}],"version-history":[{"count":0,"href":"https:\/\/www.europesays.com\/de\/wp-json\/wp\/v2\/posts\/612793\/revisions"}],"wp:featuredmedia":[{"embeddable":true,"href":"https:\/\/www.europesays.com\/de\/wp-json\/wp\/v2\/media\/612794"}],"wp:attachment":[{"href":"https:\/\/www.europesays.com\/de\/wp-json\/wp\/v2\/media?parent=612793"}],"wp:term":[{"taxonomy":"category","embeddable":true,"href":"https:\/\/www.europesays.com\/de\/wp-json\/wp\/v2\/categories?post=612793"},{"taxonomy":"post_tag","embeddable":true,"href":"https:\/\/www.europesays.com\/de\/wp-json\/wp\/v2\/tags?post=612793"}],"curies":[{"name":"wp","href":"https:\/\/api.w.org\/{rel}","templated":true}]}}