{"id":612805,"date":"2025-11-30T07:45:14","date_gmt":"2025-11-30T07:45:14","guid":{"rendered":"https:\/\/www.europesays.com\/de\/612805\/"},"modified":"2025-11-30T07:45:14","modified_gmt":"2025-11-30T07:45:14","slug":"weihnachts-und-kunstmarkt-an-chemnitzer-schmidt-rottluff-muehle","status":"publish","type":"post","link":"https:\/\/www.europesays.com\/de\/612805\/","title":{"rendered":"Weihnachts- und Kunstmarkt an Chemnitzer Schmidt-Rottluff-M\u00fchle"},"content":{"rendered":"<p>An der Schmidt-Rottluff-M\u00fchle an der Limbacher Stra\u00dfe gibt es am Sonntagnachmittag von 13 bis 19 Uhr erstmals einen Weihnachts- und Kunstmarkt. Organisiert hat ihn der F\u00f6rderverein. Angeboten werden unter anderem Geschenkideen, die von Studenten der Kunsthochschule Schneeberg gestaltet wurden, Bilder und Druckgrafiken. F\u00fcr Kinder gibt\u2019s einen Schnitzworkshop und Bastelaktionen. Das elterliche M\u00fchle des ber\u00fchmten Malers Karl-Schmidt-Rottluff wurde vor einem Jahr nach langer Sanierungszeit wiederer\u00f6ffnet.<\/p>\n","protected":false},"excerpt":{"rendered":"An der Schmidt-Rottluff-M\u00fchle an der Limbacher Stra\u00dfe gibt es am Sonntagnachmittag von 13 bis 19 Uhr erstmals einen&hellip;\n","protected":false},"author":2,"featured_media":612806,"comment_status":"","ping_status":"","sticky":false,"template":"","format":"standard","meta":{"footnotes":""},"categories":[1851],"tags":[2770,3364,29,548,663,3934,30,13,14,15,859,12],"class_list":{"0":"post-612805","1":"post","2":"type-post","3":"status-publish","4":"format-standard","5":"has-post-thumbnail","7":"category-chemnitz","8":"tag-chemnitz","9":"tag-de","10":"tag-deutschland","11":"tag-eu","12":"tag-europa","13":"tag-europe","14":"tag-germany","15":"tag-headlines","16":"tag-nachrichten","17":"tag-news","18":"tag-sachsen","19":"tag-schlagzeilen"},"share_on_mastodon":{"url":"https:\/\/pubeurope.com\/@de\/115637539535230551","error":""},"_links":{"self":[{"href":"https:\/\/www.europesays.com\/de\/wp-json\/wp\/v2\/posts\/612805","targetHints":{"allow":["GET"]}}],"collection":[{"href":"https:\/\/www.europesays.com\/de\/wp-json\/wp\/v2\/posts"}],"about":[{"href":"https:\/\/www.europesays.com\/de\/wp-json\/wp\/v2\/types\/post"}],"author":[{"embeddable":true,"href":"https:\/\/www.europesays.com\/de\/wp-json\/wp\/v2\/users\/2"}],"replies":[{"embeddable":true,"href":"https:\/\/www.europesays.com\/de\/wp-json\/wp\/v2\/comments?post=612805"}],"version-history":[{"count":0,"href":"https:\/\/www.europesays.com\/de\/wp-json\/wp\/v2\/posts\/612805\/revisions"}],"wp:featuredmedia":[{"embeddable":true,"href":"https:\/\/www.europesays.com\/de\/wp-json\/wp\/v2\/media\/612806"}],"wp:attachment":[{"href":"https:\/\/www.europesays.com\/de\/wp-json\/wp\/v2\/media?parent=612805"}],"wp:term":[{"taxonomy":"category","embeddable":true,"href":"https:\/\/www.europesays.com\/de\/wp-json\/wp\/v2\/categories?post=612805"},{"taxonomy":"post_tag","embeddable":true,"href":"https:\/\/www.europesays.com\/de\/wp-json\/wp\/v2\/tags?post=612805"}],"curies":[{"name":"wp","href":"https:\/\/api.w.org\/{rel}","templated":true}]}}