{"id":612991,"date":"2025-11-30T09:37:13","date_gmt":"2025-11-30T09:37:13","guid":{"rendered":"https:\/\/www.europesays.com\/de\/612991\/"},"modified":"2025-11-30T09:37:13","modified_gmt":"2025-11-30T09:37:13","slug":"weg-von-microsoft-abgeordnete-fordern-digitale-souveraenitaet-im-eu-parlament","status":"publish","type":"post","link":"https:\/\/www.europesays.com\/de\/612991\/","title":{"rendered":"Weg von Microsoft: Abgeordnete fordern digitale Souver\u00e4nit\u00e4t im EU-Parlament"},"content":{"rendered":"<ol class=\"a-toc__list\">\n<li class=\"a-toc__item&#10;          &#10;            a-toc__item--counter&#10;          &#10;            a-toc__item--current\">\n<p>              Weg von Microsoft: Abgeordnete fordern digitale Souver\u00e4nit\u00e4t im EU-Parlament<\/p>\n<\/li>\n<\/ol>\n<p>    close notice<\/p>\n<p class=\"notice-banner__text a-u-mb-0\">\n      This article is also available in<br \/>\n        <a href=\"https:\/\/www.heise.de\/en\/news\/Away-from-Microsoft-MEPs-demand-digital-sovereignty-in-the-EU-Parliament-11097477.html\" class=\"notice-banner__link a-u-inline-link\" target=\"_blank\" rel=\"noopener\">English<\/a>.<\/p>\n<p>      It was translated with technical assistance and editorially reviewed before publication.\n    <\/p>\n<p class=\"notice-banner__link a-u-mb-0\">\n    Don\u2019t show this again.\n<\/p>\n<p>Angesichts wachsender Bedenken hinsichtlich einer \u00fcberm\u00e4\u00dfigen Abh\u00e4ngigkeit Europas von US-amerikanischen Tech-Giganten hat eine fraktions\u00fcbergreifende Gruppe von Abgeordneten die Verwaltung und die Spitze des EU-Parlaments mit Nachdruck aufgefordert, sich von der internen Nutzung von Microsoft-Software wie dem in der Kammer aktuell noch allgegenw\u00e4rtigen cloudbasierten Office-Paket 365 zu verabschieden. Stattdessen sollen europ\u00e4ische Alternativen eingef\u00fchrt werden.<\/p>\n<p>        Weiterlesen nach der Anzeige<\/p>\n<p>\u00dcber ein entsprechendes Schreiben berichten <a href=\"https:\/\/www.politico.eu\/article\/get-us-off-microsoft-eu-lawmakers-press-parliament-to-change-in-house-it\" rel=\"external noopener\" target=\"_blank\">Politico<\/a> und <a href=\"https:\/\/www.euractiv.com\/news\/parliament-must-buy-european-it-lawmakers-tell-metsola\" rel=\"external noopener\" target=\"_blank\">Euractiv<\/a>. Der Brief sollte demn\u00e4chst an Parlamentspr\u00e4sidentin Roberta Metsola \u00fcbermittelt werden.<\/p>\n<p>Mehr als nur Microsoft-Verzicht<\/p>\n<p>Der Appell kommt zu einer Zeit, in der die Dominanz weniger gro\u00dfer US-Konzerne zunehmend als Risiko f\u00fcr die Sicherheit und den Wohlstand Europas betrachtet wird. Zugleich verlangte die US-Regierung bei einem Treffen in Br\u00fcssel gerade erneut digitale Zugest\u00e4ndnisse von der EU. Die 38 Unterzeichner des Brandbriefs verlangen nicht nur den Verzicht auf Microsoft-Programme. Sie verweisen auch auf Bildschirme, Tastaturen und M\u00e4use von Dell, HP und LG, die in den IT-Systemen des Parlaments zum Einsatz kommen, als ersetzbare Technologie.<\/p>\n<p>&#8222;Mit seinen Tausenden von Mitarbeitern und seinen enormen Ressourcen ist das Europ\u00e4ische Parlament am besten positioniert, um den Vorsto\u00df f\u00fcr technologische Souver\u00e4nit\u00e4t voranzutreiben&#8220;, hei\u00dft es in dem Schreiben den Berichten zufolge. Die Volksvertreter betonen demnach, dass sich selbst &#8222;alte Freunde in Feinde verwandeln und deren Unternehmen zu einem politischen Werkzeug werden&#8220; k\u00f6nnten. Deshalb d\u00fcrfte sich die EU &#8222;diese Abh\u00e4ngigkeit von ausl\u00e4ndischer Technologie nicht leisten&#8220;. Sie solle auch nicht weiter &#8222;Milliarden von Steuergeldern ins Ausland&#8220; \u00fcberweisen.<\/p>\n<p>Auch Windows soll weichen<\/p>\n<p>Die Parlamentarier f\u00fchren eine breite Palette europ\u00e4ischer Alternativen an, die sie f\u00fcr praktikable L\u00f6sungen halten. Darunter ist der norwegische Internetbrowser Vivaldi, die franz\u00f6sische Suchmaschine Qwant, die sichere Schweizer E-Mail-Suite Proton und die deutsche Kollaborationsplattform Nextcloud. Das Bundesdigitalministerium <a href=\"https:\/\/www.heise.de\/news\/Bundesregierung-Deutschland-ist-in-Technologiebereichen-von-US-Firmen-abhaengig-10590651.html\" target=\"_blank\" rel=\"noopener\">verwies j\u00fcngst etwa<\/a> auch auf die Weiterentwicklung und Etablierung <a href=\"https:\/\/www.heise.de\/news\/openDesk-B1-und-StackIT-bieten-Enterprise-Variante-der-Microsoft-Alternative-9847471.html\" target=\"_blank\" rel=\"noopener\">der L\u00f6sung OpenDesk<\/a>, die als Alternative f\u00fcr MS 365 gilt.<\/p>\n<p>&#8222;Unser mittelfristiges Ziel sollte die vollst\u00e4ndige Ausmusterung von Microsoft-Produkten, einschlie\u00dflich des Betriebssystems Windows, sein. Das ist einfacher, als es sich anh\u00f6rt&#8220;, r\u00e4umen die Abgeordneten ein. Sie loben in diesem Zusammenhang auch den j\u00fcngsten Schritt des Internationalen Strafgerichtshofs (IStGH), der sich <a href=\"https:\/\/www.heise.de\/news\/Wie-ein-franzoesischer-Richter-von-den-USA-digital-abgeklemmt-wurde-11087453.html\" target=\"_blank\" rel=\"noopener\">aufgrund von US-Sanktionen<\/a> von <a href=\"https:\/\/www.heise.de\/news\/Internationaler-Strafgerichtshof-wirft-Microsoft-raus-10964080.html\" target=\"_blank\" rel=\"noopener\">Microsoft getrennt und f\u00fcr OpenDesk entschieden hat<\/a>.<\/p>\n<p>        Weiterlesen nach der Anzeige<\/p>\n<p>Zu den Unterzeichnern geh\u00f6ren einflussreiche Mitglieder aus allen gro\u00dfen Fraktionen wie Aura Salla (EVP), Birgit Sippel (SPD), Marie-Agnes Strack-Zimmermann (Liberale), die Gr\u00fcne Alexandra Geese und die Linke Le\u00efla Chaibi.<\/p>\n<p>Im Fuhrpark herrscht &#8222;made in EU&#8220; vor<\/p>\n<p>Als Beispiel f\u00fcr die Machbarkeit f\u00fchren die Abgeordneten an: &#8222;Der Fuhrpark des Parlaments besteht fast ausschlie\u00dflich aus Autos europ\u00e4ischer Marken. Das Gleiche kann f\u00fcr Computer-Endprodukte nachgeahmt werden.&#8220; Sie dr\u00e4ngen auf die Einrichtung einer Arbeitsgruppe aus Abgeordneten und Parlamentsmitarbeitern, die diesen \u00dcbergang begleiten und \u00fcberwachen soll. Dazu kommt die Ansage: &#8222;Mit gen\u00fcgend politischem Willen werden wir diese Institution bis zum Ende der Legislaturperiode von der Gefahr der Abh\u00e4ngigkeit von ausl\u00e4ndischer Technologie befreit haben.&#8220;<\/p>\n<p>Der \u00f6sterreichische Liberale Helmut Brandst\u00e4tter, der die Initiative koordiniert, erl\u00e4uterte: Aktuell laufe das Parlament &#8222;mit ausl\u00e4ndischer Software, die \u00fcber Nacht abgeschaltet, \u00fcberwacht oder politisch instrumentalisiert werden kann. Das ist nicht nur unpraktisch, sondern eine strategische Schwachstelle.&#8220; Er hob hervor, vorgesehen sei keine &#8222;anti-amerikanische&#8220;, sondern eine &#8222;pro-europ\u00e4ische Souver\u00e4nit\u00e4tsma\u00dfnahme&#8220;.<\/p>\n<p>Vergangene Woche unterst\u00fctzte Deutschland auf einem Gipfel in Berlin die bereits langj\u00e4hrigen Forderungen Frankreichs, <a href=\"https:\/\/www.heise.de\/news\/Souveraenitaetsgipfel-Merz-und-Macron-proben-den-Schulterschluss-11083979.html\" target=\"_blank\" rel=\"noopener\">Europa technologisch unabh\u00e4ngiger von den USA zu machen und einen eigenen Weg zur digitalen Souver\u00e4nit\u00e4t einzuschlagen<\/a>. Ein Sprecher von Microsoft konterte, der US-Konzern sei &#8222;stolz darauf, die umfassendsten Souver\u00e4nit\u00e4tsl\u00f6sungen auf dem heutigen Markt anzubieten&#8220;. Das Unternehmen wolle weiterhin sicherstellen, dass das EU-Parlament und andere europ\u00e4ischen Kunden &#8222;die Optionen und Sicherheiten haben, die sie ben\u00f6tigen, um vertrauensvoll arbeiten zu k\u00f6nnen&#8220;.<\/p>\n<p>        Lesen Sie auchMehr anzeigenWeniger anzeigen<\/p>\n<p>(<a class=\"redakteurskuerzel__link\" href=\"https:\/\/www.heise.de\/news\/mailto:nen@heise.de\" title=\"Niklas Jan Engelking\" target=\"_blank\" rel=\"noopener\">nen<\/a>)<\/p>\n<p>\n      Dieser Link ist leider nicht mehr g\u00fcltig.\n    <\/p>\n<p>Links zu verschenkten Artikeln werden ung\u00fcltig,<br \/>\n      wenn diese \u00e4lter als 7\u00a0Tage sind oder zu oft aufgerufen wurden.\n    <\/p>\n<p><strong>Sie ben\u00f6tigen ein heise+ Paket, um diesen Artikel zu lesen. Jetzt eine Woche unverbindlich testen \u2013 ohne Verpflichtung!<\/strong><\/p>\n","protected":false},"excerpt":{"rendered":"Weg von Microsoft: Abgeordnete fordern digitale Souver\u00e4nit\u00e4t im EU-Parlament close notice This article is also available in English.&hellip;\n","protected":false},"author":2,"featured_media":612992,"comment_status":"","ping_status":"","sticky":false,"template":"","format":"standard","meta":{"footnotes":""},"categories":[3933],"tags":[331,332,32257,548,663,158,3934,3935,13,196,199,14,15,12,55],"class_list":{"0":"post-612991","1":"post","2":"type-post","3":"status-publish","4":"format-standard","5":"has-post-thumbnail","7":"category-eu","8":"tag-aktuelle-nachrichten","9":"tag-aktuelle-news","10":"tag-digitale-souveraenitaet","11":"tag-eu","12":"tag-europa","13":"tag-europaeische-union","14":"tag-europe","15":"tag-european-union","16":"tag-headlines","17":"tag-it","18":"tag-microsoft","19":"tag-nachrichten","20":"tag-news","21":"tag-schlagzeilen","22":"tag-wirtschaft"},"share_on_mastodon":{"url":"https:\/\/pubeurope.com\/@de\/115637979903556036","error":""},"_links":{"self":[{"href":"https:\/\/www.europesays.com\/de\/wp-json\/wp\/v2\/posts\/612991","targetHints":{"allow":["GET"]}}],"collection":[{"href":"https:\/\/www.europesays.com\/de\/wp-json\/wp\/v2\/posts"}],"about":[{"href":"https:\/\/www.europesays.com\/de\/wp-json\/wp\/v2\/types\/post"}],"author":[{"embeddable":true,"href":"https:\/\/www.europesays.com\/de\/wp-json\/wp\/v2\/users\/2"}],"replies":[{"embeddable":true,"href":"https:\/\/www.europesays.com\/de\/wp-json\/wp\/v2\/comments?post=612991"}],"version-history":[{"count":0,"href":"https:\/\/www.europesays.com\/de\/wp-json\/wp\/v2\/posts\/612991\/revisions"}],"wp:featuredmedia":[{"embeddable":true,"href":"https:\/\/www.europesays.com\/de\/wp-json\/wp\/v2\/media\/612992"}],"wp:attachment":[{"href":"https:\/\/www.europesays.com\/de\/wp-json\/wp\/v2\/media?parent=612991"}],"wp:term":[{"taxonomy":"category","embeddable":true,"href":"https:\/\/www.europesays.com\/de\/wp-json\/wp\/v2\/categories?post=612991"},{"taxonomy":"post_tag","embeddable":true,"href":"https:\/\/www.europesays.com\/de\/wp-json\/wp\/v2\/tags?post=612991"}],"curies":[{"name":"wp","href":"https:\/\/api.w.org\/{rel}","templated":true}]}}